{"id":2353,"date":"2025-01-08T10:43:10","date_gmt":"2025-01-08T13:43:10","guid":{"rendered":"https:\/\/noticiasdefato.net\/?p=2353"},"modified":"2025-01-08T10:43:10","modified_gmt":"2025-01-08T13:43:10","slug":"cadastro-escolar-ultimos-dias-para-rede-estadual","status":"publish","type":"post","link":"https:\/\/noticiasdefato.net\/?p=2353","title":{"rendered":"CADASTRO ESCOLAR: \u00daLTIMOS DIAS PARA REDE ESTADUAL"},"content":{"rendered":"\n<p><em>Respons\u00e1veis e estudantes maiores de idade t\u00eam at\u00e9 a pr\u00f3xima sexta-feira (10\/1) para apresentar documentos e efetivar a matr\u00edcula na escola indicada pelo Sucem.<\/em><\/p>\n\n\n\n<p>O prazo de confirma\u00e7\u00e3o das matr\u00edculas do Cadastro Escolar 2025 est\u00e1 chegando ao fim. Os inscritos no Sistema \u00danico de Cadastro e Encaminhamento para Matr\u00edcula (Sucem) devem comparecer \u00e0 institui\u00e7\u00e3o designada da rede estadual de ensino at\u00e9 a pr\u00f3xima sexta-feira (10\/1) para confirmar a sua vaga.<\/p>\n\n\n\n<p>O resultado da aloca\u00e7\u00e3o de vagas foi publicado no dia 4\/12 de 2024, e os inscritos podem consultar a escola de encaminhamento no site do&nbsp;<a href=\"https:\/\/cadastroescolar.educacao.mg.gov.br\/\" target=\"_blank\" rel=\"noreferrer noopener\">Cadastro Escolar<\/a>.&nbsp;<\/p>\n\n\n\n<p>A subsecret\u00e1ria de Articula\u00e7\u00e3o Educacional, Cl\u00e1udia Lara, ressalta a import\u00e2ncia do prazo de matr\u00edcula. \u201c\u00c9 fundamental que todos os pais ou estudantes acessem o site do Cadastro Escolar para confirmar a escola \u00e0 qual foram encaminhados antes de realizar a matr\u00edcula. Caso um estudante n\u00e3o cumpra esse prazo, perder\u00e1 a oportunidade de garantir uma vaga pr\u00f3xima de sua resid\u00eancia, que foi destinada a ele\u201d.&nbsp;<\/p>\n\n\n\n<p><strong>Documentos Necess\u00e1rios<\/strong><\/p>\n\n\n\n<p>Para comprovar os dados informados na inscri\u00e7\u00e3o do Cadastro Escolar, os pais, respons\u00e1veis ou os pr\u00f3prios estudantes, quando maiores de idade, devem comparecer \u00e0 escola portando os documentos que constam na&nbsp;<a href=\"https:\/\/www.educacao.mg.gov.br\/wp-content\/uploads\/2024\/09\/5058-24-r-Public.-10-09-24.pdf\" target=\"_blank\" rel=\"noreferrer noopener\">Resolu\u00e7\u00e3o SEE N\u00ba 5.058<\/a>, que seguem, abaixo:<\/p>\n\n\n\n<ul class=\"wp-block-list\">\n<li>Documento de Identidade (ou equivalente como Certid\u00e3o de Nascimento\/Casamento do estudante) \u2013 Original e c\u00f3pia;<\/li>\n\n\n\n<li>CPF \u2013 Original e c\u00f3pia;<\/li>\n\n\n\n<li>Comprovante de Resid\u00eancia em nome de um dos pais\/respons\u00e1veis ou do estudante, caso seja maior de idade;<\/li>\n\n\n\n<li>Hist\u00f3rico Escolar ou Declara\u00e7\u00e3o de Transfer\u00eancia para o candidato\/estudante contemplado com vaga a partir do 2\u00ba ano do Ensino Fundamental, com indica\u00e7\u00e3o do ano de escolaridade que est\u00e1 habilitado a cursar em 2025, ficando o documento original na escola;<\/li>\n\n\n\n<li>Hist\u00f3rico Escolar ou Declara\u00e7\u00e3o de Conclus\u00e3o do Ensino M\u00e9dio ou Parecer da Secretaria de Estado de Educa\u00e7\u00e3o e publica\u00e7\u00e3o de Equival\u00eancia de Estudos, conclu\u00eddos no exterior, ao Ensino M\u00e9dio brasileiro, para o candidato\/estudante que for ingressar no curso t\u00e9cnico na forma subsequente;<\/li>\n\n\n\n<li>Hist\u00f3rico Escolar ou Declara\u00e7\u00e3o de Escolaridade, comprovando matr\u00edcula no Ensino M\u00e9dio, para o estudante que for ingressar no curso t\u00e9cnico na forma concomitante;<\/li>\n\n\n\n<li>Cart\u00e3o da Crian\u00e7a atualizado ou Caderneta de Sa\u00fade atualizada para os estudantes com at\u00e9 10 anos de idade, original e c\u00f3pia.\u00a0<\/li>\n<\/ul>\n\n\n\n<p>Os candidatos podem conferir para qual escola o estudante foi direcionado pelo site do Cadastro Escolar. As secretarias das escolas estaduais atendem de segunda a sexta-feira, das 8h \u00e0s 17h.<\/p>\n\n\n\n<p>Caso o estudante tenha sido direcionado para uma escola da rede municipal, a fam\u00edlia deve observar os prazos definidos por cada cidade e entrar em contato com a Secretaria Municipal de Educa\u00e7\u00e3o para efetivar a matr\u00edcula.<\/p>\n\n\n\n<p><strong>Vagas remanescentes<\/strong><\/p>\n\n\n\n<p>Os estudantes que perderam o prazo de inscri\u00e7\u00e3o entre os meses de outubro e novembro, poder\u00e3o tentar uma vaga a partir de 21 at\u00e9 31\/1 de 2025, no pr\u00f3prio site do Cadastro Escolar. Nesse caso, o encaminhamento depender\u00e1 da disponibilidade de vagas nas escolas pr\u00f3ximas ao endere\u00e7o informado.<\/p>\n\n\n\n<p><strong>Ano letivo 2025<\/strong><\/p>\n\n\n\n<p>Conforme publicado em outubro no Di\u00e1rio Oficial de Minas Gerais, a Resolu\u00e7\u00e3o SEE N\u00ba 5.056\/2024, que estabelece o Calend\u00e1rio Escolar de 2025 da rede estadual p\u00fablica de ensino, o ano letivo ter\u00e1 in\u00edcio no dia 10\/2, em todas as mais de 3.400 escolas da rede estadual.<\/p>\n\n\n\n<p><strong>Por:<\/strong> Ag\u00eancia Minas<\/p>\n","protected":false},"excerpt":{"rendered":"<p>Respons\u00e1veis e estudantes maiores de idade t\u00eam at\u00e9 a pr\u00f3xima sexta-feira (10\/1) para apresentar documentos e efetivar a matr\u00edcula na escola indicada pelo Sucem. <a href=\"https:\/\/noticiasdefato.net\/?p=2353\" class=\"more-link\">Continuar lendo <span class=\"screen-reader-text\">CADASTRO ESCOLAR: \u00daLTIMOS DIAS PARA REDE ESTADUAL<\/span><\/a><\/p>\n","protected":false},"author":1,"featured_media":2354,"comment_status":"open","ping_status":"open","sticky":false,"template":"","format":"standard","meta":{"footnotes":""},"categories":[15,20],"tags":[],"class_list":["post-2353","post","type-post","status-publish","format-standard","has-post-thumbnail","hentry","category-destaques","category-educacao"],"yoast_head":"<!-- This site is optimized with the Yoast SEO plugin v23.2 - https:\/\/yoast.com\/wordpress\/plugins\/seo\/ -->\n<title>CADASTRO ESCOLAR: \u00daLTIMOS DIAS PARA REDE ESTADUAL - Not\u00edcias de Fato<\/title>\n<meta name=\"description\" content=\"Respons\u00e1veis e estudantes maiores de idade t\u00eam at\u00e9 a pr\u00f3xima sexta-feira (10\/1) para apresentar documentos e efetivar a matr\u00edcula na escola indicada pelo Sucem.\" \/>\n<meta name=\"robots\" content=\"index, follow, max-snippet:-1, max-image-preview:large, max-video-preview:-1\" \/>\n<link rel=\"canonical\" href=\"https:\/\/noticiasdefato.net\/?p=2353\" \/>\n<meta property=\"og:locale\" content=\"pt_BR\" \/>\n<meta property=\"og:type\" content=\"article\" \/>\n<meta property=\"og:title\" content=\"CADASTRO ESCOLAR: \u00daLTIMOS DIAS PARA REDE ESTADUAL - Not\u00edcias de Fato\" \/>\n<meta property=\"og:description\" content=\"Respons\u00e1veis e estudantes maiores de idade t\u00eam at\u00e9 a pr\u00f3xima sexta-feira (10\/1) para apresentar documentos e efetivar a matr\u00edcula na escola indicada pelo Sucem.\" \/>\n<meta property=\"og:url\" content=\"https:\/\/noticiasdefato.net\/?p=2353\" \/>\n<meta property=\"og:site_name\" content=\"Not\u00edcias de Fato\" \/>\n<meta property=\"article:publisher\" content=\"https:\/\/fb.com\/noticiasdefato.jornal\" \/>\n<meta property=\"article:author\" content=\"http:\/\/fb.com\/\/noticiasdefato.jornal\" \/>\n<meta property=\"article:published_time\" content=\"2025-01-08T13:43:10+00:00\" \/>\n<meta property=\"og:image\" content=\"https:\/\/noticiasdefato.net\/wp-content\/uploads\/2025\/01\/image-8.png\" \/>\n\t<meta property=\"og:image:width\" content=\"940\" \/>\n\t<meta property=\"og:image:height\" content=\"350\" \/>\n\t<meta property=\"og:image:type\" content=\"image\/png\" \/>\n<meta name=\"author\" content=\"Noticias de Fato\" \/>\n<meta name=\"twitter:card\" content=\"summary_large_image\" \/>\n<meta name=\"twitter:creator\" content=\"@https:\/\/twitter.com\/NoticiasDeFato_\" \/>\n<meta name=\"twitter:site\" content=\"@noticiasdefato_\" \/>\n<meta name=\"twitter:label1\" content=\"Escrito por\" \/>\n\t<meta name=\"twitter:data1\" content=\"Noticias de Fato\" \/>\n\t<meta name=\"twitter:label2\" content=\"Est. tempo de leitura\" \/>\n\t<meta name=\"twitter:data2\" content=\"4 minutos\" \/>\n<script type=\"application\/ld+json\" class=\"yoast-schema-graph\">{\"@context\":\"https:\/\/schema.org\",\"@graph\":[{\"@type\":\"Article\",\"@id\":\"https:\/\/noticiasdefato.net\/?p=2353#article\",\"isPartOf\":{\"@id\":\"https:\/\/noticiasdefato.net\/?p=2353\"},\"author\":{\"name\":\"Noticias de Fato\",\"@id\":\"https:\/\/noticiasdefato.net\/#\/schema\/person\/982ce60211d95acf059cd702aa260d08\"},\"headline\":\"CADASTRO ESCOLAR: \u00daLTIMOS DIAS PARA REDE ESTADUAL\",\"datePublished\":\"2025-01-08T13:43:10+00:00\",\"dateModified\":\"2025-01-08T13:43:10+00:00\",\"mainEntityOfPage\":{\"@id\":\"https:\/\/noticiasdefato.net\/?p=2353\"},\"wordCount\":589,\"commentCount\":0,\"publisher\":{\"@id\":\"https:\/\/noticiasdefato.net\/#organization\"},\"image\":{\"@id\":\"https:\/\/noticiasdefato.net\/?p=2353#primaryimage\"},\"thumbnailUrl\":\"https:\/\/noticiasdefato.net\/wp-content\/uploads\/2025\/01\/image-8.png\",\"articleSection\":[\"Destaques\",\"Educa\u00e7\u00e3o\"],\"inLanguage\":\"pt-BR\",\"potentialAction\":[{\"@type\":\"CommentAction\",\"name\":\"Comment\",\"target\":[\"https:\/\/noticiasdefato.net\/?p=2353#respond\"]}]},{\"@type\":\"WebPage\",\"@id\":\"https:\/\/noticiasdefato.net\/?p=2353\",\"url\":\"https:\/\/noticiasdefato.net\/?p=2353\",\"name\":\"CADASTRO ESCOLAR: \u00daLTIMOS DIAS PARA REDE ESTADUAL - Not\u00edcias de Fato\",\"isPartOf\":{\"@id\":\"https:\/\/noticiasdefato.net\/#website\"},\"primaryImageOfPage\":{\"@id\":\"https:\/\/noticiasdefato.net\/?p=2353#primaryimage\"},\"image\":{\"@id\":\"https:\/\/noticiasdefato.net\/?p=2353#primaryimage\"},\"thumbnailUrl\":\"https:\/\/noticiasdefato.net\/wp-content\/uploads\/2025\/01\/image-8.png\",\"datePublished\":\"2025-01-08T13:43:10+00:00\",\"dateModified\":\"2025-01-08T13:43:10+00:00\",\"description\":\"Respons\u00e1veis e estudantes maiores de idade t\u00eam at\u00e9 a pr\u00f3xima sexta-feira (10\/1) para apresentar documentos e efetivar a matr\u00edcula na escola indicada pelo Sucem.\",\"breadcrumb\":{\"@id\":\"https:\/\/noticiasdefato.net\/?p=2353#breadcrumb\"},\"inLanguage\":\"pt-BR\",\"potentialAction\":[{\"@type\":\"ReadAction\",\"target\":[\"https:\/\/noticiasdefato.net\/?p=2353\"]}]},{\"@type\":\"ImageObject\",\"inLanguage\":\"pt-BR\",\"@id\":\"https:\/\/noticiasdefato.net\/?p=2353#primaryimage\",\"url\":\"https:\/\/noticiasdefato.net\/wp-content\/uploads\/2025\/01\/image-8.png\",\"contentUrl\":\"https:\/\/noticiasdefato.net\/wp-content\/uploads\/2025\/01\/image-8.png\",\"width\":940,\"height\":350},{\"@type\":\"BreadcrumbList\",\"@id\":\"https:\/\/noticiasdefato.net\/?p=2353#breadcrumb\",\"itemListElement\":[{\"@type\":\"ListItem\",\"position\":1,\"name\":\"In\u00edcio\",\"item\":\"https:\/\/noticiasdefato.net\/\"},{\"@type\":\"ListItem\",\"position\":2,\"name\":\"CADASTRO ESCOLAR: \u00daLTIMOS DIAS PARA REDE ESTADUAL\"}]},{\"@type\":\"WebSite\",\"@id\":\"https:\/\/noticiasdefato.net\/#website\",\"url\":\"https:\/\/noticiasdefato.net\/\",\"name\":\"Not\u00edcias de Fato\",\"description\":\"Trabalhamos com honestidade, seriedade e com a verdade.\",\"publisher\":{\"@id\":\"https:\/\/noticiasdefato.net\/#organization\"},\"potentialAction\":[{\"@type\":\"SearchAction\",\"target\":{\"@type\":\"EntryPoint\",\"urlTemplate\":\"https:\/\/noticiasdefato.net\/?s={search_term_string}\"},\"query-input\":\"required name=search_term_string\"}],\"inLanguage\":\"pt-BR\"},{\"@type\":\"Organization\",\"@id\":\"https:\/\/noticiasdefato.net\/#organization\",\"name\":\"Not\u00edcias de Fato\",\"url\":\"https:\/\/noticiasdefato.net\/\",\"logo\":{\"@type\":\"ImageObject\",\"inLanguage\":\"pt-BR\",\"@id\":\"https:\/\/noticiasdefato.net\/#\/schema\/logo\/image\/\",\"url\":\"https:\/\/noticiasdefato.net\/wp-content\/uploads\/2024\/02\/cropped-logo_topo.png\",\"contentUrl\":\"https:\/\/noticiasdefato.net\/wp-content\/uploads\/2024\/02\/cropped-logo_topo.png\",\"width\":1948,\"height\":665,\"caption\":\"Not\u00edcias de Fato\"},\"image\":{\"@id\":\"https:\/\/noticiasdefato.net\/#\/schema\/logo\/image\/\"},\"sameAs\":[\"https:\/\/fb.com\/noticiasdefato.jornal\",\"https:\/\/x.com\/noticiasdefato_\",\"https:\/\/instagram.com\/noticiasdefato.jornal\",\"https:\/\/youtube.com\/@JornalNoticiasDeFato\"]},{\"@type\":\"Person\",\"@id\":\"https:\/\/noticiasdefato.net\/#\/schema\/person\/982ce60211d95acf059cd702aa260d08\",\"name\":\"Noticias de Fato\",\"image\":{\"@type\":\"ImageObject\",\"inLanguage\":\"pt-BR\",\"@id\":\"https:\/\/noticiasdefato.net\/#\/schema\/person\/image\/\",\"url\":\"https:\/\/secure.gravatar.com\/avatar\/700227fab2316f0366a1b5d4988d10f847249cf13293450527ac9553c994611a?s=96&d=mm&r=g\",\"contentUrl\":\"https:\/\/secure.gravatar.com\/avatar\/700227fab2316f0366a1b5d4988d10f847249cf13293450527ac9553c994611a?s=96&d=mm&r=g\",\"caption\":\"Noticias de Fato\"},\"sameAs\":[\"https:\/\/noticiasdefato.net\",\"http:\/\/fb.com\/\/noticiasdefato.jornal\",\"https:\/\/x.com\/https:\/\/twitter.com\/NoticiasDeFato_\"],\"url\":\"https:\/\/noticiasdefato.net\/?author=1\"}]}<\/script>\n<!-- \/ Yoast SEO plugin. -->","yoast_head_json":{"title":"CADASTRO ESCOLAR: \u00daLTIMOS DIAS PARA REDE ESTADUAL - Not\u00edcias de Fato","description":"Respons\u00e1veis e estudantes maiores de idade t\u00eam at\u00e9 a pr\u00f3xima sexta-feira (10\/1) para apresentar documentos e efetivar a matr\u00edcula na escola indicada pelo Sucem.","robots":{"index":"index","follow":"follow","max-snippet":"max-snippet:-1","max-image-preview":"max-image-preview:large","max-video-preview":"max-video-preview:-1"},"canonical":"https:\/\/noticiasdefato.net\/?p=2353","og_locale":"pt_BR","og_type":"article","og_title":"CADASTRO ESCOLAR: \u00daLTIMOS DIAS PARA REDE ESTADUAL - Not\u00edcias de Fato","og_description":"Respons\u00e1veis e estudantes maiores de idade t\u00eam at\u00e9 a pr\u00f3xima sexta-feira (10\/1) para apresentar documentos e efetivar a matr\u00edcula na escola indicada pelo Sucem.","og_url":"https:\/\/noticiasdefato.net\/?p=2353","og_site_name":"Not\u00edcias de Fato","article_publisher":"https:\/\/fb.com\/noticiasdefato.jornal","article_author":"http:\/\/fb.com\/\/noticiasdefato.jornal","article_published_time":"2025-01-08T13:43:10+00:00","og_image":[{"width":940,"height":350,"url":"https:\/\/noticiasdefato.net\/wp-content\/uploads\/2025\/01\/image-8.png","type":"image\/png"}],"author":"Noticias de Fato","twitter_card":"summary_large_image","twitter_creator":"@https:\/\/twitter.com\/NoticiasDeFato_","twitter_site":"@noticiasdefato_","twitter_misc":{"Escrito por":"Noticias de Fato","Est. tempo de leitura":"4 minutos"},"schema":{"@context":"https:\/\/schema.org","@graph":[{"@type":"Article","@id":"https:\/\/noticiasdefato.net\/?p=2353#article","isPartOf":{"@id":"https:\/\/noticiasdefato.net\/?p=2353"},"author":{"name":"Noticias de Fato","@id":"https:\/\/noticiasdefato.net\/#\/schema\/person\/982ce60211d95acf059cd702aa260d08"},"headline":"CADASTRO ESCOLAR: \u00daLTIMOS DIAS PARA REDE ESTADUAL","datePublished":"2025-01-08T13:43:10+00:00","dateModified":"2025-01-08T13:43:10+00:00","mainEntityOfPage":{"@id":"https:\/\/noticiasdefato.net\/?p=2353"},"wordCount":589,"commentCount":0,"publisher":{"@id":"https:\/\/noticiasdefato.net\/#organization"},"image":{"@id":"https:\/\/noticiasdefato.net\/?p=2353#primaryimage"},"thumbnailUrl":"https:\/\/noticiasdefato.net\/wp-content\/uploads\/2025\/01\/image-8.png","articleSection":["Destaques","Educa\u00e7\u00e3o"],"inLanguage":"pt-BR","potentialAction":[{"@type":"CommentAction","name":"Comment","target":["https:\/\/noticiasdefato.net\/?p=2353#respond"]}]},{"@type":"WebPage","@id":"https:\/\/noticiasdefato.net\/?p=2353","url":"https:\/\/noticiasdefato.net\/?p=2353","name":"CADASTRO ESCOLAR: \u00daLTIMOS DIAS PARA REDE ESTADUAL - Not\u00edcias de Fato","isPartOf":{"@id":"https:\/\/noticiasdefato.net\/#website"},"primaryImageOfPage":{"@id":"https:\/\/noticiasdefato.net\/?p=2353#primaryimage"},"image":{"@id":"https:\/\/noticiasdefato.net\/?p=2353#primaryimage"},"thumbnailUrl":"https:\/\/noticiasdefato.net\/wp-content\/uploads\/2025\/01\/image-8.png","datePublished":"2025-01-08T13:43:10+00:00","dateModified":"2025-01-08T13:43:10+00:00","description":"Respons\u00e1veis e estudantes maiores de idade t\u00eam at\u00e9 a pr\u00f3xima sexta-feira (10\/1) para apresentar documentos e efetivar a matr\u00edcula na escola indicada pelo Sucem.","breadcrumb":{"@id":"https:\/\/noticiasdefato.net\/?p=2353#breadcrumb"},"inLanguage":"pt-BR","potentialAction":[{"@type":"ReadAction","target":["https:\/\/noticiasdefato.net\/?p=2353"]}]},{"@type":"ImageObject","inLanguage":"pt-BR","@id":"https:\/\/noticiasdefato.net\/?p=2353#primaryimage","url":"https:\/\/noticiasdefato.net\/wp-content\/uploads\/2025\/01\/image-8.png","contentUrl":"https:\/\/noticiasdefato.net\/wp-content\/uploads\/2025\/01\/image-8.png","width":940,"height":350},{"@type":"BreadcrumbList","@id":"https:\/\/noticiasdefato.net\/?p=2353#breadcrumb","itemListElement":[{"@type":"ListItem","position":1,"name":"In\u00edcio","item":"https:\/\/noticiasdefato.net\/"},{"@type":"ListItem","position":2,"name":"CADASTRO ESCOLAR: \u00daLTIMOS DIAS PARA REDE ESTADUAL"}]},{"@type":"WebSite","@id":"https:\/\/noticiasdefato.net\/#website","url":"https:\/\/noticiasdefato.net\/","name":"Not\u00edcias de Fato","description":"Trabalhamos com honestidade, seriedade e com a verdade.","publisher":{"@id":"https:\/\/noticiasdefato.net\/#organization"},"potentialAction":[{"@type":"SearchAction","target":{"@type":"EntryPoint","urlTemplate":"https:\/\/noticiasdefato.net\/?s={search_term_string}"},"query-input":"required name=search_term_string"}],"inLanguage":"pt-BR"},{"@type":"Organization","@id":"https:\/\/noticiasdefato.net\/#organization","name":"Not\u00edcias de Fato","url":"https:\/\/noticiasdefato.net\/","logo":{"@type":"ImageObject","inLanguage":"pt-BR","@id":"https:\/\/noticiasdefato.net\/#\/schema\/logo\/image\/","url":"https:\/\/noticiasdefato.net\/wp-content\/uploads\/2024\/02\/cropped-logo_topo.png","contentUrl":"https:\/\/noticiasdefato.net\/wp-content\/uploads\/2024\/02\/cropped-logo_topo.png","width":1948,"height":665,"caption":"Not\u00edcias de Fato"},"image":{"@id":"https:\/\/noticiasdefato.net\/#\/schema\/logo\/image\/"},"sameAs":["https:\/\/fb.com\/noticiasdefato.jornal","https:\/\/x.com\/noticiasdefato_","https:\/\/instagram.com\/noticiasdefato.jornal","https:\/\/youtube.com\/@JornalNoticiasDeFato"]},{"@type":"Person","@id":"https:\/\/noticiasdefato.net\/#\/schema\/person\/982ce60211d95acf059cd702aa260d08","name":"Noticias de Fato","image":{"@type":"ImageObject","inLanguage":"pt-BR","@id":"https:\/\/noticiasdefato.net\/#\/schema\/person\/image\/","url":"https:\/\/secure.gravatar.com\/avatar\/700227fab2316f0366a1b5d4988d10f847249cf13293450527ac9553c994611a?s=96&d=mm&r=g","contentUrl":"https:\/\/secure.gravatar.com\/avatar\/700227fab2316f0366a1b5d4988d10f847249cf13293450527ac9553c994611a?s=96&d=mm&r=g","caption":"Noticias de Fato"},"sameAs":["https:\/\/noticiasdefato.net","http:\/\/fb.com\/\/noticiasdefato.jornal","https:\/\/x.com\/https:\/\/twitter.com\/NoticiasDeFato_"],"url":"https:\/\/noticiasdefato.net\/?author=1"}]}},"_links":{"self":[{"href":"https:\/\/noticiasdefato.net\/index.php?rest_route=\/wp\/v2\/posts\/2353","targetHints":{"allow":["GET"]}}],"collection":[{"href":"https:\/\/noticiasdefato.net\/index.php?rest_route=\/wp\/v2\/posts"}],"about":[{"href":"https:\/\/noticiasdefato.net\/index.php?rest_route=\/wp\/v2\/types\/post"}],"author":[{"embeddable":true,"href":"https:\/\/noticiasdefato.net\/index.php?rest_route=\/wp\/v2\/users\/1"}],"replies":[{"embeddable":true,"href":"https:\/\/noticiasdefato.net\/index.php?rest_route=%2Fwp%2Fv2%2Fcomments&post=2353"}],"version-history":[{"count":1,"href":"https:\/\/noticiasdefato.net\/index.php?rest_route=\/wp\/v2\/posts\/2353\/revisions"}],"predecessor-version":[{"id":2355,"href":"https:\/\/noticiasdefato.net\/index.php?rest_route=\/wp\/v2\/posts\/2353\/revisions\/2355"}],"wp:featuredmedia":[{"embeddable":true,"href":"https:\/\/noticiasdefato.net\/index.php?rest_route=\/wp\/v2\/media\/2354"}],"wp:attachment":[{"href":"https:\/\/noticiasdefato.net\/index.php?rest_route=%2Fwp%2Fv2%2Fmedia&parent=2353"}],"wp:term":[{"taxonomy":"category","embeddable":true,"href":"https:\/\/noticiasdefato.net\/index.php?rest_route=%2Fwp%2Fv2%2Fcategories&post=2353"},{"taxonomy":"post_tag","embeddable":true,"href":"https:\/\/noticiasdefato.net\/index.php?rest_route=%2Fwp%2Fv2%2Ftags&post=2353"}],"curies":[{"name":"wp","href":"https:\/\/api.w.org\/{rel}","templated":true}]}}