{"id":2363,"date":"2025-01-08T15:53:01","date_gmt":"2025-01-08T18:53:01","guid":{"rendered":"https:\/\/noticiasdefato.net\/?p=2363"},"modified":"2025-01-08T15:53:01","modified_gmt":"2025-01-08T18:53:01","slug":"alfenas-e-43-cidades-decretam-emergencia-em-mg","status":"publish","type":"post","link":"https:\/\/noticiasdefato.net\/?p=2363","title":{"rendered":"ALFENAS E 43 CIDADES DECRETAM EMERG\u00caNCIA EM MG"},"content":{"rendered":"\n<p><em>Com o decreto de anormalidade municipal reconhecido pelo Estado, as cidades t\u00eam facilidade na capta\u00e7\u00e3o de recursos estaduais e federais para a reconstru\u00e7\u00e3o das estruturas danificadas pelas chuvas.<\/em><\/p>\n\n\n\n<p>Estado j\u00e1 registrou 11 mortes, 183 desabrigados e 1.268 desalojados no atual per\u00edodo chuvoso.<\/p>\n\n\n\n<p>Subiu para 44 o n\u00famero de cidades que decretaram situa\u00e7\u00e3o de emerg\u00eancia em Minas Gerais devido \u00e0s\u00a0chuvas. A informa\u00e7\u00e3o foi divulgada no boletim da Defesa Civil estadual desta quarta-feira (8\/1).<\/p>\n\n\n\n<p>Os munic\u00edpios de Laranjal e Pedra Bonita foram os dois \u00faltimos a entrarem na lista. Al\u00e9m deles, Braz\u00f3polis, Galil\u00e9ia, Mendes Pimentel, Rochedo de Minas, Guaran\u00e9sia, Uberaba, Tapira, Conselheiro Pena, <strong>Alfenas<\/strong>, Carlos Chagas, S\u00e3o Jos\u00e9 da Safira, S\u00e3o Geraldo do Baixio, Francisc\u00f3polis, Ouro Verde de Minas, Novo Oriente de Minas, Virgol\u00e2ndia, Curral de Dentro, Glaucil\u00e2ndia, Malacacheta, Sem-Peixe, Salinas, Capelinha, Dom Silv\u00e9rio, Concei\u00e7\u00e3o do Par\u00e1, Pequeri, Tocantins, Leopoldina, Ant\u00f4nio Carlos, Coronel Fabriciano, Santo Ant\u00f4nio do Aventureiro, Pedra Bonita, Bugre, Raul Soares, Carmo da Mata, Coroaci, Resplendor, Itambacuri,<strong> Campos Gerais<\/strong>, Nepomuceno, Caldas, Marip\u00e1 de Minas e Rio Preto decretaram situa\u00e7\u00e3o de<a href=\"https:\/\/www.em.com.br\/gerais\/2024\/12\/7014409-betim-decreta-emergencia-em-saude-publica-inconsistencias-graves.html\"><strong>\u00a0<\/strong><\/a>emerg\u00eancia.<\/p>\n\n\n\n<p><strong>Por:<\/strong> Estado de Minas<\/p>\n","protected":false},"excerpt":{"rendered":"<p>Estado j\u00e1 registrou 11 mortes, 183 desabrigados e 1.268 desalojados no atual per\u00edodo chuvoso <a href=\"https:\/\/noticiasdefato.net\/?p=2363\" class=\"more-link\">Continuar lendo <span class=\"screen-reader-text\">ALFENAS E 43 CIDADES DECRETAM EMERG\u00caNCIA EM MG<\/span><\/a><\/p>\n","protected":false},"author":1,"featured_media":2364,"comment_status":"open","ping_status":"open","sticky":false,"template":"","format":"standard","meta":{"footnotes":""},"categories":[15,18],"tags":[],"class_list":["post-2363","post","type-post","status-publish","format-standard","has-post-thumbnail","hentry","category-destaques","category-politica"],"yoast_head":"<!-- This site is optimized with the Yoast SEO plugin v23.2 - https:\/\/yoast.com\/wordpress\/plugins\/seo\/ -->\n<title>ALFENAS E 43 CIDADES DECRETAM EMERG\u00caNCIA EM MG - Not\u00edcias de Fato<\/title>\n<meta name=\"description\" content=\"Estado j\u00e1 registrou 11 mortes, 183 desabrigados e 1.268 desalojados no atual per\u00edodo chuvoso\" \/>\n<meta name=\"robots\" content=\"index, follow, max-snippet:-1, max-image-preview:large, max-video-preview:-1\" \/>\n<link rel=\"canonical\" href=\"https:\/\/noticiasdefato.net\/?p=2363\" \/>\n<meta property=\"og:locale\" content=\"pt_BR\" \/>\n<meta property=\"og:type\" content=\"article\" \/>\n<meta property=\"og:title\" content=\"ALFENAS E 43 CIDADES DECRETAM EMERG\u00caNCIA EM MG - Not\u00edcias de Fato\" \/>\n<meta property=\"og:description\" content=\"Estado j\u00e1 registrou 11 mortes, 183 desabrigados e 1.268 desalojados no atual per\u00edodo chuvoso\" \/>\n<meta property=\"og:url\" content=\"https:\/\/noticiasdefato.net\/?p=2363\" \/>\n<meta property=\"og:site_name\" content=\"Not\u00edcias de Fato\" \/>\n<meta property=\"article:publisher\" content=\"https:\/\/fb.com\/noticiasdefato.jornal\" \/>\n<meta property=\"article:author\" content=\"http:\/\/fb.com\/\/noticiasdefato.jornal\" \/>\n<meta property=\"article:published_time\" content=\"2025-01-08T18:53:01+00:00\" \/>\n<meta property=\"og:image\" content=\"https:\/\/noticiasdefato.net\/wp-content\/uploads\/2025\/01\/image-14.png\" \/>\n\t<meta property=\"og:image:width\" content=\"580\" \/>\n\t<meta property=\"og:image:height\" content=\"567\" \/>\n\t<meta property=\"og:image:type\" content=\"image\/png\" \/>\n<meta name=\"author\" content=\"Noticias de Fato\" \/>\n<meta name=\"twitter:card\" content=\"summary_large_image\" \/>\n<meta name=\"twitter:creator\" content=\"@https:\/\/twitter.com\/NoticiasDeFato_\" \/>\n<meta name=\"twitter:site\" content=\"@noticiasdefato_\" \/>\n<meta name=\"twitter:label1\" content=\"Escrito por\" \/>\n\t<meta name=\"twitter:data1\" content=\"Noticias de Fato\" \/>\n\t<meta name=\"twitter:label2\" content=\"Est. tempo de leitura\" \/>\n\t<meta name=\"twitter:data2\" content=\"2 minutos\" \/>\n<script type=\"application\/ld+json\" class=\"yoast-schema-graph\">{\"@context\":\"https:\/\/schema.org\",\"@graph\":[{\"@type\":\"Article\",\"@id\":\"https:\/\/noticiasdefato.net\/?p=2363#article\",\"isPartOf\":{\"@id\":\"https:\/\/noticiasdefato.net\/?p=2363\"},\"author\":{\"name\":\"Noticias de Fato\",\"@id\":\"https:\/\/noticiasdefato.net\/#\/schema\/person\/982ce60211d95acf059cd702aa260d08\"},\"headline\":\"ALFENAS E 43 CIDADES DECRETAM EMERG\u00caNCIA EM MG\",\"datePublished\":\"2025-01-08T18:53:01+00:00\",\"dateModified\":\"2025-01-08T18:53:01+00:00\",\"mainEntityOfPage\":{\"@id\":\"https:\/\/noticiasdefato.net\/?p=2363\"},\"wordCount\":203,\"commentCount\":0,\"publisher\":{\"@id\":\"https:\/\/noticiasdefato.net\/#organization\"},\"image\":{\"@id\":\"https:\/\/noticiasdefato.net\/?p=2363#primaryimage\"},\"thumbnailUrl\":\"https:\/\/noticiasdefato.net\/wp-content\/uploads\/2025\/01\/image-14.png\",\"articleSection\":[\"Destaques\",\"Pol\u00edtica\"],\"inLanguage\":\"pt-BR\",\"potentialAction\":[{\"@type\":\"CommentAction\",\"name\":\"Comment\",\"target\":[\"https:\/\/noticiasdefato.net\/?p=2363#respond\"]}]},{\"@type\":\"WebPage\",\"@id\":\"https:\/\/noticiasdefato.net\/?p=2363\",\"url\":\"https:\/\/noticiasdefato.net\/?p=2363\",\"name\":\"ALFENAS E 43 CIDADES DECRETAM EMERG\u00caNCIA EM MG - Not\u00edcias de Fato\",\"isPartOf\":{\"@id\":\"https:\/\/noticiasdefato.net\/#website\"},\"primaryImageOfPage\":{\"@id\":\"https:\/\/noticiasdefato.net\/?p=2363#primaryimage\"},\"image\":{\"@id\":\"https:\/\/noticiasdefato.net\/?p=2363#primaryimage\"},\"thumbnailUrl\":\"https:\/\/noticiasdefato.net\/wp-content\/uploads\/2025\/01\/image-14.png\",\"datePublished\":\"2025-01-08T18:53:01+00:00\",\"dateModified\":\"2025-01-08T18:53:01+00:00\",\"description\":\"Estado j\u00e1 registrou 11 mortes, 183 desabrigados e 1.268 desalojados no atual per\u00edodo chuvoso\",\"breadcrumb\":{\"@id\":\"https:\/\/noticiasdefato.net\/?p=2363#breadcrumb\"},\"inLanguage\":\"pt-BR\",\"potentialAction\":[{\"@type\":\"ReadAction\",\"target\":[\"https:\/\/noticiasdefato.net\/?p=2363\"]}]},{\"@type\":\"ImageObject\",\"inLanguage\":\"pt-BR\",\"@id\":\"https:\/\/noticiasdefato.net\/?p=2363#primaryimage\",\"url\":\"https:\/\/noticiasdefato.net\/wp-content\/uploads\/2025\/01\/image-14.png\",\"contentUrl\":\"https:\/\/noticiasdefato.net\/wp-content\/uploads\/2025\/01\/image-14.png\",\"width\":580,\"height\":567},{\"@type\":\"BreadcrumbList\",\"@id\":\"https:\/\/noticiasdefato.net\/?p=2363#breadcrumb\",\"itemListElement\":[{\"@type\":\"ListItem\",\"position\":1,\"name\":\"In\u00edcio\",\"item\":\"https:\/\/noticiasdefato.net\/\"},{\"@type\":\"ListItem\",\"position\":2,\"name\":\"ALFENAS E 43 CIDADES DECRETAM EMERG\u00caNCIA EM MG\"}]},{\"@type\":\"WebSite\",\"@id\":\"https:\/\/noticiasdefato.net\/#website\",\"url\":\"https:\/\/noticiasdefato.net\/\",\"name\":\"Not\u00edcias de Fato\",\"description\":\"Trabalhamos com honestidade, seriedade e com a verdade.\",\"publisher\":{\"@id\":\"https:\/\/noticiasdefato.net\/#organization\"},\"potentialAction\":[{\"@type\":\"SearchAction\",\"target\":{\"@type\":\"EntryPoint\",\"urlTemplate\":\"https:\/\/noticiasdefato.net\/?s={search_term_string}\"},\"query-input\":\"required name=search_term_string\"}],\"inLanguage\":\"pt-BR\"},{\"@type\":\"Organization\",\"@id\":\"https:\/\/noticiasdefato.net\/#organization\",\"name\":\"Not\u00edcias de Fato\",\"url\":\"https:\/\/noticiasdefato.net\/\",\"logo\":{\"@type\":\"ImageObject\",\"inLanguage\":\"pt-BR\",\"@id\":\"https:\/\/noticiasdefato.net\/#\/schema\/logo\/image\/\",\"url\":\"https:\/\/noticiasdefato.net\/wp-content\/uploads\/2024\/02\/cropped-logo_topo.png\",\"contentUrl\":\"https:\/\/noticiasdefato.net\/wp-content\/uploads\/2024\/02\/cropped-logo_topo.png\",\"width\":1948,\"height\":665,\"caption\":\"Not\u00edcias de Fato\"},\"image\":{\"@id\":\"https:\/\/noticiasdefato.net\/#\/schema\/logo\/image\/\"},\"sameAs\":[\"https:\/\/fb.com\/noticiasdefato.jornal\",\"https:\/\/x.com\/noticiasdefato_\",\"https:\/\/instagram.com\/noticiasdefato.jornal\",\"https:\/\/youtube.com\/@JornalNoticiasDeFato\"]},{\"@type\":\"Person\",\"@id\":\"https:\/\/noticiasdefato.net\/#\/schema\/person\/982ce60211d95acf059cd702aa260d08\",\"name\":\"Noticias de Fato\",\"image\":{\"@type\":\"ImageObject\",\"inLanguage\":\"pt-BR\",\"@id\":\"https:\/\/noticiasdefato.net\/#\/schema\/person\/image\/\",\"url\":\"https:\/\/secure.gravatar.com\/avatar\/700227fab2316f0366a1b5d4988d10f847249cf13293450527ac9553c994611a?s=96&d=mm&r=g\",\"contentUrl\":\"https:\/\/secure.gravatar.com\/avatar\/700227fab2316f0366a1b5d4988d10f847249cf13293450527ac9553c994611a?s=96&d=mm&r=g\",\"caption\":\"Noticias de Fato\"},\"sameAs\":[\"https:\/\/noticiasdefato.net\",\"http:\/\/fb.com\/\/noticiasdefato.jornal\",\"https:\/\/x.com\/https:\/\/twitter.com\/NoticiasDeFato_\"],\"url\":\"https:\/\/noticiasdefato.net\/?author=1\"}]}<\/script>\n<!-- \/ Yoast SEO plugin. -->","yoast_head_json":{"title":"ALFENAS E 43 CIDADES DECRETAM EMERG\u00caNCIA EM MG - Not\u00edcias de Fato","description":"Estado j\u00e1 registrou 11 mortes, 183 desabrigados e 1.268 desalojados no atual per\u00edodo chuvoso","robots":{"index":"index","follow":"follow","max-snippet":"max-snippet:-1","max-image-preview":"max-image-preview:large","max-video-preview":"max-video-preview:-1"},"canonical":"https:\/\/noticiasdefato.net\/?p=2363","og_locale":"pt_BR","og_type":"article","og_title":"ALFENAS E 43 CIDADES DECRETAM EMERG\u00caNCIA EM MG - Not\u00edcias de Fato","og_description":"Estado j\u00e1 registrou 11 mortes, 183 desabrigados e 1.268 desalojados no atual per\u00edodo chuvoso","og_url":"https:\/\/noticiasdefato.net\/?p=2363","og_site_name":"Not\u00edcias de Fato","article_publisher":"https:\/\/fb.com\/noticiasdefato.jornal","article_author":"http:\/\/fb.com\/\/noticiasdefato.jornal","article_published_time":"2025-01-08T18:53:01+00:00","og_image":[{"width":580,"height":567,"url":"https:\/\/noticiasdefato.net\/wp-content\/uploads\/2025\/01\/image-14.png","type":"image\/png"}],"author":"Noticias de Fato","twitter_card":"summary_large_image","twitter_creator":"@https:\/\/twitter.com\/NoticiasDeFato_","twitter_site":"@noticiasdefato_","twitter_misc":{"Escrito por":"Noticias de Fato","Est. tempo de leitura":"2 minutos"},"schema":{"@context":"https:\/\/schema.org","@graph":[{"@type":"Article","@id":"https:\/\/noticiasdefato.net\/?p=2363#article","isPartOf":{"@id":"https:\/\/noticiasdefato.net\/?p=2363"},"author":{"name":"Noticias de Fato","@id":"https:\/\/noticiasdefato.net\/#\/schema\/person\/982ce60211d95acf059cd702aa260d08"},"headline":"ALFENAS E 43 CIDADES DECRETAM EMERG\u00caNCIA EM MG","datePublished":"2025-01-08T18:53:01+00:00","dateModified":"2025-01-08T18:53:01+00:00","mainEntityOfPage":{"@id":"https:\/\/noticiasdefato.net\/?p=2363"},"wordCount":203,"commentCount":0,"publisher":{"@id":"https:\/\/noticiasdefato.net\/#organization"},"image":{"@id":"https:\/\/noticiasdefato.net\/?p=2363#primaryimage"},"thumbnailUrl":"https:\/\/noticiasdefato.net\/wp-content\/uploads\/2025\/01\/image-14.png","articleSection":["Destaques","Pol\u00edtica"],"inLanguage":"pt-BR","potentialAction":[{"@type":"CommentAction","name":"Comment","target":["https:\/\/noticiasdefato.net\/?p=2363#respond"]}]},{"@type":"WebPage","@id":"https:\/\/noticiasdefato.net\/?p=2363","url":"https:\/\/noticiasdefato.net\/?p=2363","name":"ALFENAS E 43 CIDADES DECRETAM EMERG\u00caNCIA EM MG - Not\u00edcias de Fato","isPartOf":{"@id":"https:\/\/noticiasdefato.net\/#website"},"primaryImageOfPage":{"@id":"https:\/\/noticiasdefato.net\/?p=2363#primaryimage"},"image":{"@id":"https:\/\/noticiasdefato.net\/?p=2363#primaryimage"},"thumbnailUrl":"https:\/\/noticiasdefato.net\/wp-content\/uploads\/2025\/01\/image-14.png","datePublished":"2025-01-08T18:53:01+00:00","dateModified":"2025-01-08T18:53:01+00:00","description":"Estado j\u00e1 registrou 11 mortes, 183 desabrigados e 1.268 desalojados no atual per\u00edodo chuvoso","breadcrumb":{"@id":"https:\/\/noticiasdefato.net\/?p=2363#breadcrumb"},"inLanguage":"pt-BR","potentialAction":[{"@type":"ReadAction","target":["https:\/\/noticiasdefato.net\/?p=2363"]}]},{"@type":"ImageObject","inLanguage":"pt-BR","@id":"https:\/\/noticiasdefato.net\/?p=2363#primaryimage","url":"https:\/\/noticiasdefato.net\/wp-content\/uploads\/2025\/01\/image-14.png","contentUrl":"https:\/\/noticiasdefato.net\/wp-content\/uploads\/2025\/01\/image-14.png","width":580,"height":567},{"@type":"BreadcrumbList","@id":"https:\/\/noticiasdefato.net\/?p=2363#breadcrumb","itemListElement":[{"@type":"ListItem","position":1,"name":"In\u00edcio","item":"https:\/\/noticiasdefato.net\/"},{"@type":"ListItem","position":2,"name":"ALFENAS E 43 CIDADES DECRETAM EMERG\u00caNCIA EM MG"}]},{"@type":"WebSite","@id":"https:\/\/noticiasdefato.net\/#website","url":"https:\/\/noticiasdefato.net\/","name":"Not\u00edcias de Fato","description":"Trabalhamos com honestidade, seriedade e com a verdade.","publisher":{"@id":"https:\/\/noticiasdefato.net\/#organization"},"potentialAction":[{"@type":"SearchAction","target":{"@type":"EntryPoint","urlTemplate":"https:\/\/noticiasdefato.net\/?s={search_term_string}"},"query-input":"required name=search_term_string"}],"inLanguage":"pt-BR"},{"@type":"Organization","@id":"https:\/\/noticiasdefato.net\/#organization","name":"Not\u00edcias de Fato","url":"https:\/\/noticiasdefato.net\/","logo":{"@type":"ImageObject","inLanguage":"pt-BR","@id":"https:\/\/noticiasdefato.net\/#\/schema\/logo\/image\/","url":"https:\/\/noticiasdefato.net\/wp-content\/uploads\/2024\/02\/cropped-logo_topo.png","contentUrl":"https:\/\/noticiasdefato.net\/wp-content\/uploads\/2024\/02\/cropped-logo_topo.png","width":1948,"height":665,"caption":"Not\u00edcias de Fato"},"image":{"@id":"https:\/\/noticiasdefato.net\/#\/schema\/logo\/image\/"},"sameAs":["https:\/\/fb.com\/noticiasdefato.jornal","https:\/\/x.com\/noticiasdefato_","https:\/\/instagram.com\/noticiasdefato.jornal","https:\/\/youtube.com\/@JornalNoticiasDeFato"]},{"@type":"Person","@id":"https:\/\/noticiasdefato.net\/#\/schema\/person\/982ce60211d95acf059cd702aa260d08","name":"Noticias de Fato","image":{"@type":"ImageObject","inLanguage":"pt-BR","@id":"https:\/\/noticiasdefato.net\/#\/schema\/person\/image\/","url":"https:\/\/secure.gravatar.com\/avatar\/700227fab2316f0366a1b5d4988d10f847249cf13293450527ac9553c994611a?s=96&d=mm&r=g","contentUrl":"https:\/\/secure.gravatar.com\/avatar\/700227fab2316f0366a1b5d4988d10f847249cf13293450527ac9553c994611a?s=96&d=mm&r=g","caption":"Noticias de Fato"},"sameAs":["https:\/\/noticiasdefato.net","http:\/\/fb.com\/\/noticiasdefato.jornal","https:\/\/x.com\/https:\/\/twitter.com\/NoticiasDeFato_"],"url":"https:\/\/noticiasdefato.net\/?author=1"}]}},"_links":{"self":[{"href":"https:\/\/noticiasdefato.net\/index.php?rest_route=\/wp\/v2\/posts\/2363","targetHints":{"allow":["GET"]}}],"collection":[{"href":"https:\/\/noticiasdefato.net\/index.php?rest_route=\/wp\/v2\/posts"}],"about":[{"href":"https:\/\/noticiasdefato.net\/index.php?rest_route=\/wp\/v2\/types\/post"}],"author":[{"embeddable":true,"href":"https:\/\/noticiasdefato.net\/index.php?rest_route=\/wp\/v2\/users\/1"}],"replies":[{"embeddable":true,"href":"https:\/\/noticiasdefato.net\/index.php?rest_route=%2Fwp%2Fv2%2Fcomments&post=2363"}],"version-history":[{"count":1,"href":"https:\/\/noticiasdefato.net\/index.php?rest_route=\/wp\/v2\/posts\/2363\/revisions"}],"predecessor-version":[{"id":2366,"href":"https:\/\/noticiasdefato.net\/index.php?rest_route=\/wp\/v2\/posts\/2363\/revisions\/2366"}],"wp:featuredmedia":[{"embeddable":true,"href":"https:\/\/noticiasdefato.net\/index.php?rest_route=\/wp\/v2\/media\/2364"}],"wp:attachment":[{"href":"https:\/\/noticiasdefato.net\/index.php?rest_route=%2Fwp%2Fv2%2Fmedia&parent=2363"}],"wp:term":[{"taxonomy":"category","embeddable":true,"href":"https:\/\/noticiasdefato.net\/index.php?rest_route=%2Fwp%2Fv2%2Fcategories&post=2363"},{"taxonomy":"post_tag","embeddable":true,"href":"https:\/\/noticiasdefato.net\/index.php?rest_route=%2Fwp%2Fv2%2Ftags&post=2363"}],"curies":[{"name":"wp","href":"https:\/\/api.w.org\/{rel}","templated":true}]}}