{"id":2367,"date":"2025-01-09T10:12:26","date_gmt":"2025-01-09T13:12:26","guid":{"rendered":"https:\/\/noticiasdefato.net\/?p=2367"},"modified":"2025-01-09T10:18:48","modified_gmt":"2025-01-09T13:18:48","slug":"qual-a-sua-opiniao-renovacao-fez-bem-a-camara","status":"publish","type":"post","link":"https:\/\/noticiasdefato.net\/?p=2367","title":{"rendered":"QUAL A SUA OPINI\u00c3O: RENOVA\u00c7\u00c3O FEZ BEM A C\u00c2MARA?"},"content":{"rendered":"\n<p><em>Vereadores de primeiro mandato t\u00eam trabalhado antes mesmo do in\u00edcio das reuni\u00f5es da c\u00e2mara.<\/em><\/p>\n\n\n\n<p>A troca de cadeiras radical que ocorreu na C\u00e2mara Municipal de Alfenas parece ter feito bem \u00e0quela casa legislativa. Enquanto os vereadores reeleitos se preocupam em manter o que j\u00e1 vinham fazendo, alguns dos estreantes est\u00e3o &#8216;gastando sola de sapato&#8217;.<\/p>\n\n\n\n<p><strong>THALES GOMES, GILMAR COSTA E PEDRO ALENCAR SAEM NA FRENTE<\/strong><\/p>\n\n\n\n<p>O vereador Thales Gomes foi o primeiro a realizar uma fiscaliza\u00e7\u00e3o de atos do executivo. Em sua primeira investida, Thales esteve no Centro de Distribui\u00e7\u00e3o de Medicamentos para levantar quais os medicamentos b\u00e1sicos que est\u00e3o em falta, bem como entender o motivo da falta de fornecimento dessas medica\u00e7\u00f5es pela prefeitura \u00e0 popula\u00e7\u00e3o.<\/p>\n\n\n<div class=\"wp-block-image\">\n<figure class=\"aligncenter size-full\"><img fetchpriority=\"high\" decoding=\"async\" width=\"382\" height=\"427\" src=\"https:\/\/noticiasdefato.net\/wp-content\/uploads\/2025\/01\/image-16.png\" alt=\"\" class=\"wp-image-2368\" srcset=\"https:\/\/noticiasdefato.net\/wp-content\/uploads\/2025\/01\/image-16.png 382w, https:\/\/noticiasdefato.net\/wp-content\/uploads\/2025\/01\/image-16-268x300.png 268w, https:\/\/noticiasdefato.net\/wp-content\/uploads\/2025\/01\/image-16-81x90.png 81w\" sizes=\"(max-width: 382px) 100vw, 382px\" \/><\/figure>\n<\/div>\n\n\n<p>J\u00e1 Pedro Alencar esteve no postinho Dr Pl\u00ednio, e foi averiguar den\u00fancia de que havia uma bacia sanit\u00e1ria no banheiro feminino com a descarga estragada. Tamb\u00e9m, no final de semana, o vereador j\u00e1 havia visitado o hospital veterin\u00e1rio e o clube n\u00e1utico, oportunidade em que questionou um funcion\u00e1rio sobre a reabertura do clube para a popula\u00e7\u00e3o, e ouviu deste funcion\u00e1rio que precisaria arrumar os banheiros antes de liberar o acesso.<\/p>\n\n\n\n<div class=\"wp-block-columns is-layout-flex wp-container-core-columns-is-layout-9d6595d7 wp-block-columns-is-layout-flex\">\n<div class=\"wp-block-column is-layout-flow wp-block-column-is-layout-flow\">\n<figure class=\"wp-block-image size-full\"><img decoding=\"async\" width=\"319\" height=\"420\" src=\"https:\/\/noticiasdefato.net\/wp-content\/uploads\/2025\/01\/image-19.png\" alt=\"\" class=\"wp-image-2371\" srcset=\"https:\/\/noticiasdefato.net\/wp-content\/uploads\/2025\/01\/image-19.png 319w, https:\/\/noticiasdefato.net\/wp-content\/uploads\/2025\/01\/image-19-228x300.png 228w, https:\/\/noticiasdefato.net\/wp-content\/uploads\/2025\/01\/image-19-68x90.png 68w\" sizes=\"(max-width: 319px) 100vw, 319px\" \/><\/figure>\n<\/div>\n\n\n\n<div class=\"wp-block-column is-layout-flow wp-block-column-is-layout-flow\">\n<figure class=\"wp-block-image size-full\"><img decoding=\"async\" width=\"321\" height=\"415\" src=\"https:\/\/noticiasdefato.net\/wp-content\/uploads\/2025\/01\/image-17.png\" alt=\"\" class=\"wp-image-2369\" srcset=\"https:\/\/noticiasdefato.net\/wp-content\/uploads\/2025\/01\/image-17.png 321w, https:\/\/noticiasdefato.net\/wp-content\/uploads\/2025\/01\/image-17-232x300.png 232w, https:\/\/noticiasdefato.net\/wp-content\/uploads\/2025\/01\/image-17-70x90.png 70w\" sizes=\"(max-width: 321px) 100vw, 321px\" \/><\/figure>\n<\/div>\n\n\n\n<div class=\"wp-block-column is-layout-flow wp-block-column-is-layout-flow\">\n<figure class=\"wp-block-image size-full\"><img loading=\"lazy\" decoding=\"async\" width=\"323\" height=\"554\" src=\"https:\/\/noticiasdefato.net\/wp-content\/uploads\/2025\/01\/image-18.png\" alt=\"\" class=\"wp-image-2370\" srcset=\"https:\/\/noticiasdefato.net\/wp-content\/uploads\/2025\/01\/image-18.png 323w, https:\/\/noticiasdefato.net\/wp-content\/uploads\/2025\/01\/image-18-175x300.png 175w, https:\/\/noticiasdefato.net\/wp-content\/uploads\/2025\/01\/image-18-52x90.png 52w\" sizes=\"(max-width: 323px) 100vw, 323px\" \/><\/figure>\n<\/div>\n<\/div>\n\n\n\n<p>Por fim, Gilmar Costa esteve com Thales Gomes no bairro Jardim Aeroporto para cobrar do poder p\u00fablico a limpeza urbana de mato, poda de \u00e1rvore, e notifica\u00e7\u00e3o para que donos de lotes com mato efetuem a limpeza.<\/p>\n\n\n<div class=\"wp-block-image\">\n<figure class=\"aligncenter size-large is-resized\"><img loading=\"lazy\" decoding=\"async\" width=\"768\" height=\"1024\" src=\"https:\/\/noticiasdefato.net\/wp-content\/uploads\/2025\/01\/Imagem-do-WhatsApp-de-2025-01-08-as-11.19.26_2fb1d0e7-1-768x1024.jpg\" alt=\"\" class=\"wp-image-2373\" style=\"width:396px;height:auto\" srcset=\"https:\/\/noticiasdefato.net\/wp-content\/uploads\/2025\/01\/Imagem-do-WhatsApp-de-2025-01-08-as-11.19.26_2fb1d0e7-1-768x1024.jpg 768w, https:\/\/noticiasdefato.net\/wp-content\/uploads\/2025\/01\/Imagem-do-WhatsApp-de-2025-01-08-as-11.19.26_2fb1d0e7-1-225x300.jpg 225w, https:\/\/noticiasdefato.net\/wp-content\/uploads\/2025\/01\/Imagem-do-WhatsApp-de-2025-01-08-as-11.19.26_2fb1d0e7-1-68x90.jpg 68w, https:\/\/noticiasdefato.net\/wp-content\/uploads\/2025\/01\/Imagem-do-WhatsApp-de-2025-01-08-as-11.19.26_2fb1d0e7-1.jpg 960w\" sizes=\"(max-width: 768px) 100vw, 768px\" \/><\/figure>\n<\/div>","protected":false},"excerpt":{"rendered":"<p>Vereadores de primeiro mandato t\u00eam trabalhado antes mesmo do in\u00edcio das reuni\u00f5es da c\u00e2mara. <a href=\"https:\/\/noticiasdefato.net\/?p=2367\" class=\"more-link\">Continuar lendo <span class=\"screen-reader-text\">QUAL A SUA OPINI\u00c3O: RENOVA\u00c7\u00c3O FEZ BEM A C\u00c2MARA?<\/span><\/a><\/p>\n","protected":false},"author":1,"featured_media":2374,"comment_status":"open","ping_status":"open","sticky":false,"template":"","format":"standard","meta":{"footnotes":""},"categories":[15,18],"tags":[],"class_list":["post-2367","post","type-post","status-publish","format-standard","has-post-thumbnail","hentry","category-destaques","category-politica"],"yoast_head":"<!-- This site is optimized with the Yoast SEO plugin v23.2 - https:\/\/yoast.com\/wordpress\/plugins\/seo\/ -->\n<title>QUAL A SUA OPINI\u00c3O: RENOVA\u00c7\u00c3O FEZ BEM A C\u00c2MARA? - Not\u00edcias de Fato<\/title>\n<meta name=\"description\" content=\"Vereadores de primeiro mandato t\u00eam trabalhado antes mesmo do in\u00edcio das reuni\u00f5es da c\u00e2mara.\" \/>\n<meta name=\"robots\" content=\"index, follow, max-snippet:-1, max-image-preview:large, max-video-preview:-1\" \/>\n<link rel=\"canonical\" href=\"https:\/\/noticiasdefato.net\/?p=2367\" \/>\n<meta property=\"og:locale\" content=\"pt_BR\" \/>\n<meta property=\"og:type\" content=\"article\" \/>\n<meta property=\"og:title\" content=\"QUAL A SUA OPINI\u00c3O: RENOVA\u00c7\u00c3O FEZ BEM A C\u00c2MARA? - Not\u00edcias de Fato\" \/>\n<meta property=\"og:description\" content=\"Vereadores de primeiro mandato t\u00eam trabalhado antes mesmo do in\u00edcio das reuni\u00f5es da c\u00e2mara.\" \/>\n<meta property=\"og:url\" content=\"https:\/\/noticiasdefato.net\/?p=2367\" \/>\n<meta property=\"og:site_name\" content=\"Not\u00edcias de Fato\" \/>\n<meta property=\"article:publisher\" content=\"https:\/\/fb.com\/noticiasdefato.jornal\" \/>\n<meta property=\"article:author\" content=\"http:\/\/fb.com\/\/noticiasdefato.jornal\" \/>\n<meta property=\"article:published_time\" content=\"2025-01-09T13:12:26+00:00\" \/>\n<meta property=\"article:modified_time\" content=\"2025-01-09T13:18:48+00:00\" \/>\n<meta property=\"og:image\" content=\"https:\/\/noticiasdefato.net\/wp-content\/uploads\/2025\/01\/vereadores-posse.jpeg\" \/>\n\t<meta property=\"og:image:width\" content=\"1200\" \/>\n\t<meta property=\"og:image:height\" content=\"800\" \/>\n\t<meta property=\"og:image:type\" content=\"image\/jpeg\" \/>\n<meta name=\"author\" content=\"Noticias de Fato\" \/>\n<meta name=\"twitter:card\" content=\"summary_large_image\" \/>\n<meta name=\"twitter:creator\" content=\"@https:\/\/twitter.com\/NoticiasDeFato_\" \/>\n<meta name=\"twitter:site\" content=\"@noticiasdefato_\" \/>\n<meta name=\"twitter:label1\" content=\"Escrito por\" \/>\n\t<meta name=\"twitter:data1\" content=\"Noticias de Fato\" \/>\n\t<meta name=\"twitter:label2\" content=\"Est. tempo de leitura\" \/>\n\t<meta name=\"twitter:data2\" content=\"3 minutos\" \/>\n<script type=\"application\/ld+json\" class=\"yoast-schema-graph\">{\"@context\":\"https:\/\/schema.org\",\"@graph\":[{\"@type\":\"Article\",\"@id\":\"https:\/\/noticiasdefato.net\/?p=2367#article\",\"isPartOf\":{\"@id\":\"https:\/\/noticiasdefato.net\/?p=2367\"},\"author\":{\"name\":\"Noticias de Fato\",\"@id\":\"https:\/\/noticiasdefato.net\/#\/schema\/person\/982ce60211d95acf059cd702aa260d08\"},\"headline\":\"QUAL A SUA OPINI\u00c3O: RENOVA\u00c7\u00c3O FEZ BEM A C\u00c2MARA?\",\"datePublished\":\"2025-01-09T13:12:26+00:00\",\"dateModified\":\"2025-01-09T13:18:48+00:00\",\"mainEntityOfPage\":{\"@id\":\"https:\/\/noticiasdefato.net\/?p=2367\"},\"wordCount\":257,\"commentCount\":0,\"publisher\":{\"@id\":\"https:\/\/noticiasdefato.net\/#organization\"},\"image\":{\"@id\":\"https:\/\/noticiasdefato.net\/?p=2367#primaryimage\"},\"thumbnailUrl\":\"https:\/\/noticiasdefato.net\/wp-content\/uploads\/2025\/01\/vereadores-posse.jpeg\",\"articleSection\":[\"Destaques\",\"Pol\u00edtica\"],\"inLanguage\":\"pt-BR\",\"potentialAction\":[{\"@type\":\"CommentAction\",\"name\":\"Comment\",\"target\":[\"https:\/\/noticiasdefato.net\/?p=2367#respond\"]}]},{\"@type\":\"WebPage\",\"@id\":\"https:\/\/noticiasdefato.net\/?p=2367\",\"url\":\"https:\/\/noticiasdefato.net\/?p=2367\",\"name\":\"QUAL A SUA OPINI\u00c3O: RENOVA\u00c7\u00c3O FEZ BEM A C\u00c2MARA? - Not\u00edcias de Fato\",\"isPartOf\":{\"@id\":\"https:\/\/noticiasdefato.net\/#website\"},\"primaryImageOfPage\":{\"@id\":\"https:\/\/noticiasdefato.net\/?p=2367#primaryimage\"},\"image\":{\"@id\":\"https:\/\/noticiasdefato.net\/?p=2367#primaryimage\"},\"thumbnailUrl\":\"https:\/\/noticiasdefato.net\/wp-content\/uploads\/2025\/01\/vereadores-posse.jpeg\",\"datePublished\":\"2025-01-09T13:12:26+00:00\",\"dateModified\":\"2025-01-09T13:18:48+00:00\",\"description\":\"Vereadores de primeiro mandato t\u00eam trabalhado antes mesmo do in\u00edcio das reuni\u00f5es da c\u00e2mara.\",\"breadcrumb\":{\"@id\":\"https:\/\/noticiasdefato.net\/?p=2367#breadcrumb\"},\"inLanguage\":\"pt-BR\",\"potentialAction\":[{\"@type\":\"ReadAction\",\"target\":[\"https:\/\/noticiasdefato.net\/?p=2367\"]}]},{\"@type\":\"ImageObject\",\"inLanguage\":\"pt-BR\",\"@id\":\"https:\/\/noticiasdefato.net\/?p=2367#primaryimage\",\"url\":\"https:\/\/noticiasdefato.net\/wp-content\/uploads\/2025\/01\/vereadores-posse.jpeg\",\"contentUrl\":\"https:\/\/noticiasdefato.net\/wp-content\/uploads\/2025\/01\/vereadores-posse.jpeg\",\"width\":1200,\"height\":800},{\"@type\":\"BreadcrumbList\",\"@id\":\"https:\/\/noticiasdefato.net\/?p=2367#breadcrumb\",\"itemListElement\":[{\"@type\":\"ListItem\",\"position\":1,\"name\":\"In\u00edcio\",\"item\":\"https:\/\/noticiasdefato.net\/\"},{\"@type\":\"ListItem\",\"position\":2,\"name\":\"QUAL A SUA OPINI\u00c3O: RENOVA\u00c7\u00c3O FEZ BEM A C\u00c2MARA?\"}]},{\"@type\":\"WebSite\",\"@id\":\"https:\/\/noticiasdefato.net\/#website\",\"url\":\"https:\/\/noticiasdefato.net\/\",\"name\":\"Not\u00edcias de Fato\",\"description\":\"Trabalhamos com honestidade, seriedade e com a verdade.\",\"publisher\":{\"@id\":\"https:\/\/noticiasdefato.net\/#organization\"},\"potentialAction\":[{\"@type\":\"SearchAction\",\"target\":{\"@type\":\"EntryPoint\",\"urlTemplate\":\"https:\/\/noticiasdefato.net\/?s={search_term_string}\"},\"query-input\":\"required name=search_term_string\"}],\"inLanguage\":\"pt-BR\"},{\"@type\":\"Organization\",\"@id\":\"https:\/\/noticiasdefato.net\/#organization\",\"name\":\"Not\u00edcias de Fato\",\"url\":\"https:\/\/noticiasdefato.net\/\",\"logo\":{\"@type\":\"ImageObject\",\"inLanguage\":\"pt-BR\",\"@id\":\"https:\/\/noticiasdefato.net\/#\/schema\/logo\/image\/\",\"url\":\"https:\/\/noticiasdefato.net\/wp-content\/uploads\/2024\/02\/cropped-logo_topo.png\",\"contentUrl\":\"https:\/\/noticiasdefato.net\/wp-content\/uploads\/2024\/02\/cropped-logo_topo.png\",\"width\":1948,\"height\":665,\"caption\":\"Not\u00edcias de Fato\"},\"image\":{\"@id\":\"https:\/\/noticiasdefato.net\/#\/schema\/logo\/image\/\"},\"sameAs\":[\"https:\/\/fb.com\/noticiasdefato.jornal\",\"https:\/\/x.com\/noticiasdefato_\",\"https:\/\/instagram.com\/noticiasdefato.jornal\",\"https:\/\/youtube.com\/@JornalNoticiasDeFato\"]},{\"@type\":\"Person\",\"@id\":\"https:\/\/noticiasdefato.net\/#\/schema\/person\/982ce60211d95acf059cd702aa260d08\",\"name\":\"Noticias de Fato\",\"image\":{\"@type\":\"ImageObject\",\"inLanguage\":\"pt-BR\",\"@id\":\"https:\/\/noticiasdefato.net\/#\/schema\/person\/image\/\",\"url\":\"https:\/\/secure.gravatar.com\/avatar\/700227fab2316f0366a1b5d4988d10f847249cf13293450527ac9553c994611a?s=96&d=mm&r=g\",\"contentUrl\":\"https:\/\/secure.gravatar.com\/avatar\/700227fab2316f0366a1b5d4988d10f847249cf13293450527ac9553c994611a?s=96&d=mm&r=g\",\"caption\":\"Noticias de Fato\"},\"sameAs\":[\"https:\/\/noticiasdefato.net\",\"http:\/\/fb.com\/\/noticiasdefato.jornal\",\"https:\/\/x.com\/https:\/\/twitter.com\/NoticiasDeFato_\"],\"url\":\"https:\/\/noticiasdefato.net\/?author=1\"}]}<\/script>\n<!-- \/ Yoast SEO plugin. -->","yoast_head_json":{"title":"QUAL A SUA OPINI\u00c3O: RENOVA\u00c7\u00c3O FEZ BEM A C\u00c2MARA? - Not\u00edcias de Fato","description":"Vereadores de primeiro mandato t\u00eam trabalhado antes mesmo do in\u00edcio das reuni\u00f5es da c\u00e2mara.","robots":{"index":"index","follow":"follow","max-snippet":"max-snippet:-1","max-image-preview":"max-image-preview:large","max-video-preview":"max-video-preview:-1"},"canonical":"https:\/\/noticiasdefato.net\/?p=2367","og_locale":"pt_BR","og_type":"article","og_title":"QUAL A SUA OPINI\u00c3O: RENOVA\u00c7\u00c3O FEZ BEM A C\u00c2MARA? - Not\u00edcias de Fato","og_description":"Vereadores de primeiro mandato t\u00eam trabalhado antes mesmo do in\u00edcio das reuni\u00f5es da c\u00e2mara.","og_url":"https:\/\/noticiasdefato.net\/?p=2367","og_site_name":"Not\u00edcias de Fato","article_publisher":"https:\/\/fb.com\/noticiasdefato.jornal","article_author":"http:\/\/fb.com\/\/noticiasdefato.jornal","article_published_time":"2025-01-09T13:12:26+00:00","article_modified_time":"2025-01-09T13:18:48+00:00","og_image":[{"width":1200,"height":800,"url":"https:\/\/noticiasdefato.net\/wp-content\/uploads\/2025\/01\/vereadores-posse.jpeg","type":"image\/jpeg"}],"author":"Noticias de Fato","twitter_card":"summary_large_image","twitter_creator":"@https:\/\/twitter.com\/NoticiasDeFato_","twitter_site":"@noticiasdefato_","twitter_misc":{"Escrito por":"Noticias de Fato","Est. tempo de leitura":"3 minutos"},"schema":{"@context":"https:\/\/schema.org","@graph":[{"@type":"Article","@id":"https:\/\/noticiasdefato.net\/?p=2367#article","isPartOf":{"@id":"https:\/\/noticiasdefato.net\/?p=2367"},"author":{"name":"Noticias de Fato","@id":"https:\/\/noticiasdefato.net\/#\/schema\/person\/982ce60211d95acf059cd702aa260d08"},"headline":"QUAL A SUA OPINI\u00c3O: RENOVA\u00c7\u00c3O FEZ BEM A C\u00c2MARA?","datePublished":"2025-01-09T13:12:26+00:00","dateModified":"2025-01-09T13:18:48+00:00","mainEntityOfPage":{"@id":"https:\/\/noticiasdefato.net\/?p=2367"},"wordCount":257,"commentCount":0,"publisher":{"@id":"https:\/\/noticiasdefato.net\/#organization"},"image":{"@id":"https:\/\/noticiasdefato.net\/?p=2367#primaryimage"},"thumbnailUrl":"https:\/\/noticiasdefato.net\/wp-content\/uploads\/2025\/01\/vereadores-posse.jpeg","articleSection":["Destaques","Pol\u00edtica"],"inLanguage":"pt-BR","potentialAction":[{"@type":"CommentAction","name":"Comment","target":["https:\/\/noticiasdefato.net\/?p=2367#respond"]}]},{"@type":"WebPage","@id":"https:\/\/noticiasdefato.net\/?p=2367","url":"https:\/\/noticiasdefato.net\/?p=2367","name":"QUAL A SUA OPINI\u00c3O: RENOVA\u00c7\u00c3O FEZ BEM A C\u00c2MARA? - Not\u00edcias de Fato","isPartOf":{"@id":"https:\/\/noticiasdefato.net\/#website"},"primaryImageOfPage":{"@id":"https:\/\/noticiasdefato.net\/?p=2367#primaryimage"},"image":{"@id":"https:\/\/noticiasdefato.net\/?p=2367#primaryimage"},"thumbnailUrl":"https:\/\/noticiasdefato.net\/wp-content\/uploads\/2025\/01\/vereadores-posse.jpeg","datePublished":"2025-01-09T13:12:26+00:00","dateModified":"2025-01-09T13:18:48+00:00","description":"Vereadores de primeiro mandato t\u00eam trabalhado antes mesmo do in\u00edcio das reuni\u00f5es da c\u00e2mara.","breadcrumb":{"@id":"https:\/\/noticiasdefato.net\/?p=2367#breadcrumb"},"inLanguage":"pt-BR","potentialAction":[{"@type":"ReadAction","target":["https:\/\/noticiasdefato.net\/?p=2367"]}]},{"@type":"ImageObject","inLanguage":"pt-BR","@id":"https:\/\/noticiasdefato.net\/?p=2367#primaryimage","url":"https:\/\/noticiasdefato.net\/wp-content\/uploads\/2025\/01\/vereadores-posse.jpeg","contentUrl":"https:\/\/noticiasdefato.net\/wp-content\/uploads\/2025\/01\/vereadores-posse.jpeg","width":1200,"height":800},{"@type":"BreadcrumbList","@id":"https:\/\/noticiasdefato.net\/?p=2367#breadcrumb","itemListElement":[{"@type":"ListItem","position":1,"name":"In\u00edcio","item":"https:\/\/noticiasdefato.net\/"},{"@type":"ListItem","position":2,"name":"QUAL A SUA OPINI\u00c3O: RENOVA\u00c7\u00c3O FEZ BEM A C\u00c2MARA?"}]},{"@type":"WebSite","@id":"https:\/\/noticiasdefato.net\/#website","url":"https:\/\/noticiasdefato.net\/","name":"Not\u00edcias de Fato","description":"Trabalhamos com honestidade, seriedade e com a verdade.","publisher":{"@id":"https:\/\/noticiasdefato.net\/#organization"},"potentialAction":[{"@type":"SearchAction","target":{"@type":"EntryPoint","urlTemplate":"https:\/\/noticiasdefato.net\/?s={search_term_string}"},"query-input":"required name=search_term_string"}],"inLanguage":"pt-BR"},{"@type":"Organization","@id":"https:\/\/noticiasdefato.net\/#organization","name":"Not\u00edcias de Fato","url":"https:\/\/noticiasdefato.net\/","logo":{"@type":"ImageObject","inLanguage":"pt-BR","@id":"https:\/\/noticiasdefato.net\/#\/schema\/logo\/image\/","url":"https:\/\/noticiasdefato.net\/wp-content\/uploads\/2024\/02\/cropped-logo_topo.png","contentUrl":"https:\/\/noticiasdefato.net\/wp-content\/uploads\/2024\/02\/cropped-logo_topo.png","width":1948,"height":665,"caption":"Not\u00edcias de Fato"},"image":{"@id":"https:\/\/noticiasdefato.net\/#\/schema\/logo\/image\/"},"sameAs":["https:\/\/fb.com\/noticiasdefato.jornal","https:\/\/x.com\/noticiasdefato_","https:\/\/instagram.com\/noticiasdefato.jornal","https:\/\/youtube.com\/@JornalNoticiasDeFato"]},{"@type":"Person","@id":"https:\/\/noticiasdefato.net\/#\/schema\/person\/982ce60211d95acf059cd702aa260d08","name":"Noticias de Fato","image":{"@type":"ImageObject","inLanguage":"pt-BR","@id":"https:\/\/noticiasdefato.net\/#\/schema\/person\/image\/","url":"https:\/\/secure.gravatar.com\/avatar\/700227fab2316f0366a1b5d4988d10f847249cf13293450527ac9553c994611a?s=96&d=mm&r=g","contentUrl":"https:\/\/secure.gravatar.com\/avatar\/700227fab2316f0366a1b5d4988d10f847249cf13293450527ac9553c994611a?s=96&d=mm&r=g","caption":"Noticias de Fato"},"sameAs":["https:\/\/noticiasdefato.net","http:\/\/fb.com\/\/noticiasdefato.jornal","https:\/\/x.com\/https:\/\/twitter.com\/NoticiasDeFato_"],"url":"https:\/\/noticiasdefato.net\/?author=1"}]}},"_links":{"self":[{"href":"https:\/\/noticiasdefato.net\/index.php?rest_route=\/wp\/v2\/posts\/2367","targetHints":{"allow":["GET"]}}],"collection":[{"href":"https:\/\/noticiasdefato.net\/index.php?rest_route=\/wp\/v2\/posts"}],"about":[{"href":"https:\/\/noticiasdefato.net\/index.php?rest_route=\/wp\/v2\/types\/post"}],"author":[{"embeddable":true,"href":"https:\/\/noticiasdefato.net\/index.php?rest_route=\/wp\/v2\/users\/1"}],"replies":[{"embeddable":true,"href":"https:\/\/noticiasdefato.net\/index.php?rest_route=%2Fwp%2Fv2%2Fcomments&post=2367"}],"version-history":[{"count":2,"href":"https:\/\/noticiasdefato.net\/index.php?rest_route=\/wp\/v2\/posts\/2367\/revisions"}],"predecessor-version":[{"id":2376,"href":"https:\/\/noticiasdefato.net\/index.php?rest_route=\/wp\/v2\/posts\/2367\/revisions\/2376"}],"wp:featuredmedia":[{"embeddable":true,"href":"https:\/\/noticiasdefato.net\/index.php?rest_route=\/wp\/v2\/media\/2374"}],"wp:attachment":[{"href":"https:\/\/noticiasdefato.net\/index.php?rest_route=%2Fwp%2Fv2%2Fmedia&parent=2367"}],"wp:term":[{"taxonomy":"category","embeddable":true,"href":"https:\/\/noticiasdefato.net\/index.php?rest_route=%2Fwp%2Fv2%2Fcategories&post=2367"},{"taxonomy":"post_tag","embeddable":true,"href":"https:\/\/noticiasdefato.net\/index.php?rest_route=%2Fwp%2Fv2%2Ftags&post=2367"}],"curies":[{"name":"wp","href":"https:\/\/api.w.org\/{rel}","templated":true}]}}