{"id":2383,"date":"2025-01-09T11:11:29","date_gmt":"2025-01-09T14:11:29","guid":{"rendered":"https:\/\/noticiasdefato.net\/?p=2383"},"modified":"2025-01-09T11:11:29","modified_gmt":"2025-01-09T14:11:29","slug":"cemig-reforca-orientacoes-durante-tempestades-e-alagamentos","status":"publish","type":"post","link":"https:\/\/noticiasdefato.net\/?p=2383","title":{"rendered":"CEMIG REFOR\u00c7A ORIENTA\u00c7\u00d5ES DURANTE TEMPESTADES E ALAGAMENTOS"},"content":{"rendered":"\n<p><em>Minas Gerais deve receber grande quantidade de chuva nos pr\u00f3ximos dias.<\/em><\/p>\n\n\n\n<p>A\u00a0Companhia Energ\u00e9tica de Minas Gerais (Cemig)\u00a0alerta a popula\u00e7\u00e3o sobre os perigos da rede el\u00e9trica durante o per\u00edodo de chuvas e tempestades em Minas Gerais, que possui alta incid\u00eancia de descargas atmosf\u00e9ricas. Somente em 2024, a companhia registrou 1,5 milh\u00e3o\u00a0de raios em todo o estado. Desde o m\u00eas de outubro, quando teve in\u00edcio o per\u00edodo chuvoso, a empresa j\u00e1 contabilizou 943 mil descargas atmosf\u00e9ricas.<\/p>\n\n\n\n<p>O engenheiro eletricista da Cemig, Demetrio Aguiar, explica que as pessoas devem buscar abrigo seguro ao primeiro sinal de tempestade, em locais como um carro&nbsp;ou constru\u00e7\u00f5es de alvenaria. Al\u00e9m disso, deve-se evitar \u00e1reas descampadas, pr\u00f3ximas de \u00e1rvores e postes, bem como regi\u00f5es propensas a alagamentos.<\/p>\n\n\n\n<p>\u201cA prote\u00e7\u00e3o oferecida por carros e constru\u00e7\u00f5es de alvenaria contra raios se baseia no princ\u00edpio da &#8216;Gaiola de Faraday&#8217;. Essa teoria demonstra que uma estrutura condutora fechada, como a carroceria met\u00e1lica de um ve\u00edculo ou as paredes de concreto armado, atua como um escudo eletrost\u00e1tico. Quando um raio atinge essa estrutura, a corrente el\u00e9trica se dispersa pela superf\u00edcie externa, sem entrar em seu interior\u201d, explica.<\/p>\n\n\n\n<p>Caso uma pessoa se depare com um fio partido na rua, ele deve acionar a Cemig imediatamente pelo telefone 116, que est\u00e1 dispon\u00edvel 24 horas.<\/p>\n\n\n\n<p><strong>Cuidados nas resid\u00eancias<\/strong><\/p>\n\n\n\n<p>Em caso de alagamento, \u00e9 preciso desligar imediatamente o disjuntor geral antes de tocar em qualquer aparelho, para evitar choques el\u00e9tricos.<\/p>\n\n\n\n<p>\u201cAp\u00f3s a \u00e1gua baixar, \u00e9 fundamental que o morador contrate um eletricista experiente para vistoriar as instala\u00e7\u00f5es el\u00e9tricas antes de religar a energia. A \u00e1gua pode se infiltrar na tubula\u00e7\u00e3o, comprometendo a seguran\u00e7a da rede\u201d, afirma.<\/p>\n\n\n\n<p>Al\u00e9m disso, Dem\u00e9trio Aguiar recomenda que, em caso de tempestades, os aparelhos eletr\u00f4nicos sejam desligados da tomada para evitar danos causados por sobretens\u00f5es provocadas por raios.<\/p>\n\n\n\n<p>\u201cOs equipamentos eletr\u00f4nicos devem ser retirados da tomada durante tempestades com raios, pois a descarga atmosf\u00e9rica pr\u00f3xima \u00e0 resid\u00eancia pode causar sobretens\u00f5es na rede interna, danificando aparelhos ou causando choques el\u00e9tricos, mesmo com a rede da Cemig possuindo para-raios\u201d, alerta.<\/p>\n\n\n\n<p>De acordo com o especialista da companhia, o telefone celular s\u00f3 deve ser utilizado caso o carregador de bateria do aparelho n\u00e3o esteja conectado \u00e0 tomada. Essa recomenda\u00e7\u00e3o vale para qualquer situa\u00e7\u00e3o, independentemente se forem dias de chuva ou de sol.<\/p>\n\n\n\n<p><strong>Por:<\/strong> Ag\u00eancia Minas<\/p>\n","protected":false},"excerpt":{"rendered":"<p>Minas Gerais deve receber grande quantidade de chuva nos pr\u00f3ximos dias. <a href=\"https:\/\/noticiasdefato.net\/?p=2383\" class=\"more-link\">Continuar lendo <span class=\"screen-reader-text\">CEMIG REFOR\u00c7A ORIENTA\u00c7\u00d5ES DURANTE TEMPESTADES E ALAGAMENTOS<\/span><\/a><\/p>\n","protected":false},"author":1,"featured_media":2384,"comment_status":"open","ping_status":"open","sticky":false,"template":"","format":"standard","meta":{"footnotes":""},"categories":[15,34],"tags":[],"class_list":["post-2383","post","type-post","status-publish","format-standard","has-post-thumbnail","hentry","category-destaques","category-meio-ambiente"],"yoast_head":"<!-- This site is optimized with the Yoast SEO plugin v23.2 - https:\/\/yoast.com\/wordpress\/plugins\/seo\/ -->\n<title>CEMIG REFOR\u00c7A ORIENTA\u00c7\u00d5ES DURANTE TEMPESTADES E ALAGAMENTOS - Not\u00edcias de Fato<\/title>\n<meta name=\"description\" content=\"Minas Gerais deve receber grande quantidade de chuva nos pr\u00f3ximos dias.\" \/>\n<meta name=\"robots\" content=\"index, follow, max-snippet:-1, max-image-preview:large, max-video-preview:-1\" \/>\n<link rel=\"canonical\" href=\"https:\/\/noticiasdefato.net\/?p=2383\" \/>\n<meta property=\"og:locale\" content=\"pt_BR\" \/>\n<meta property=\"og:type\" content=\"article\" \/>\n<meta property=\"og:title\" content=\"CEMIG REFOR\u00c7A ORIENTA\u00c7\u00d5ES DURANTE TEMPESTADES E ALAGAMENTOS - Not\u00edcias de Fato\" \/>\n<meta property=\"og:description\" content=\"Minas Gerais deve receber grande quantidade de chuva nos pr\u00f3ximos dias.\" \/>\n<meta property=\"og:url\" content=\"https:\/\/noticiasdefato.net\/?p=2383\" \/>\n<meta property=\"og:site_name\" content=\"Not\u00edcias de Fato\" \/>\n<meta property=\"article:publisher\" content=\"https:\/\/fb.com\/noticiasdefato.jornal\" \/>\n<meta property=\"article:author\" content=\"http:\/\/fb.com\/\/noticiasdefato.jornal\" \/>\n<meta property=\"article:published_time\" content=\"2025-01-09T14:11:29+00:00\" \/>\n<meta property=\"og:image\" content=\"https:\/\/noticiasdefato.net\/wp-content\/uploads\/2025\/01\/image-22.png\" \/>\n\t<meta property=\"og:image:width\" content=\"940\" \/>\n\t<meta property=\"og:image:height\" content=\"350\" \/>\n\t<meta property=\"og:image:type\" content=\"image\/png\" \/>\n<meta name=\"author\" content=\"Noticias de Fato\" \/>\n<meta name=\"twitter:card\" content=\"summary_large_image\" \/>\n<meta name=\"twitter:creator\" content=\"@https:\/\/twitter.com\/NoticiasDeFato_\" \/>\n<meta name=\"twitter:site\" content=\"@noticiasdefato_\" \/>\n<meta name=\"twitter:label1\" content=\"Escrito por\" \/>\n\t<meta name=\"twitter:data1\" content=\"Noticias de Fato\" \/>\n\t<meta name=\"twitter:label2\" content=\"Est. tempo de leitura\" \/>\n\t<meta name=\"twitter:data2\" content=\"3 minutos\" \/>\n<script type=\"application\/ld+json\" class=\"yoast-schema-graph\">{\"@context\":\"https:\/\/schema.org\",\"@graph\":[{\"@type\":\"Article\",\"@id\":\"https:\/\/noticiasdefato.net\/?p=2383#article\",\"isPartOf\":{\"@id\":\"https:\/\/noticiasdefato.net\/?p=2383\"},\"author\":{\"name\":\"Noticias de Fato\",\"@id\":\"https:\/\/noticiasdefato.net\/#\/schema\/person\/982ce60211d95acf059cd702aa260d08\"},\"headline\":\"CEMIG REFOR\u00c7A ORIENTA\u00c7\u00d5ES DURANTE TEMPESTADES E ALAGAMENTOS\",\"datePublished\":\"2025-01-09T14:11:29+00:00\",\"dateModified\":\"2025-01-09T14:11:29+00:00\",\"mainEntityOfPage\":{\"@id\":\"https:\/\/noticiasdefato.net\/?p=2383\"},\"wordCount\":430,\"commentCount\":0,\"publisher\":{\"@id\":\"https:\/\/noticiasdefato.net\/#organization\"},\"image\":{\"@id\":\"https:\/\/noticiasdefato.net\/?p=2383#primaryimage\"},\"thumbnailUrl\":\"https:\/\/noticiasdefato.net\/wp-content\/uploads\/2025\/01\/image-22.png\",\"articleSection\":[\"Destaques\",\"Meio ambiente\"],\"inLanguage\":\"pt-BR\",\"potentialAction\":[{\"@type\":\"CommentAction\",\"name\":\"Comment\",\"target\":[\"https:\/\/noticiasdefato.net\/?p=2383#respond\"]}]},{\"@type\":\"WebPage\",\"@id\":\"https:\/\/noticiasdefato.net\/?p=2383\",\"url\":\"https:\/\/noticiasdefato.net\/?p=2383\",\"name\":\"CEMIG REFOR\u00c7A ORIENTA\u00c7\u00d5ES DURANTE TEMPESTADES E ALAGAMENTOS - Not\u00edcias de Fato\",\"isPartOf\":{\"@id\":\"https:\/\/noticiasdefato.net\/#website\"},\"primaryImageOfPage\":{\"@id\":\"https:\/\/noticiasdefato.net\/?p=2383#primaryimage\"},\"image\":{\"@id\":\"https:\/\/noticiasdefato.net\/?p=2383#primaryimage\"},\"thumbnailUrl\":\"https:\/\/noticiasdefato.net\/wp-content\/uploads\/2025\/01\/image-22.png\",\"datePublished\":\"2025-01-09T14:11:29+00:00\",\"dateModified\":\"2025-01-09T14:11:29+00:00\",\"description\":\"Minas Gerais deve receber grande quantidade de chuva nos pr\u00f3ximos dias.\",\"breadcrumb\":{\"@id\":\"https:\/\/noticiasdefato.net\/?p=2383#breadcrumb\"},\"inLanguage\":\"pt-BR\",\"potentialAction\":[{\"@type\":\"ReadAction\",\"target\":[\"https:\/\/noticiasdefato.net\/?p=2383\"]}]},{\"@type\":\"ImageObject\",\"inLanguage\":\"pt-BR\",\"@id\":\"https:\/\/noticiasdefato.net\/?p=2383#primaryimage\",\"url\":\"https:\/\/noticiasdefato.net\/wp-content\/uploads\/2025\/01\/image-22.png\",\"contentUrl\":\"https:\/\/noticiasdefato.net\/wp-content\/uploads\/2025\/01\/image-22.png\",\"width\":940,\"height\":350},{\"@type\":\"BreadcrumbList\",\"@id\":\"https:\/\/noticiasdefato.net\/?p=2383#breadcrumb\",\"itemListElement\":[{\"@type\":\"ListItem\",\"position\":1,\"name\":\"In\u00edcio\",\"item\":\"https:\/\/noticiasdefato.net\/\"},{\"@type\":\"ListItem\",\"position\":2,\"name\":\"CEMIG REFOR\u00c7A ORIENTA\u00c7\u00d5ES DURANTE TEMPESTADES E ALAGAMENTOS\"}]},{\"@type\":\"WebSite\",\"@id\":\"https:\/\/noticiasdefato.net\/#website\",\"url\":\"https:\/\/noticiasdefato.net\/\",\"name\":\"Not\u00edcias de Fato\",\"description\":\"Trabalhamos com honestidade, seriedade e com a verdade.\",\"publisher\":{\"@id\":\"https:\/\/noticiasdefato.net\/#organization\"},\"potentialAction\":[{\"@type\":\"SearchAction\",\"target\":{\"@type\":\"EntryPoint\",\"urlTemplate\":\"https:\/\/noticiasdefato.net\/?s={search_term_string}\"},\"query-input\":\"required name=search_term_string\"}],\"inLanguage\":\"pt-BR\"},{\"@type\":\"Organization\",\"@id\":\"https:\/\/noticiasdefato.net\/#organization\",\"name\":\"Not\u00edcias de Fato\",\"url\":\"https:\/\/noticiasdefato.net\/\",\"logo\":{\"@type\":\"ImageObject\",\"inLanguage\":\"pt-BR\",\"@id\":\"https:\/\/noticiasdefato.net\/#\/schema\/logo\/image\/\",\"url\":\"https:\/\/noticiasdefato.net\/wp-content\/uploads\/2024\/02\/cropped-logo_topo.png\",\"contentUrl\":\"https:\/\/noticiasdefato.net\/wp-content\/uploads\/2024\/02\/cropped-logo_topo.png\",\"width\":1948,\"height\":665,\"caption\":\"Not\u00edcias de Fato\"},\"image\":{\"@id\":\"https:\/\/noticiasdefato.net\/#\/schema\/logo\/image\/\"},\"sameAs\":[\"https:\/\/fb.com\/noticiasdefato.jornal\",\"https:\/\/x.com\/noticiasdefato_\",\"https:\/\/instagram.com\/noticiasdefato.jornal\",\"https:\/\/youtube.com\/@JornalNoticiasDeFato\"]},{\"@type\":\"Person\",\"@id\":\"https:\/\/noticiasdefato.net\/#\/schema\/person\/982ce60211d95acf059cd702aa260d08\",\"name\":\"Noticias de Fato\",\"image\":{\"@type\":\"ImageObject\",\"inLanguage\":\"pt-BR\",\"@id\":\"https:\/\/noticiasdefato.net\/#\/schema\/person\/image\/\",\"url\":\"https:\/\/secure.gravatar.com\/avatar\/700227fab2316f0366a1b5d4988d10f847249cf13293450527ac9553c994611a?s=96&d=mm&r=g\",\"contentUrl\":\"https:\/\/secure.gravatar.com\/avatar\/700227fab2316f0366a1b5d4988d10f847249cf13293450527ac9553c994611a?s=96&d=mm&r=g\",\"caption\":\"Noticias de Fato\"},\"sameAs\":[\"https:\/\/noticiasdefato.net\",\"http:\/\/fb.com\/\/noticiasdefato.jornal\",\"https:\/\/x.com\/https:\/\/twitter.com\/NoticiasDeFato_\"],\"url\":\"https:\/\/noticiasdefato.net\/?author=1\"}]}<\/script>\n<!-- \/ Yoast SEO plugin. -->","yoast_head_json":{"title":"CEMIG REFOR\u00c7A ORIENTA\u00c7\u00d5ES DURANTE TEMPESTADES E ALAGAMENTOS - Not\u00edcias de Fato","description":"Minas Gerais deve receber grande quantidade de chuva nos pr\u00f3ximos dias.","robots":{"index":"index","follow":"follow","max-snippet":"max-snippet:-1","max-image-preview":"max-image-preview:large","max-video-preview":"max-video-preview:-1"},"canonical":"https:\/\/noticiasdefato.net\/?p=2383","og_locale":"pt_BR","og_type":"article","og_title":"CEMIG REFOR\u00c7A ORIENTA\u00c7\u00d5ES DURANTE TEMPESTADES E ALAGAMENTOS - Not\u00edcias de Fato","og_description":"Minas Gerais deve receber grande quantidade de chuva nos pr\u00f3ximos dias.","og_url":"https:\/\/noticiasdefato.net\/?p=2383","og_site_name":"Not\u00edcias de Fato","article_publisher":"https:\/\/fb.com\/noticiasdefato.jornal","article_author":"http:\/\/fb.com\/\/noticiasdefato.jornal","article_published_time":"2025-01-09T14:11:29+00:00","og_image":[{"width":940,"height":350,"url":"https:\/\/noticiasdefato.net\/wp-content\/uploads\/2025\/01\/image-22.png","type":"image\/png"}],"author":"Noticias de Fato","twitter_card":"summary_large_image","twitter_creator":"@https:\/\/twitter.com\/NoticiasDeFato_","twitter_site":"@noticiasdefato_","twitter_misc":{"Escrito por":"Noticias de Fato","Est. tempo de leitura":"3 minutos"},"schema":{"@context":"https:\/\/schema.org","@graph":[{"@type":"Article","@id":"https:\/\/noticiasdefato.net\/?p=2383#article","isPartOf":{"@id":"https:\/\/noticiasdefato.net\/?p=2383"},"author":{"name":"Noticias de Fato","@id":"https:\/\/noticiasdefato.net\/#\/schema\/person\/982ce60211d95acf059cd702aa260d08"},"headline":"CEMIG REFOR\u00c7A ORIENTA\u00c7\u00d5ES DURANTE TEMPESTADES E ALAGAMENTOS","datePublished":"2025-01-09T14:11:29+00:00","dateModified":"2025-01-09T14:11:29+00:00","mainEntityOfPage":{"@id":"https:\/\/noticiasdefato.net\/?p=2383"},"wordCount":430,"commentCount":0,"publisher":{"@id":"https:\/\/noticiasdefato.net\/#organization"},"image":{"@id":"https:\/\/noticiasdefato.net\/?p=2383#primaryimage"},"thumbnailUrl":"https:\/\/noticiasdefato.net\/wp-content\/uploads\/2025\/01\/image-22.png","articleSection":["Destaques","Meio ambiente"],"inLanguage":"pt-BR","potentialAction":[{"@type":"CommentAction","name":"Comment","target":["https:\/\/noticiasdefato.net\/?p=2383#respond"]}]},{"@type":"WebPage","@id":"https:\/\/noticiasdefato.net\/?p=2383","url":"https:\/\/noticiasdefato.net\/?p=2383","name":"CEMIG REFOR\u00c7A ORIENTA\u00c7\u00d5ES DURANTE TEMPESTADES E ALAGAMENTOS - Not\u00edcias de Fato","isPartOf":{"@id":"https:\/\/noticiasdefato.net\/#website"},"primaryImageOfPage":{"@id":"https:\/\/noticiasdefato.net\/?p=2383#primaryimage"},"image":{"@id":"https:\/\/noticiasdefato.net\/?p=2383#primaryimage"},"thumbnailUrl":"https:\/\/noticiasdefato.net\/wp-content\/uploads\/2025\/01\/image-22.png","datePublished":"2025-01-09T14:11:29+00:00","dateModified":"2025-01-09T14:11:29+00:00","description":"Minas Gerais deve receber grande quantidade de chuva nos pr\u00f3ximos dias.","breadcrumb":{"@id":"https:\/\/noticiasdefato.net\/?p=2383#breadcrumb"},"inLanguage":"pt-BR","potentialAction":[{"@type":"ReadAction","target":["https:\/\/noticiasdefato.net\/?p=2383"]}]},{"@type":"ImageObject","inLanguage":"pt-BR","@id":"https:\/\/noticiasdefato.net\/?p=2383#primaryimage","url":"https:\/\/noticiasdefato.net\/wp-content\/uploads\/2025\/01\/image-22.png","contentUrl":"https:\/\/noticiasdefato.net\/wp-content\/uploads\/2025\/01\/image-22.png","width":940,"height":350},{"@type":"BreadcrumbList","@id":"https:\/\/noticiasdefato.net\/?p=2383#breadcrumb","itemListElement":[{"@type":"ListItem","position":1,"name":"In\u00edcio","item":"https:\/\/noticiasdefato.net\/"},{"@type":"ListItem","position":2,"name":"CEMIG REFOR\u00c7A ORIENTA\u00c7\u00d5ES DURANTE TEMPESTADES E ALAGAMENTOS"}]},{"@type":"WebSite","@id":"https:\/\/noticiasdefato.net\/#website","url":"https:\/\/noticiasdefato.net\/","name":"Not\u00edcias de Fato","description":"Trabalhamos com honestidade, seriedade e com a verdade.","publisher":{"@id":"https:\/\/noticiasdefato.net\/#organization"},"potentialAction":[{"@type":"SearchAction","target":{"@type":"EntryPoint","urlTemplate":"https:\/\/noticiasdefato.net\/?s={search_term_string}"},"query-input":"required name=search_term_string"}],"inLanguage":"pt-BR"},{"@type":"Organization","@id":"https:\/\/noticiasdefato.net\/#organization","name":"Not\u00edcias de Fato","url":"https:\/\/noticiasdefato.net\/","logo":{"@type":"ImageObject","inLanguage":"pt-BR","@id":"https:\/\/noticiasdefato.net\/#\/schema\/logo\/image\/","url":"https:\/\/noticiasdefato.net\/wp-content\/uploads\/2024\/02\/cropped-logo_topo.png","contentUrl":"https:\/\/noticiasdefato.net\/wp-content\/uploads\/2024\/02\/cropped-logo_topo.png","width":1948,"height":665,"caption":"Not\u00edcias de Fato"},"image":{"@id":"https:\/\/noticiasdefato.net\/#\/schema\/logo\/image\/"},"sameAs":["https:\/\/fb.com\/noticiasdefato.jornal","https:\/\/x.com\/noticiasdefato_","https:\/\/instagram.com\/noticiasdefato.jornal","https:\/\/youtube.com\/@JornalNoticiasDeFato"]},{"@type":"Person","@id":"https:\/\/noticiasdefato.net\/#\/schema\/person\/982ce60211d95acf059cd702aa260d08","name":"Noticias de Fato","image":{"@type":"ImageObject","inLanguage":"pt-BR","@id":"https:\/\/noticiasdefato.net\/#\/schema\/person\/image\/","url":"https:\/\/secure.gravatar.com\/avatar\/700227fab2316f0366a1b5d4988d10f847249cf13293450527ac9553c994611a?s=96&d=mm&r=g","contentUrl":"https:\/\/secure.gravatar.com\/avatar\/700227fab2316f0366a1b5d4988d10f847249cf13293450527ac9553c994611a?s=96&d=mm&r=g","caption":"Noticias de Fato"},"sameAs":["https:\/\/noticiasdefato.net","http:\/\/fb.com\/\/noticiasdefato.jornal","https:\/\/x.com\/https:\/\/twitter.com\/NoticiasDeFato_"],"url":"https:\/\/noticiasdefato.net\/?author=1"}]}},"_links":{"self":[{"href":"https:\/\/noticiasdefato.net\/index.php?rest_route=\/wp\/v2\/posts\/2383","targetHints":{"allow":["GET"]}}],"collection":[{"href":"https:\/\/noticiasdefato.net\/index.php?rest_route=\/wp\/v2\/posts"}],"about":[{"href":"https:\/\/noticiasdefato.net\/index.php?rest_route=\/wp\/v2\/types\/post"}],"author":[{"embeddable":true,"href":"https:\/\/noticiasdefato.net\/index.php?rest_route=\/wp\/v2\/users\/1"}],"replies":[{"embeddable":true,"href":"https:\/\/noticiasdefato.net\/index.php?rest_route=%2Fwp%2Fv2%2Fcomments&post=2383"}],"version-history":[{"count":1,"href":"https:\/\/noticiasdefato.net\/index.php?rest_route=\/wp\/v2\/posts\/2383\/revisions"}],"predecessor-version":[{"id":2385,"href":"https:\/\/noticiasdefato.net\/index.php?rest_route=\/wp\/v2\/posts\/2383\/revisions\/2385"}],"wp:featuredmedia":[{"embeddable":true,"href":"https:\/\/noticiasdefato.net\/index.php?rest_route=\/wp\/v2\/media\/2384"}],"wp:attachment":[{"href":"https:\/\/noticiasdefato.net\/index.php?rest_route=%2Fwp%2Fv2%2Fmedia&parent=2383"}],"wp:term":[{"taxonomy":"category","embeddable":true,"href":"https:\/\/noticiasdefato.net\/index.php?rest_route=%2Fwp%2Fv2%2Fcategories&post=2383"},{"taxonomy":"post_tag","embeddable":true,"href":"https:\/\/noticiasdefato.net\/index.php?rest_route=%2Fwp%2Fv2%2Ftags&post=2383"}],"curies":[{"name":"wp","href":"https:\/\/api.w.org\/{rel}","templated":true}]}}