{"id":2398,"date":"2025-03-09T10:32:49","date_gmt":"2025-03-09T13:32:49","guid":{"rendered":"https:\/\/noticiasdefato.net\/?p=2398"},"modified":"2025-03-09T11:04:57","modified_gmt":"2025-03-09T14:04:57","slug":"o-valor-da-propriedade-rural","status":"publish","type":"post","link":"https:\/\/noticiasdefato.net\/?p=2398","title":{"rendered":"O VALOR DA PROPRIEDADE RURAL"},"content":{"rendered":"\n<p><img decoding=\"async\" width=\"150\" height=\"183\" class=\"wp-image-2399\" style=\"width: 150px;\" src=\"https:\/\/noticiasdefato.net\/wp-content\/uploads\/2025\/03\/image.png\" alt=\"\" srcset=\"https:\/\/noticiasdefato.net\/wp-content\/uploads\/2025\/03\/image.png 909w, https:\/\/noticiasdefato.net\/wp-content\/uploads\/2025\/03\/image-247x300.png 247w, https:\/\/noticiasdefato.net\/wp-content\/uploads\/2025\/03\/image-842x1024.png 842w, https:\/\/noticiasdefato.net\/wp-content\/uploads\/2025\/03\/image-768x934.png 768w, https:\/\/noticiasdefato.net\/wp-content\/uploads\/2025\/03\/image-74x90.png 74w\" sizes=\"(max-width: 150px) 100vw, 150px\" \/> <strong>POR:<\/strong> <strong><em>Paulo Alexandre Bressan &#8211; L\u00edder do Partido Novo em Alfenas<\/em><\/strong><\/p>\n\n\n\n<p>Movimentos sociais de ocupa\u00e7\u00e3o de propriedades rurais causam muita como\u00e7\u00e3o e discuss\u00e3o, pois envolvem in\u00fameros elementos a serem considerados, como a hist\u00f3ria da propriedade, o direito de propriedade da \u00e1rea rural e a finalidade de sua utiliza\u00e7\u00e3o. Neste artigo, fa\u00e7o duas observa\u00e7\u00f5es: a primeira sobre a produtividade dessas propriedades ocupadas e a segunda sobre seu direito de propriedade, levando em conta que estamos em um pa\u00eds (ainda) democr\u00e1tico.<\/p>\n\n\n\n<p>Embora minha forma\u00e7\u00e3o seja da \u00e1rea de exatas, n\u00e3o utilizarei dados de pesquisas ou estat\u00edsticas, uma vez que suas an\u00e1lises e compara\u00e7\u00f5es s\u00e3o demasiadamente complexas, n\u00e3o havendo converg\u00eancia de ideias nem mesmo entre os especialistas no assunto. Farei, ent\u00e3o, minhas an\u00e1lises considerando minhas observa\u00e7\u00f5es e o acompanhamento de not\u00edcias.<\/p>\n\n\n\n<p>Esses movimentos surgiram h\u00e1 muito tempo no Brasil, em uma \u00e9poca em que existiam muitas terras n\u00e3o demarcadas ou improdutivas. As terras foram sendo demarcadas com o passar dos anos, e a falta de produ\u00e7\u00e3o nelas ocorreu quando o propriet\u00e1rio n\u00e3o tinha interesse em utiliz\u00e1-las e se contentava apenas com a valoriza\u00e7\u00e3o do im\u00f3vel. Muitos podem n\u00e3o gostar desta evolu\u00e7\u00e3o, mas, justo ou injusto, assim aconteceu.<\/p>\n\n\n\n<p>Hoje, existem poucos movimentos que conseguiram suas terras desejadas e mant\u00eam sua produtividade, mas a maior parte n\u00e3o \u00e9 sustent\u00e1vel. Muitos movimentos dependem de verbas dos in\u00fameros \u00f3rg\u00e3os do governo e de projetos de parlamentares, deputados e senadores. Ainda assim, quando vamos aos supermercados, hortifrutis ou quitandas, dificilmente encontramos produtos desses movimentos competindo com outros de produtores de alimentos, seja qual for nosso crit\u00e9rio de qualidade, pre\u00e7o, apar\u00eancia, durabilidade ou outros. Para que o trabalho resultante desses movimentos sejam competitivos, sempre haver\u00e1 algo a melhorar, e precisar\u00e3o de verba para faz\u00ea-lo, que, claro, vir\u00e1 do dinheiro p\u00fablico e, portanto, de um pedacinho do dinheiro de cada contribuinte. Al\u00e9m disso, esses grupos precisar\u00e3o de escolas, professores, ambulat\u00f3rios, casas para as fam\u00edlias e muito mais.<\/p>\n\n\n\n<figure class=\"wp-block-gallery has-nested-images columns-default is-cropped wp-block-gallery-1 is-layout-flex wp-block-gallery-is-layout-flex\">\n<figure class=\"wp-block-image size-large\"><img fetchpriority=\"high\" decoding=\"async\" width=\"380\" height=\"253\" data-id=\"2402\" src=\"https:\/\/noticiasdefato.net\/wp-content\/uploads\/2025\/03\/image-3.png\" alt=\"\" class=\"wp-image-2402\" srcset=\"https:\/\/noticiasdefato.net\/wp-content\/uploads\/2025\/03\/image-3.png 380w, https:\/\/noticiasdefato.net\/wp-content\/uploads\/2025\/03\/image-3-300x200.png 300w, https:\/\/noticiasdefato.net\/wp-content\/uploads\/2025\/03\/image-3-135x90.png 135w\" sizes=\"(max-width: 380px) 100vw, 380px\" \/><\/figure>\n\n\n\n<figure class=\"wp-block-image size-large\"><img decoding=\"async\" width=\"860\" height=\"574\" data-id=\"2401\" src=\"https:\/\/noticiasdefato.net\/wp-content\/uploads\/2025\/03\/image-2.png\" alt=\"\" class=\"wp-image-2401\" srcset=\"https:\/\/noticiasdefato.net\/wp-content\/uploads\/2025\/03\/image-2.png 860w, https:\/\/noticiasdefato.net\/wp-content\/uploads\/2025\/03\/image-2-300x200.png 300w, https:\/\/noticiasdefato.net\/wp-content\/uploads\/2025\/03\/image-2-768x513.png 768w, https:\/\/noticiasdefato.net\/wp-content\/uploads\/2025\/03\/image-2-135x90.png 135w\" sizes=\"(max-width: 860px) 100vw, 860px\" \/><\/figure>\n\n\n\n<figure class=\"wp-block-image size-large\"><img loading=\"lazy\" decoding=\"async\" width=\"380\" height=\"253\" data-id=\"2400\" src=\"https:\/\/noticiasdefato.net\/wp-content\/uploads\/2025\/03\/image-1.png\" alt=\"\" class=\"wp-image-2400\" srcset=\"https:\/\/noticiasdefato.net\/wp-content\/uploads\/2025\/03\/image-1.png 380w, https:\/\/noticiasdefato.net\/wp-content\/uploads\/2025\/03\/image-1-300x200.png 300w, https:\/\/noticiasdefato.net\/wp-content\/uploads\/2025\/03\/image-1-135x90.png 135w\" sizes=\"(max-width: 380px) 100vw, 380px\" \/><\/figure>\n<\/figure>\n\n\n\n<p>Situa\u00e7\u00e3o bem diferente vivem os produtores de alimentos que precisam empreender. Estes compram terras com seus pr\u00f3prios recursos, sejam herdadas, financiados ou resultantes de seu suor por anos de trabalho. Depois, passam por um longo per\u00edodo de planejamento: quais sementes, quais insumos, quais corretivos, quais equipamentos, quais as previs\u00f5es para a pr\u00f3xima safra, qual o melhor per\u00edodo de prepara\u00e7\u00e3o, plantio, aduba\u00e7\u00e3o, colheita, al\u00e9m do acompanhamento constante de doen\u00e7as e pragas. E o resultado disso tudo ser\u00e1 conhecido somente meses depois.<\/p>\n\n\n\n<p>Naturalmente, vamos pensar: mas isso tudo tamb\u00e9m acontece com os agricultores dos movimentos sociais. \u00c9 verdade. Mas o problema \u00e9: quem pagar\u00e1 a conta se tudo isso der errado no final? O produtor de alimentos ter\u00e1 de arcar com o preju\u00edzo, se explicar ao banco, acionar o seguro ou vender algo de valor, se n\u00e3o for a pr\u00f3pria propriedade. Enquanto isso, os movimentos sociais continuar\u00e3o a reclamar por melhores condi\u00e7\u00f5es de trabalho e por mais recursos.<\/p>\n\n\n\n<p>Agora, o direito \u00e0 propriedade \u00e9 essencial numa sociedade que deseja melhorar a qualidade de vida de seus cidad\u00e3os. A propriedade pode ser qualquer coisa, carros, casas, bicicletas e im\u00f3veis rurais, sejam fazendas, s\u00edtios ou ro\u00e7as. Num local que n\u00e3o esteja demarcado \u00e9 f\u00e1cil resolver, algu\u00e9m ocupa, entra com pedido na justi\u00e7a, aguarda o devido processo legal e, se n\u00e3o houver contesta\u00e7\u00f5es, pronto, tornou-se um propriet\u00e1rio do im\u00f3vel por mais longa que seja esta espera.<\/p>\n\n\n\n<p>Mas vamos pensar nas situa\u00e7\u00f5es em que um im\u00f3vel tenha um propriet\u00e1rio, mesmo que seja um banco, com processos na justi\u00e7a por qualquer raz\u00e3o. Primeiro, numa sociedade democr\u00e1tica \u00e9 fundamental que quando uma propriedade seja de algu\u00e9m, produtiva ou n\u00e3o, endividada ou n\u00e3o, seu propriet\u00e1rio a utilize se e quando quiser. Para ver o quanto isso \u00e9 fundamental, vamos analisar o contr\u00e1rio, uma sociedade onde uma \u00e1rea possa ser ocupada por pessoas por algum motivo. Esta sociedade naturalmente se corromper\u00e1, j\u00e1 que, ao inv\u00e9s de produzir algo importante, seus cidad\u00e3os ficariam mais preocupados em proteger suas propriedades de qualquer motivo que possa parecer uma amea\u00e7a. Assim, n\u00e3o existe qualquer situa\u00e7\u00e3o em que uma ocupa\u00e7\u00e3o possa ser permitida.<\/p>\n\n\n\n<p>Mas os problemas maiores de ocupa\u00e7\u00e3o est\u00e3o nas situa\u00e7\u00f5es que envolvem propriedades com processos na Justi\u00e7a. Somente a demora da Justi\u00e7a em resolver os processos j\u00e1 causam enormes preju\u00edzos para os envolvidos. O tempo do processo impede a propriedade de receber os devidos cuidados e investimentos, devido ao risco envolvido. E assim a sociedade tamb\u00e9m sofrer\u00e1 pois n\u00e3o receber\u00e1 seus melhores frutos.<\/p>\n\n\n\n<p>Ainda que uma propriedade tenha sido tomada pela Justi\u00e7a, por d\u00edvidas, abandono ou qualquer outro motivo, \u00e9 fundamental respeitar o devido processo legal, que obrigatoriamente termina em um leil\u00e3o. Simples assim: quem ofertar o maior valor torna-se propriet\u00e1rio e retorna para a sociedade o melhor valor poss\u00edvel. Obviamente, faz parte do processo legal que os insatisfeitos recorram, mas, enquanto n\u00e3o terminar, somente o ganhador do leil\u00e3o poder\u00e1 utilizar a propriedade. Qualquer outra situa\u00e7\u00e3o, novamente, corromper\u00e1 a sociedade.<\/p>\n\n\n\n<p>Finalmente, lamento pelas fam\u00edlias envolvidas nesses movimentos sociais, pois \u00e9 conhecido o fato de serem usadas como massa de manobra por agentes pol\u00edticos. E lamento ainda mais por muitas outras fam\u00edlias, que moram em muitos outros lugares, que tamb\u00e9m passam por muitas dificuldades, que pagam muitos impostos, que n\u00e3o conseguem comprar seus alimentos e que recebem apenas migalhas do governo.<\/p>\n\n\n\n<p><strong>SOBRE O AUTOR:<\/strong><\/p>\n\n\n\n<p><strong><em>Paulo Alexandre Bressan<\/em><\/strong> \u00e9 graduado em Ci\u00eancia da Computa\u00e7\u00e3o pela UNESP, mestre em Ci\u00eancia da Computa\u00e7\u00e3o pela UFSCAR e doutor em Engenharia El\u00e9trica pela USP.<\/p>\n","protected":false},"excerpt":{"rendered":"<p>POR: Paulo Alexandre Bressan &#8211; L\u00edder do Partido Novo em Alfenas Movimentos sociais de ocupa\u00e7\u00e3o de propriedades rurais causam muita como\u00e7\u00e3o e discuss\u00e3o, pois envolvem in\u00fameros elementos a serem considerados, como a hist\u00f3ria da propriedade, o direito de propriedade da \u00e1rea rural e a finalidade de sua utiliza\u00e7\u00e3o. Neste artigo, fa\u00e7o duas observa\u00e7\u00f5es: a primeira sobre a produtividade dessas propriedades ocupadas e a segunda sobre &hellip; <a href=\"https:\/\/noticiasdefato.net\/?p=2398\" class=\"more-link\">Continuar lendo <span class=\"screen-reader-text\">O VALOR DA PROPRIEDADE RURAL<\/span><\/a><\/p>\n","protected":false},"author":1,"featured_media":2403,"comment_status":"open","ping_status":"open","sticky":false,"template":"","format":"standard","meta":{"footnotes":""},"categories":[1],"tags":[],"class_list":["post-2398","post","type-post","status-publish","format-standard","has-post-thumbnail","hentry","category-geral"],"yoast_head":"<!-- This site is optimized with the Yoast SEO plugin v23.2 - https:\/\/yoast.com\/wordpress\/plugins\/seo\/ -->\n<title>O VALOR DA PROPRIEDADE RURAL - Not\u00edcias de Fato<\/title>\n<meta name=\"robots\" content=\"index, follow, max-snippet:-1, max-image-preview:large, max-video-preview:-1\" \/>\n<link rel=\"canonical\" href=\"https:\/\/noticiasdefato.net\/?p=2398\" \/>\n<meta property=\"og:locale\" content=\"pt_BR\" \/>\n<meta property=\"og:type\" content=\"article\" \/>\n<meta property=\"og:title\" content=\"O VALOR DA PROPRIEDADE RURAL - Not\u00edcias de Fato\" \/>\n<meta property=\"og:description\" content=\"POR: Paulo Alexandre Bressan &#8211; L\u00edder do Partido Novo em Alfenas Movimentos sociais de ocupa\u00e7\u00e3o de propriedades rurais causam muita como\u00e7\u00e3o e discuss\u00e3o, pois envolvem in\u00fameros elementos a serem considerados, como a hist\u00f3ria da propriedade, o direito de propriedade da \u00e1rea rural e a finalidade de sua utiliza\u00e7\u00e3o. Neste artigo, fa\u00e7o duas observa\u00e7\u00f5es: a primeira sobre a produtividade dessas propriedades ocupadas e a segunda sobre &hellip;\" \/>\n<meta property=\"og:url\" content=\"https:\/\/noticiasdefato.net\/?p=2398\" \/>\n<meta property=\"og:site_name\" content=\"Not\u00edcias de Fato\" \/>\n<meta property=\"article:publisher\" content=\"https:\/\/fb.com\/noticiasdefato.jornal\" \/>\n<meta property=\"article:author\" content=\"http:\/\/fb.com\/\/noticiasdefato.jornal\" \/>\n<meta property=\"article:published_time\" content=\"2025-03-09T13:32:49+00:00\" \/>\n<meta property=\"article:modified_time\" content=\"2025-03-09T14:04:57+00:00\" \/>\n<meta property=\"og:image\" content=\"https:\/\/noticiasdefato.net\/wp-content\/uploads\/2025\/03\/image-4-1024x768.png\" \/>\n\t<meta property=\"og:image:width\" content=\"1024\" \/>\n\t<meta property=\"og:image:height\" content=\"768\" \/>\n\t<meta property=\"og:image:type\" content=\"image\/png\" \/>\n<meta name=\"author\" content=\"Noticias de Fato\" \/>\n<meta name=\"twitter:card\" content=\"summary_large_image\" \/>\n<meta name=\"twitter:creator\" content=\"@https:\/\/twitter.com\/NoticiasDeFato_\" \/>\n<meta name=\"twitter:site\" content=\"@noticiasdefato_\" \/>\n<meta name=\"twitter:label1\" content=\"Escrito por\" \/>\n\t<meta name=\"twitter:data1\" content=\"Noticias de Fato\" \/>\n\t<meta name=\"twitter:label2\" content=\"Est. tempo de leitura\" \/>\n\t<meta name=\"twitter:data2\" content=\"6 minutos\" \/>\n<script type=\"application\/ld+json\" class=\"yoast-schema-graph\">{\"@context\":\"https:\/\/schema.org\",\"@graph\":[{\"@type\":\"Article\",\"@id\":\"https:\/\/noticiasdefato.net\/?p=2398#article\",\"isPartOf\":{\"@id\":\"https:\/\/noticiasdefato.net\/?p=2398\"},\"author\":{\"name\":\"Noticias de Fato\",\"@id\":\"https:\/\/noticiasdefato.net\/#\/schema\/person\/982ce60211d95acf059cd702aa260d08\"},\"headline\":\"O VALOR DA PROPRIEDADE RURAL\",\"datePublished\":\"2025-03-09T13:32:49+00:00\",\"dateModified\":\"2025-03-09T14:04:57+00:00\",\"mainEntityOfPage\":{\"@id\":\"https:\/\/noticiasdefato.net\/?p=2398\"},\"wordCount\":1004,\"commentCount\":0,\"publisher\":{\"@id\":\"https:\/\/noticiasdefato.net\/#organization\"},\"image\":{\"@id\":\"https:\/\/noticiasdefato.net\/?p=2398#primaryimage\"},\"thumbnailUrl\":\"https:\/\/noticiasdefato.net\/wp-content\/uploads\/2025\/03\/image-4.png\",\"articleSection\":[\"Geral\"],\"inLanguage\":\"pt-BR\",\"potentialAction\":[{\"@type\":\"CommentAction\",\"name\":\"Comment\",\"target\":[\"https:\/\/noticiasdefato.net\/?p=2398#respond\"]}]},{\"@type\":\"WebPage\",\"@id\":\"https:\/\/noticiasdefato.net\/?p=2398\",\"url\":\"https:\/\/noticiasdefato.net\/?p=2398\",\"name\":\"O VALOR DA PROPRIEDADE RURAL - Not\u00edcias de Fato\",\"isPartOf\":{\"@id\":\"https:\/\/noticiasdefato.net\/#website\"},\"primaryImageOfPage\":{\"@id\":\"https:\/\/noticiasdefato.net\/?p=2398#primaryimage\"},\"image\":{\"@id\":\"https:\/\/noticiasdefato.net\/?p=2398#primaryimage\"},\"thumbnailUrl\":\"https:\/\/noticiasdefato.net\/wp-content\/uploads\/2025\/03\/image-4.png\",\"datePublished\":\"2025-03-09T13:32:49+00:00\",\"dateModified\":\"2025-03-09T14:04:57+00:00\",\"breadcrumb\":{\"@id\":\"https:\/\/noticiasdefato.net\/?p=2398#breadcrumb\"},\"inLanguage\":\"pt-BR\",\"potentialAction\":[{\"@type\":\"ReadAction\",\"target\":[\"https:\/\/noticiasdefato.net\/?p=2398\"]}]},{\"@type\":\"ImageObject\",\"inLanguage\":\"pt-BR\",\"@id\":\"https:\/\/noticiasdefato.net\/?p=2398#primaryimage\",\"url\":\"https:\/\/noticiasdefato.net\/wp-content\/uploads\/2025\/03\/image-4.png\",\"contentUrl\":\"https:\/\/noticiasdefato.net\/wp-content\/uploads\/2025\/03\/image-4.png\",\"width\":1200,\"height\":900},{\"@type\":\"BreadcrumbList\",\"@id\":\"https:\/\/noticiasdefato.net\/?p=2398#breadcrumb\",\"itemListElement\":[{\"@type\":\"ListItem\",\"position\":1,\"name\":\"In\u00edcio\",\"item\":\"https:\/\/noticiasdefato.net\/\"},{\"@type\":\"ListItem\",\"position\":2,\"name\":\"O VALOR DA PROPRIEDADE RURAL\"}]},{\"@type\":\"WebSite\",\"@id\":\"https:\/\/noticiasdefato.net\/#website\",\"url\":\"https:\/\/noticiasdefato.net\/\",\"name\":\"Not\u00edcias de Fato\",\"description\":\"Trabalhamos com honestidade, seriedade e com a verdade.\",\"publisher\":{\"@id\":\"https:\/\/noticiasdefato.net\/#organization\"},\"potentialAction\":[{\"@type\":\"SearchAction\",\"target\":{\"@type\":\"EntryPoint\",\"urlTemplate\":\"https:\/\/noticiasdefato.net\/?s={search_term_string}\"},\"query-input\":\"required name=search_term_string\"}],\"inLanguage\":\"pt-BR\"},{\"@type\":\"Organization\",\"@id\":\"https:\/\/noticiasdefato.net\/#organization\",\"name\":\"Not\u00edcias de Fato\",\"url\":\"https:\/\/noticiasdefato.net\/\",\"logo\":{\"@type\":\"ImageObject\",\"inLanguage\":\"pt-BR\",\"@id\":\"https:\/\/noticiasdefato.net\/#\/schema\/logo\/image\/\",\"url\":\"https:\/\/noticiasdefato.net\/wp-content\/uploads\/2024\/02\/cropped-logo_topo.png\",\"contentUrl\":\"https:\/\/noticiasdefato.net\/wp-content\/uploads\/2024\/02\/cropped-logo_topo.png\",\"width\":1948,\"height\":665,\"caption\":\"Not\u00edcias de Fato\"},\"image\":{\"@id\":\"https:\/\/noticiasdefato.net\/#\/schema\/logo\/image\/\"},\"sameAs\":[\"https:\/\/fb.com\/noticiasdefato.jornal\",\"https:\/\/x.com\/noticiasdefato_\",\"https:\/\/instagram.com\/noticiasdefato.jornal\",\"https:\/\/youtube.com\/@JornalNoticiasDeFato\"]},{\"@type\":\"Person\",\"@id\":\"https:\/\/noticiasdefato.net\/#\/schema\/person\/982ce60211d95acf059cd702aa260d08\",\"name\":\"Noticias de Fato\",\"image\":{\"@type\":\"ImageObject\",\"inLanguage\":\"pt-BR\",\"@id\":\"https:\/\/noticiasdefato.net\/#\/schema\/person\/image\/\",\"url\":\"https:\/\/secure.gravatar.com\/avatar\/700227fab2316f0366a1b5d4988d10f847249cf13293450527ac9553c994611a?s=96&d=mm&r=g\",\"contentUrl\":\"https:\/\/secure.gravatar.com\/avatar\/700227fab2316f0366a1b5d4988d10f847249cf13293450527ac9553c994611a?s=96&d=mm&r=g\",\"caption\":\"Noticias de Fato\"},\"sameAs\":[\"https:\/\/noticiasdefato.net\",\"http:\/\/fb.com\/\/noticiasdefato.jornal\",\"https:\/\/x.com\/https:\/\/twitter.com\/NoticiasDeFato_\"],\"url\":\"https:\/\/noticiasdefato.net\/?author=1\"}]}<\/script>\n<!-- \/ Yoast SEO plugin. -->","yoast_head_json":{"title":"O VALOR DA PROPRIEDADE RURAL - Not\u00edcias de Fato","robots":{"index":"index","follow":"follow","max-snippet":"max-snippet:-1","max-image-preview":"max-image-preview:large","max-video-preview":"max-video-preview:-1"},"canonical":"https:\/\/noticiasdefato.net\/?p=2398","og_locale":"pt_BR","og_type":"article","og_title":"O VALOR DA PROPRIEDADE RURAL - Not\u00edcias de Fato","og_description":"POR: Paulo Alexandre Bressan &#8211; L\u00edder do Partido Novo em Alfenas Movimentos sociais de ocupa\u00e7\u00e3o de propriedades rurais causam muita como\u00e7\u00e3o e discuss\u00e3o, pois envolvem in\u00fameros elementos a serem considerados, como a hist\u00f3ria da propriedade, o direito de propriedade da \u00e1rea rural e a finalidade de sua utiliza\u00e7\u00e3o. Neste artigo, fa\u00e7o duas observa\u00e7\u00f5es: a primeira sobre a produtividade dessas propriedades ocupadas e a segunda sobre &hellip;","og_url":"https:\/\/noticiasdefato.net\/?p=2398","og_site_name":"Not\u00edcias de Fato","article_publisher":"https:\/\/fb.com\/noticiasdefato.jornal","article_author":"http:\/\/fb.com\/\/noticiasdefato.jornal","article_published_time":"2025-03-09T13:32:49+00:00","article_modified_time":"2025-03-09T14:04:57+00:00","og_image":[{"width":1024,"height":768,"url":"https:\/\/noticiasdefato.net\/wp-content\/uploads\/2025\/03\/image-4-1024x768.png","type":"image\/png"}],"author":"Noticias de Fato","twitter_card":"summary_large_image","twitter_creator":"@https:\/\/twitter.com\/NoticiasDeFato_","twitter_site":"@noticiasdefato_","twitter_misc":{"Escrito por":"Noticias de Fato","Est. tempo de leitura":"6 minutos"},"schema":{"@context":"https:\/\/schema.org","@graph":[{"@type":"Article","@id":"https:\/\/noticiasdefato.net\/?p=2398#article","isPartOf":{"@id":"https:\/\/noticiasdefato.net\/?p=2398"},"author":{"name":"Noticias de Fato","@id":"https:\/\/noticiasdefato.net\/#\/schema\/person\/982ce60211d95acf059cd702aa260d08"},"headline":"O VALOR DA PROPRIEDADE RURAL","datePublished":"2025-03-09T13:32:49+00:00","dateModified":"2025-03-09T14:04:57+00:00","mainEntityOfPage":{"@id":"https:\/\/noticiasdefato.net\/?p=2398"},"wordCount":1004,"commentCount":0,"publisher":{"@id":"https:\/\/noticiasdefato.net\/#organization"},"image":{"@id":"https:\/\/noticiasdefato.net\/?p=2398#primaryimage"},"thumbnailUrl":"https:\/\/noticiasdefato.net\/wp-content\/uploads\/2025\/03\/image-4.png","articleSection":["Geral"],"inLanguage":"pt-BR","potentialAction":[{"@type":"CommentAction","name":"Comment","target":["https:\/\/noticiasdefato.net\/?p=2398#respond"]}]},{"@type":"WebPage","@id":"https:\/\/noticiasdefato.net\/?p=2398","url":"https:\/\/noticiasdefato.net\/?p=2398","name":"O VALOR DA PROPRIEDADE RURAL - Not\u00edcias de Fato","isPartOf":{"@id":"https:\/\/noticiasdefato.net\/#website"},"primaryImageOfPage":{"@id":"https:\/\/noticiasdefato.net\/?p=2398#primaryimage"},"image":{"@id":"https:\/\/noticiasdefato.net\/?p=2398#primaryimage"},"thumbnailUrl":"https:\/\/noticiasdefato.net\/wp-content\/uploads\/2025\/03\/image-4.png","datePublished":"2025-03-09T13:32:49+00:00","dateModified":"2025-03-09T14:04:57+00:00","breadcrumb":{"@id":"https:\/\/noticiasdefato.net\/?p=2398#breadcrumb"},"inLanguage":"pt-BR","potentialAction":[{"@type":"ReadAction","target":["https:\/\/noticiasdefato.net\/?p=2398"]}]},{"@type":"ImageObject","inLanguage":"pt-BR","@id":"https:\/\/noticiasdefato.net\/?p=2398#primaryimage","url":"https:\/\/noticiasdefato.net\/wp-content\/uploads\/2025\/03\/image-4.png","contentUrl":"https:\/\/noticiasdefato.net\/wp-content\/uploads\/2025\/03\/image-4.png","width":1200,"height":900},{"@type":"BreadcrumbList","@id":"https:\/\/noticiasdefato.net\/?p=2398#breadcrumb","itemListElement":[{"@type":"ListItem","position":1,"name":"In\u00edcio","item":"https:\/\/noticiasdefato.net\/"},{"@type":"ListItem","position":2,"name":"O VALOR DA PROPRIEDADE RURAL"}]},{"@type":"WebSite","@id":"https:\/\/noticiasdefato.net\/#website","url":"https:\/\/noticiasdefato.net\/","name":"Not\u00edcias de Fato","description":"Trabalhamos com honestidade, seriedade e com a verdade.","publisher":{"@id":"https:\/\/noticiasdefato.net\/#organization"},"potentialAction":[{"@type":"SearchAction","target":{"@type":"EntryPoint","urlTemplate":"https:\/\/noticiasdefato.net\/?s={search_term_string}"},"query-input":"required name=search_term_string"}],"inLanguage":"pt-BR"},{"@type":"Organization","@id":"https:\/\/noticiasdefato.net\/#organization","name":"Not\u00edcias de Fato","url":"https:\/\/noticiasdefato.net\/","logo":{"@type":"ImageObject","inLanguage":"pt-BR","@id":"https:\/\/noticiasdefato.net\/#\/schema\/logo\/image\/","url":"https:\/\/noticiasdefato.net\/wp-content\/uploads\/2024\/02\/cropped-logo_topo.png","contentUrl":"https:\/\/noticiasdefato.net\/wp-content\/uploads\/2024\/02\/cropped-logo_topo.png","width":1948,"height":665,"caption":"Not\u00edcias de Fato"},"image":{"@id":"https:\/\/noticiasdefato.net\/#\/schema\/logo\/image\/"},"sameAs":["https:\/\/fb.com\/noticiasdefato.jornal","https:\/\/x.com\/noticiasdefato_","https:\/\/instagram.com\/noticiasdefato.jornal","https:\/\/youtube.com\/@JornalNoticiasDeFato"]},{"@type":"Person","@id":"https:\/\/noticiasdefato.net\/#\/schema\/person\/982ce60211d95acf059cd702aa260d08","name":"Noticias de Fato","image":{"@type":"ImageObject","inLanguage":"pt-BR","@id":"https:\/\/noticiasdefato.net\/#\/schema\/person\/image\/","url":"https:\/\/secure.gravatar.com\/avatar\/700227fab2316f0366a1b5d4988d10f847249cf13293450527ac9553c994611a?s=96&d=mm&r=g","contentUrl":"https:\/\/secure.gravatar.com\/avatar\/700227fab2316f0366a1b5d4988d10f847249cf13293450527ac9553c994611a?s=96&d=mm&r=g","caption":"Noticias de Fato"},"sameAs":["https:\/\/noticiasdefato.net","http:\/\/fb.com\/\/noticiasdefato.jornal","https:\/\/x.com\/https:\/\/twitter.com\/NoticiasDeFato_"],"url":"https:\/\/noticiasdefato.net\/?author=1"}]}},"_links":{"self":[{"href":"https:\/\/noticiasdefato.net\/index.php?rest_route=\/wp\/v2\/posts\/2398","targetHints":{"allow":["GET"]}}],"collection":[{"href":"https:\/\/noticiasdefato.net\/index.php?rest_route=\/wp\/v2\/posts"}],"about":[{"href":"https:\/\/noticiasdefato.net\/index.php?rest_route=\/wp\/v2\/types\/post"}],"author":[{"embeddable":true,"href":"https:\/\/noticiasdefato.net\/index.php?rest_route=\/wp\/v2\/users\/1"}],"replies":[{"embeddable":true,"href":"https:\/\/noticiasdefato.net\/index.php?rest_route=%2Fwp%2Fv2%2Fcomments&post=2398"}],"version-history":[{"count":4,"href":"https:\/\/noticiasdefato.net\/index.php?rest_route=\/wp\/v2\/posts\/2398\/revisions"}],"predecessor-version":[{"id":2409,"href":"https:\/\/noticiasdefato.net\/index.php?rest_route=\/wp\/v2\/posts\/2398\/revisions\/2409"}],"wp:featuredmedia":[{"embeddable":true,"href":"https:\/\/noticiasdefato.net\/index.php?rest_route=\/wp\/v2\/media\/2403"}],"wp:attachment":[{"href":"https:\/\/noticiasdefato.net\/index.php?rest_route=%2Fwp%2Fv2%2Fmedia&parent=2398"}],"wp:term":[{"taxonomy":"category","embeddable":true,"href":"https:\/\/noticiasdefato.net\/index.php?rest_route=%2Fwp%2Fv2%2Fcategories&post=2398"},{"taxonomy":"post_tag","embeddable":true,"href":"https:\/\/noticiasdefato.net\/index.php?rest_route=%2Fwp%2Fv2%2Ftags&post=2398"}],"curies":[{"name":"wp","href":"https:\/\/api.w.org\/{rel}","templated":true}]}}