{"id":634,"date":"2024-02-10T12:19:21","date_gmt":"2024-02-10T15:19:21","guid":{"rendered":"https:\/\/noticiasdefato.net\/?p=634"},"modified":"2024-02-10T13:38:16","modified_gmt":"2024-02-10T16:38:16","slug":"sul-de-minas-tem-mais-uma-morte-por-dengue","status":"publish","type":"post","link":"https:\/\/noticiasdefato.net\/?p=634","title":{"rendered":"SUL DE MINAS TEM MAIS UMA MORTE POR DENGUE"},"content":{"rendered":"\n<p>A primeira morte foi em Monte Belo, que pertence \u00e0 regional de sa\u00fade de Alfenas, e o segundo \u00f3bito foi em Arceburgo.<\/p>\n\n\n\n<p style=\"font-size:15px\">Na semana que antecede o carnaval, as not\u00edcias n\u00e3o s\u00e3o motivo de alegria para a regi\u00e3o, a Secretaria de Estado de Sa\u00fade &#8211; SES MG registrou a segunda morte causada por dengue, aqui no Sul de Minas, desta vez, na cidade de Arceburgo.<\/p>\n\n\n\n<p style=\"font-size:15px\">Segundo a SES-MG, um homem, entre 80 e 89 anos, apresentou os sintomas no dia 13 de janeiro e a morte foi notificada no dia 18 de janeiro.<\/p>\n\n\n\n<p style=\"font-size:15px\">Lembrando que a primeira morte, foi confirmada em Monte Belo, cidade que pertence \u00e0 Regional de Sa\u00fade de Alfenas. A v\u00edtima foi uma mulher de pouco mais de 70 anos.<\/p>\n\n\n\n<p style=\"font-size:15px\">Em Alfenas a situa\u00e7\u00e3o, n\u00e3o inspira seguran\u00e7a. De acordo com o boletim epidemiol\u00f3gico, Alfenas teve 50 casos prov\u00e1veis s\u00f3 no m\u00eas de janeiro. Em dezembro, Alfenas registrou mais de 200 casos prov\u00e1veis da doen\u00e7a. Ao todo, foram confirmados 230 casos em 2023. Confira nos links abaixo.<\/p>\n\n\n\n<p style=\"font-size:15px\">Uma moradora da rua Ministro Salgado Filho, no Bairro Aparecida, que pede para n\u00e3o se identificar, reclama que todos os dias mata mosquitos em sua casa. Ela adianta que verifica calhas e reservat\u00f3rios de sua resid\u00eancia semanalmente. Ela questiona se outros moradores do bairro, que al\u00e9m de populoso tem um alto \u00edndice de idosos, fazem o mesmo ritual. \u201c<em>Estou cansada de fazer a minha parte. E os outros, ser\u00e1 que fazem o mesmo? Al\u00e9m disso, os t\u00e9cnicos relatam que o mosquito percorre dist\u00e2ncias, como fica o lixo acumulado em terrenos baldios? As margens de c\u00f3rregos e as ca\u00e7ambas cheias de lixo nos bairros? Quem fiscaliza tudo isso?<\/em>\u201d, questiona a morada do bairro Aparecida de Alfenas.<\/p>\n\n\n\n<p style=\"font-size:15px\">J\u00e1 s\u00e3o 6 mortes em Minas Gerais e mais de 36 mil casos confirmados de dengue. Conforme a SES-MG, h\u00e1 ainda outros 56 \u00f3bitos em investiga\u00e7\u00e3o.<\/p>\n\n\n\n<p style=\"font-size:15px\">Nesta semana, o Sul de Minas registrou aumento de 78% no n\u00famero de casos da doen\u00e7a. Conforme a SES-MG, a regi\u00e3o tem 4.470 casos prov\u00e1veis da doen\u00e7a.<\/p>\n\n\n\n<p class=\"has-small-font-size\">Fontes:<\/p>\n\n\n\n<p class=\"has-small-font-size\"><a href=\"https:\/\/www.saude.mg.gov.br\/images\/1_noticias\/05_2024\/04-jan-marc-abril\/29-01-BO_ARBO307.pdf\">https:\/\/www.saude.mg.gov.br\/images\/1_noticias\/05_2024\/04-jan-marc-abril\/29-01-BO_ARBO307.pdf<\/a><\/p>\n\n\n\n<p class=\"has-small-font-size\"><a href=\"https:\/\/saude.mg.gov.br\/aedes\/painel\">https:\/\/saude.mg.gov.br\/aedes\/painel<\/a><\/p>\n\n\n\n<p class=\"has-small-font-size\"><a href=\"https:\/\/agenciabrasil.ebc.com.br\/saude\/noticia\/2024-01\/minas-gerais-confirma-segunda-morte-por-dengue\">https:\/\/agenciabrasil.ebc.com.br\/saude\/noticia\/2024-01\/minas-gerais-confirma-segunda-morte-por-dengue<\/a><\/p>\n","protected":false},"excerpt":{"rendered":"<p>J\u00e1 s\u00e3o 6 mortes em Minas Gerais e mais de 36 mil casos confirmados de dengue. Conforme a SES-MG, h\u00e1 ainda outros 56 \u00f3bitos em investiga\u00e7\u00e3o. <a href=\"https:\/\/noticiasdefato.net\/?p=634\" class=\"more-link\">Continuar lendo <span class=\"screen-reader-text\">SUL DE MINAS TEM MAIS UMA MORTE POR DENGUE<\/span><\/a><\/p>\n","protected":false},"author":1,"featured_media":636,"comment_status":"open","ping_status":"closed","sticky":false,"template":"","format":"standard","meta":{"footnotes":""},"categories":[1,19],"tags":[],"class_list":["post-634","post","type-post","status-publish","format-standard","has-post-thumbnail","hentry","category-geral","category-saude"],"yoast_head":"<!-- This site is optimized with the Yoast SEO plugin v23.2 - https:\/\/yoast.com\/wordpress\/plugins\/seo\/ -->\n<title>SUL DE MINAS TEM MAIS UMA MORTE POR DENGUE - Not\u00edcias de Fato<\/title>\n<meta name=\"robots\" content=\"index, follow, max-snippet:-1, max-image-preview:large, max-video-preview:-1\" \/>\n<link rel=\"canonical\" href=\"https:\/\/noticiasdefato.net\/?p=634\" \/>\n<meta property=\"og:locale\" content=\"pt_BR\" \/>\n<meta property=\"og:type\" content=\"article\" \/>\n<meta property=\"og:title\" content=\"SUL DE MINAS TEM MAIS UMA MORTE POR DENGUE - Not\u00edcias de Fato\" \/>\n<meta property=\"og:description\" content=\"J\u00e1 s\u00e3o 6 mortes em Minas Gerais e mais de 36 mil casos confirmados de dengue. Conforme a SES-MG, h\u00e1 ainda outros 56 \u00f3bitos em investiga\u00e7\u00e3o.\" \/>\n<meta property=\"og:url\" content=\"https:\/\/noticiasdefato.net\/?p=634\" \/>\n<meta property=\"og:site_name\" content=\"Not\u00edcias de Fato\" \/>\n<meta property=\"article:publisher\" content=\"https:\/\/fb.com\/noticiasdefato.jornal\" \/>\n<meta property=\"article:author\" content=\"http:\/\/fb.com\/\/noticiasdefato.jornal\" \/>\n<meta property=\"article:published_time\" content=\"2024-02-10T15:19:21+00:00\" \/>\n<meta property=\"article:modified_time\" content=\"2024-02-10T16:38:16+00:00\" \/>\n<meta property=\"og:image\" content=\"https:\/\/noticiasdefato.net\/wp-content\/uploads\/2024\/02\/426131374_412511678102617_1769790608834635934_n-edited.jpg\" \/>\n\t<meta property=\"og:image:width\" content=\"525\" \/>\n\t<meta property=\"og:image:height\" content=\"525\" \/>\n\t<meta property=\"og:image:type\" content=\"image\/jpeg\" \/>\n<meta name=\"author\" content=\"Noticias de Fato\" \/>\n<meta name=\"twitter:card\" content=\"summary_large_image\" \/>\n<meta name=\"twitter:creator\" content=\"@https:\/\/twitter.com\/NoticiasDeFato_\" \/>\n<meta name=\"twitter:site\" content=\"@noticiasdefato_\" \/>\n<meta name=\"twitter:label1\" content=\"Escrito por\" \/>\n\t<meta name=\"twitter:data1\" content=\"Noticias de Fato\" \/>\n\t<meta name=\"twitter:label2\" content=\"Est. tempo de leitura\" \/>\n\t<meta name=\"twitter:data2\" content=\"2 minutos\" \/>\n<script type=\"application\/ld+json\" class=\"yoast-schema-graph\">{\"@context\":\"https:\/\/schema.org\",\"@graph\":[{\"@type\":\"Article\",\"@id\":\"https:\/\/noticiasdefato.net\/?p=634#article\",\"isPartOf\":{\"@id\":\"https:\/\/noticiasdefato.net\/?p=634\"},\"author\":{\"name\":\"Noticias de Fato\",\"@id\":\"https:\/\/noticiasdefato.net\/#\/schema\/person\/982ce60211d95acf059cd702aa260d08\"},\"headline\":\"SUL DE MINAS TEM MAIS UMA MORTE POR DENGUE\",\"datePublished\":\"2024-02-10T15:19:21+00:00\",\"dateModified\":\"2024-02-10T16:38:16+00:00\",\"mainEntityOfPage\":{\"@id\":\"https:\/\/noticiasdefato.net\/?p=634\"},\"wordCount\":392,\"commentCount\":0,\"publisher\":{\"@id\":\"https:\/\/noticiasdefato.net\/#organization\"},\"image\":{\"@id\":\"https:\/\/noticiasdefato.net\/?p=634#primaryimage\"},\"thumbnailUrl\":\"https:\/\/noticiasdefato.net\/wp-content\/uploads\/2024\/02\/426131374_412511678102617_1769790608834635934_n-edited.jpg\",\"articleSection\":[\"Geral\",\"Sa\u00fade\"],\"inLanguage\":\"pt-BR\",\"potentialAction\":[{\"@type\":\"CommentAction\",\"name\":\"Comment\",\"target\":[\"https:\/\/noticiasdefato.net\/?p=634#respond\"]}]},{\"@type\":\"WebPage\",\"@id\":\"https:\/\/noticiasdefato.net\/?p=634\",\"url\":\"https:\/\/noticiasdefato.net\/?p=634\",\"name\":\"SUL DE MINAS TEM MAIS UMA MORTE POR DENGUE - Not\u00edcias de Fato\",\"isPartOf\":{\"@id\":\"https:\/\/noticiasdefato.net\/#website\"},\"primaryImageOfPage\":{\"@id\":\"https:\/\/noticiasdefato.net\/?p=634#primaryimage\"},\"image\":{\"@id\":\"https:\/\/noticiasdefato.net\/?p=634#primaryimage\"},\"thumbnailUrl\":\"https:\/\/noticiasdefato.net\/wp-content\/uploads\/2024\/02\/426131374_412511678102617_1769790608834635934_n-edited.jpg\",\"datePublished\":\"2024-02-10T15:19:21+00:00\",\"dateModified\":\"2024-02-10T16:38:16+00:00\",\"breadcrumb\":{\"@id\":\"https:\/\/noticiasdefato.net\/?p=634#breadcrumb\"},\"inLanguage\":\"pt-BR\",\"potentialAction\":[{\"@type\":\"ReadAction\",\"target\":[\"https:\/\/noticiasdefato.net\/?p=634\"]}]},{\"@type\":\"ImageObject\",\"inLanguage\":\"pt-BR\",\"@id\":\"https:\/\/noticiasdefato.net\/?p=634#primaryimage\",\"url\":\"https:\/\/noticiasdefato.net\/wp-content\/uploads\/2024\/02\/426131374_412511678102617_1769790608834635934_n-edited.jpg\",\"contentUrl\":\"https:\/\/noticiasdefato.net\/wp-content\/uploads\/2024\/02\/426131374_412511678102617_1769790608834635934_n-edited.jpg\",\"width\":525,\"height\":525},{\"@type\":\"BreadcrumbList\",\"@id\":\"https:\/\/noticiasdefato.net\/?p=634#breadcrumb\",\"itemListElement\":[{\"@type\":\"ListItem\",\"position\":1,\"name\":\"In\u00edcio\",\"item\":\"https:\/\/noticiasdefato.net\/\"},{\"@type\":\"ListItem\",\"position\":2,\"name\":\"SUL DE MINAS TEM MAIS UMA MORTE POR DENGUE\"}]},{\"@type\":\"WebSite\",\"@id\":\"https:\/\/noticiasdefato.net\/#website\",\"url\":\"https:\/\/noticiasdefato.net\/\",\"name\":\"Not\u00edcias de Fato\",\"description\":\"Trabalhamos com honestidade, seriedade e com a verdade.\",\"publisher\":{\"@id\":\"https:\/\/noticiasdefato.net\/#organization\"},\"potentialAction\":[{\"@type\":\"SearchAction\",\"target\":{\"@type\":\"EntryPoint\",\"urlTemplate\":\"https:\/\/noticiasdefato.net\/?s={search_term_string}\"},\"query-input\":\"required name=search_term_string\"}],\"inLanguage\":\"pt-BR\"},{\"@type\":\"Organization\",\"@id\":\"https:\/\/noticiasdefato.net\/#organization\",\"name\":\"Not\u00edcias de Fato\",\"url\":\"https:\/\/noticiasdefato.net\/\",\"logo\":{\"@type\":\"ImageObject\",\"inLanguage\":\"pt-BR\",\"@id\":\"https:\/\/noticiasdefato.net\/#\/schema\/logo\/image\/\",\"url\":\"https:\/\/noticiasdefato.net\/wp-content\/uploads\/2024\/02\/cropped-logo_topo.png\",\"contentUrl\":\"https:\/\/noticiasdefato.net\/wp-content\/uploads\/2024\/02\/cropped-logo_topo.png\",\"width\":1948,\"height\":665,\"caption\":\"Not\u00edcias de Fato\"},\"image\":{\"@id\":\"https:\/\/noticiasdefato.net\/#\/schema\/logo\/image\/\"},\"sameAs\":[\"https:\/\/fb.com\/noticiasdefato.jornal\",\"https:\/\/x.com\/noticiasdefato_\",\"https:\/\/instagram.com\/noticiasdefato.jornal\",\"https:\/\/youtube.com\/@JornalNoticiasDeFato\"]},{\"@type\":\"Person\",\"@id\":\"https:\/\/noticiasdefato.net\/#\/schema\/person\/982ce60211d95acf059cd702aa260d08\",\"name\":\"Noticias de Fato\",\"image\":{\"@type\":\"ImageObject\",\"inLanguage\":\"pt-BR\",\"@id\":\"https:\/\/noticiasdefato.net\/#\/schema\/person\/image\/\",\"url\":\"https:\/\/secure.gravatar.com\/avatar\/700227fab2316f0366a1b5d4988d10f847249cf13293450527ac9553c994611a?s=96&d=mm&r=g\",\"contentUrl\":\"https:\/\/secure.gravatar.com\/avatar\/700227fab2316f0366a1b5d4988d10f847249cf13293450527ac9553c994611a?s=96&d=mm&r=g\",\"caption\":\"Noticias de Fato\"},\"sameAs\":[\"https:\/\/noticiasdefato.net\",\"http:\/\/fb.com\/\/noticiasdefato.jornal\",\"https:\/\/x.com\/https:\/\/twitter.com\/NoticiasDeFato_\"],\"url\":\"https:\/\/noticiasdefato.net\/?author=1\"}]}<\/script>\n<!-- \/ Yoast SEO plugin. -->","yoast_head_json":{"title":"SUL DE MINAS TEM MAIS UMA MORTE POR DENGUE - Not\u00edcias de Fato","robots":{"index":"index","follow":"follow","max-snippet":"max-snippet:-1","max-image-preview":"max-image-preview:large","max-video-preview":"max-video-preview:-1"},"canonical":"https:\/\/noticiasdefato.net\/?p=634","og_locale":"pt_BR","og_type":"article","og_title":"SUL DE MINAS TEM MAIS UMA MORTE POR DENGUE - Not\u00edcias de Fato","og_description":"J\u00e1 s\u00e3o 6 mortes em Minas Gerais e mais de 36 mil casos confirmados de dengue. Conforme a SES-MG, h\u00e1 ainda outros 56 \u00f3bitos em investiga\u00e7\u00e3o.","og_url":"https:\/\/noticiasdefato.net\/?p=634","og_site_name":"Not\u00edcias de Fato","article_publisher":"https:\/\/fb.com\/noticiasdefato.jornal","article_author":"http:\/\/fb.com\/\/noticiasdefato.jornal","article_published_time":"2024-02-10T15:19:21+00:00","article_modified_time":"2024-02-10T16:38:16+00:00","og_image":[{"width":525,"height":525,"url":"https:\/\/noticiasdefato.net\/wp-content\/uploads\/2024\/02\/426131374_412511678102617_1769790608834635934_n-edited.jpg","type":"image\/jpeg"}],"author":"Noticias de Fato","twitter_card":"summary_large_image","twitter_creator":"@https:\/\/twitter.com\/NoticiasDeFato_","twitter_site":"@noticiasdefato_","twitter_misc":{"Escrito por":"Noticias de Fato","Est. tempo de leitura":"2 minutos"},"schema":{"@context":"https:\/\/schema.org","@graph":[{"@type":"Article","@id":"https:\/\/noticiasdefato.net\/?p=634#article","isPartOf":{"@id":"https:\/\/noticiasdefato.net\/?p=634"},"author":{"name":"Noticias de Fato","@id":"https:\/\/noticiasdefato.net\/#\/schema\/person\/982ce60211d95acf059cd702aa260d08"},"headline":"SUL DE MINAS TEM MAIS UMA MORTE POR DENGUE","datePublished":"2024-02-10T15:19:21+00:00","dateModified":"2024-02-10T16:38:16+00:00","mainEntityOfPage":{"@id":"https:\/\/noticiasdefato.net\/?p=634"},"wordCount":392,"commentCount":0,"publisher":{"@id":"https:\/\/noticiasdefato.net\/#organization"},"image":{"@id":"https:\/\/noticiasdefato.net\/?p=634#primaryimage"},"thumbnailUrl":"https:\/\/noticiasdefato.net\/wp-content\/uploads\/2024\/02\/426131374_412511678102617_1769790608834635934_n-edited.jpg","articleSection":["Geral","Sa\u00fade"],"inLanguage":"pt-BR","potentialAction":[{"@type":"CommentAction","name":"Comment","target":["https:\/\/noticiasdefato.net\/?p=634#respond"]}]},{"@type":"WebPage","@id":"https:\/\/noticiasdefato.net\/?p=634","url":"https:\/\/noticiasdefato.net\/?p=634","name":"SUL DE MINAS TEM MAIS UMA MORTE POR DENGUE - Not\u00edcias de Fato","isPartOf":{"@id":"https:\/\/noticiasdefato.net\/#website"},"primaryImageOfPage":{"@id":"https:\/\/noticiasdefato.net\/?p=634#primaryimage"},"image":{"@id":"https:\/\/noticiasdefato.net\/?p=634#primaryimage"},"thumbnailUrl":"https:\/\/noticiasdefato.net\/wp-content\/uploads\/2024\/02\/426131374_412511678102617_1769790608834635934_n-edited.jpg","datePublished":"2024-02-10T15:19:21+00:00","dateModified":"2024-02-10T16:38:16+00:00","breadcrumb":{"@id":"https:\/\/noticiasdefato.net\/?p=634#breadcrumb"},"inLanguage":"pt-BR","potentialAction":[{"@type":"ReadAction","target":["https:\/\/noticiasdefato.net\/?p=634"]}]},{"@type":"ImageObject","inLanguage":"pt-BR","@id":"https:\/\/noticiasdefato.net\/?p=634#primaryimage","url":"https:\/\/noticiasdefato.net\/wp-content\/uploads\/2024\/02\/426131374_412511678102617_1769790608834635934_n-edited.jpg","contentUrl":"https:\/\/noticiasdefato.net\/wp-content\/uploads\/2024\/02\/426131374_412511678102617_1769790608834635934_n-edited.jpg","width":525,"height":525},{"@type":"BreadcrumbList","@id":"https:\/\/noticiasdefato.net\/?p=634#breadcrumb","itemListElement":[{"@type":"ListItem","position":1,"name":"In\u00edcio","item":"https:\/\/noticiasdefato.net\/"},{"@type":"ListItem","position":2,"name":"SUL DE MINAS TEM MAIS UMA MORTE POR DENGUE"}]},{"@type":"WebSite","@id":"https:\/\/noticiasdefato.net\/#website","url":"https:\/\/noticiasdefato.net\/","name":"Not\u00edcias de Fato","description":"Trabalhamos com honestidade, seriedade e com a verdade.","publisher":{"@id":"https:\/\/noticiasdefato.net\/#organization"},"potentialAction":[{"@type":"SearchAction","target":{"@type":"EntryPoint","urlTemplate":"https:\/\/noticiasdefato.net\/?s={search_term_string}"},"query-input":"required name=search_term_string"}],"inLanguage":"pt-BR"},{"@type":"Organization","@id":"https:\/\/noticiasdefato.net\/#organization","name":"Not\u00edcias de Fato","url":"https:\/\/noticiasdefato.net\/","logo":{"@type":"ImageObject","inLanguage":"pt-BR","@id":"https:\/\/noticiasdefato.net\/#\/schema\/logo\/image\/","url":"https:\/\/noticiasdefato.net\/wp-content\/uploads\/2024\/02\/cropped-logo_topo.png","contentUrl":"https:\/\/noticiasdefato.net\/wp-content\/uploads\/2024\/02\/cropped-logo_topo.png","width":1948,"height":665,"caption":"Not\u00edcias de Fato"},"image":{"@id":"https:\/\/noticiasdefato.net\/#\/schema\/logo\/image\/"},"sameAs":["https:\/\/fb.com\/noticiasdefato.jornal","https:\/\/x.com\/noticiasdefato_","https:\/\/instagram.com\/noticiasdefato.jornal","https:\/\/youtube.com\/@JornalNoticiasDeFato"]},{"@type":"Person","@id":"https:\/\/noticiasdefato.net\/#\/schema\/person\/982ce60211d95acf059cd702aa260d08","name":"Noticias de Fato","image":{"@type":"ImageObject","inLanguage":"pt-BR","@id":"https:\/\/noticiasdefato.net\/#\/schema\/person\/image\/","url":"https:\/\/secure.gravatar.com\/avatar\/700227fab2316f0366a1b5d4988d10f847249cf13293450527ac9553c994611a?s=96&d=mm&r=g","contentUrl":"https:\/\/secure.gravatar.com\/avatar\/700227fab2316f0366a1b5d4988d10f847249cf13293450527ac9553c994611a?s=96&d=mm&r=g","caption":"Noticias de Fato"},"sameAs":["https:\/\/noticiasdefato.net","http:\/\/fb.com\/\/noticiasdefato.jornal","https:\/\/x.com\/https:\/\/twitter.com\/NoticiasDeFato_"],"url":"https:\/\/noticiasdefato.net\/?author=1"}]}},"_links":{"self":[{"href":"https:\/\/noticiasdefato.net\/index.php?rest_route=\/wp\/v2\/posts\/634","targetHints":{"allow":["GET"]}}],"collection":[{"href":"https:\/\/noticiasdefato.net\/index.php?rest_route=\/wp\/v2\/posts"}],"about":[{"href":"https:\/\/noticiasdefato.net\/index.php?rest_route=\/wp\/v2\/types\/post"}],"author":[{"embeddable":true,"href":"https:\/\/noticiasdefato.net\/index.php?rest_route=\/wp\/v2\/users\/1"}],"replies":[{"embeddable":true,"href":"https:\/\/noticiasdefato.net\/index.php?rest_route=%2Fwp%2Fv2%2Fcomments&post=634"}],"version-history":[{"count":5,"href":"https:\/\/noticiasdefato.net\/index.php?rest_route=\/wp\/v2\/posts\/634\/revisions"}],"predecessor-version":[{"id":645,"href":"https:\/\/noticiasdefato.net\/index.php?rest_route=\/wp\/v2\/posts\/634\/revisions\/645"}],"wp:featuredmedia":[{"embeddable":true,"href":"https:\/\/noticiasdefato.net\/index.php?rest_route=\/wp\/v2\/media\/636"}],"wp:attachment":[{"href":"https:\/\/noticiasdefato.net\/index.php?rest_route=%2Fwp%2Fv2%2Fmedia&parent=634"}],"wp:term":[{"taxonomy":"category","embeddable":true,"href":"https:\/\/noticiasdefato.net\/index.php?rest_route=%2Fwp%2Fv2%2Fcategories&post=634"},{"taxonomy":"post_tag","embeddable":true,"href":"https:\/\/noticiasdefato.net\/index.php?rest_route=%2Fwp%2Fv2%2Ftags&post=634"}],"curies":[{"name":"wp","href":"https:\/\/api.w.org\/{rel}","templated":true}]}}