{"id":672,"date":"2024-02-10T15:26:58","date_gmt":"2024-02-10T18:26:58","guid":{"rendered":"https:\/\/noticiasdefato.net\/?p=672"},"modified":"2024-02-20T22:15:38","modified_gmt":"2024-02-21T01:15:38","slug":"samu-suspende-parte-do-servico-em-alfenas-por-falta-de-pagamento","status":"publish","type":"post","link":"https:\/\/noticiasdefato.net\/?p=672","title":{"rendered":"SAMU SUSPENDE PARTE DO SERVI\u00c7O EM ALFENAS POR FALTA DE PAGAMENTO"},"content":{"rendered":"\n<p>Circulou em grupos de WhatsApp um cartaz informando que o Servi\u00e7o secund\u00e1rio de atendimento m\u00f3vel do Samu estar\u00e1 suspenso em Alfenas, at\u00e9 segunda ordem.<\/p>\n\n\n\n<p>A reda\u00e7\u00e3o enviou o questionamento sobre a interrup\u00e7\u00e3o do servi\u00e7o em Alfenas \u00e0 assessoria de gabinete da diretoria executiva do SAMU e, em nota, obtivemos a seguinte resposta:<\/p>\n\n\n\n<p>\u201c<em>O Munic\u00edpio de Alfenas encontra-se inadimplente com suas obriga\u00e7\u00f5es financeiras junto ao CISSUL. No ano de 2023 foi celebrado acordo com referido Munic\u00edpio para pagamento do d\u00e9bito em aberto em 21 parcelas, por\u00e9m s\u00f3 houve o pagamento das 3 primeiras. A situa\u00e7\u00e3o de inadimplemento acarreta a suspens\u00e3o dos atendimentos secund\u00e1rios (transfer\u00eancias intra-hospitalares) para o Munic\u00edpio.<\/em>\u201d<\/p>\n\n\n<div class=\"wp-block-image\">\n<figure class=\"aligncenter size-full\"><img fetchpriority=\"high\" decoding=\"async\" width=\"600\" height=\"434\" src=\"https:\/\/noticiasdefato.net\/wp-content\/uploads\/2024\/02\/aviso.jpg\" alt=\"\" class=\"wp-image-674\" srcset=\"https:\/\/noticiasdefato.net\/wp-content\/uploads\/2024\/02\/aviso.jpg 600w, https:\/\/noticiasdefato.net\/wp-content\/uploads\/2024\/02\/aviso-300x217.jpg 300w\" sizes=\"(max-width: 600px) 100vw, 600px\" \/><\/figure>\n<\/div>\n\n\n<p>Agora, a transfer\u00eancia entre hospitais e os deslocamentos n\u00e3o s\u00e3o mais feitos pelo \u00f3rg\u00e3o em Alfenas.<\/p>\n\n\n\n<p><strong>A HIST\u00d3RIA SE REPETE<\/strong><\/p>\n\n\n\n<p>EM 2019, entre as cidades do Sul de Minas, Alfenas era a que tinha a maior d\u00edvida com o servi\u00e7o. Com o repasse atrasado desde 2013, a prefeitura devia cerca de R$ 955 mil ao \u00f3rg\u00e3o. Confira mat\u00e9ria no link abaixo. <\/p>\n\n\n\n<p class=\"has-small-font-size\">(Fonte: https:\/\/g1.globo.com\/google\/amp\/mg\/sul-de-minas\/noticia\/2019\/01\/15\/por-falta-de-pagamento-samu-suspende-parte-dos-servicos-em-cidades-do-sul-de-mg.ghtml)<\/p>\n\n\n\n<p>A Reda\u00e7\u00e3o encaminhou uma s\u00e9rie de perguntas \u00e0 secretaria de sa\u00fade de Alfenas sobre a situa\u00e7\u00e3o.<\/p>\n\n\n\n<p>Estamos aguardando a resposta, oficial, da secretaria de sa\u00fade da prefeitura de Alfenas.<\/p>\n","protected":false},"excerpt":{"rendered":"<p>Circulou em grupos de WhatsApp um cartaz informando que o Servi\u00e7o secund\u00e1rio de atendimento m\u00f3vel do Samu estar\u00e1 suspenso em Alfenas, at\u00e9 segunda ordem. A reda\u00e7\u00e3o enviou o questionamento sobre a interrup\u00e7\u00e3o do servi\u00e7o em Alfenas \u00e0 assessoria de gabinete da diretoria executiva do SAMU e, em nota, obtivemos a seguinte resposta: \u201cO Munic\u00edpio de Alfenas encontra-se inadimplente com suas obriga\u00e7\u00f5es financeiras junto ao CISSUL. &hellip; <a href=\"https:\/\/noticiasdefato.net\/?p=672\" class=\"more-link\">Continuar lendo <span class=\"screen-reader-text\">SAMU SUSPENDE PARTE DO SERVI\u00c7O EM ALFENAS POR FALTA DE PAGAMENTO<\/span><\/a><\/p>\n","protected":false},"author":1,"featured_media":673,"comment_status":"open","ping_status":"closed","sticky":false,"template":"","format":"standard","meta":{"footnotes":""},"categories":[19],"tags":[],"class_list":["post-672","post","type-post","status-publish","format-standard","has-post-thumbnail","hentry","category-saude"],"yoast_head":"<!-- This site is optimized with the Yoast SEO plugin v23.2 - https:\/\/yoast.com\/wordpress\/plugins\/seo\/ -->\n<title>SAMU SUSPENDE PARTE DO SERVI\u00c7O EM ALFENAS POR FALTA DE PAGAMENTO - Not\u00edcias de Fato<\/title>\n<meta name=\"robots\" content=\"index, follow, max-snippet:-1, max-image-preview:large, max-video-preview:-1\" \/>\n<link rel=\"canonical\" href=\"https:\/\/noticiasdefato.net\/?p=672\" \/>\n<meta property=\"og:locale\" content=\"pt_BR\" \/>\n<meta property=\"og:type\" content=\"article\" \/>\n<meta property=\"og:title\" content=\"SAMU SUSPENDE PARTE DO SERVI\u00c7O EM ALFENAS POR FALTA DE PAGAMENTO - Not\u00edcias de Fato\" \/>\n<meta property=\"og:description\" content=\"Circulou em grupos de WhatsApp um cartaz informando que o Servi\u00e7o secund\u00e1rio de atendimento m\u00f3vel do Samu estar\u00e1 suspenso em Alfenas, at\u00e9 segunda ordem. A reda\u00e7\u00e3o enviou o questionamento sobre a interrup\u00e7\u00e3o do servi\u00e7o em Alfenas \u00e0 assessoria de gabinete da diretoria executiva do SAMU e, em nota, obtivemos a seguinte resposta: \u201cO Munic\u00edpio de Alfenas encontra-se inadimplente com suas obriga\u00e7\u00f5es financeiras junto ao CISSUL. &hellip;\" \/>\n<meta property=\"og:url\" content=\"https:\/\/noticiasdefato.net\/?p=672\" \/>\n<meta property=\"og:site_name\" content=\"Not\u00edcias de Fato\" \/>\n<meta property=\"article:publisher\" content=\"https:\/\/fb.com\/noticiasdefato.jornal\" \/>\n<meta property=\"article:author\" content=\"http:\/\/fb.com\/\/noticiasdefato.jornal\" \/>\n<meta property=\"article:published_time\" content=\"2024-02-10T18:26:58+00:00\" \/>\n<meta property=\"article:modified_time\" content=\"2024-02-21T01:15:38+00:00\" \/>\n<meta property=\"og:image\" content=\"https:\/\/noticiasdefato.net\/wp-content\/uploads\/2024\/02\/ambulancias.jpg\" \/>\n\t<meta property=\"og:image:width\" content=\"600\" \/>\n\t<meta property=\"og:image:height\" content=\"338\" \/>\n\t<meta property=\"og:image:type\" content=\"image\/jpeg\" \/>\n<meta name=\"author\" content=\"Noticias de Fato\" \/>\n<meta name=\"twitter:card\" content=\"summary_large_image\" \/>\n<meta name=\"twitter:creator\" content=\"@https:\/\/twitter.com\/NoticiasDeFato_\" \/>\n<meta name=\"twitter:site\" content=\"@noticiasdefato_\" \/>\n<meta name=\"twitter:label1\" content=\"Escrito por\" \/>\n\t<meta name=\"twitter:data1\" content=\"Noticias de Fato\" \/>\n\t<meta name=\"twitter:label2\" content=\"Est. tempo de leitura\" \/>\n\t<meta name=\"twitter:data2\" content=\"1 minuto\" \/>\n<script type=\"application\/ld+json\" class=\"yoast-schema-graph\">{\"@context\":\"https:\/\/schema.org\",\"@graph\":[{\"@type\":\"Article\",\"@id\":\"https:\/\/noticiasdefato.net\/?p=672#article\",\"isPartOf\":{\"@id\":\"https:\/\/noticiasdefato.net\/?p=672\"},\"author\":{\"name\":\"Noticias de Fato\",\"@id\":\"https:\/\/noticiasdefato.net\/#\/schema\/person\/982ce60211d95acf059cd702aa260d08\"},\"headline\":\"SAMU SUSPENDE PARTE DO SERVI\u00c7O EM ALFENAS POR FALTA DE PAGAMENTO\",\"datePublished\":\"2024-02-10T18:26:58+00:00\",\"dateModified\":\"2024-02-21T01:15:38+00:00\",\"mainEntityOfPage\":{\"@id\":\"https:\/\/noticiasdefato.net\/?p=672\"},\"wordCount\":243,\"commentCount\":0,\"publisher\":{\"@id\":\"https:\/\/noticiasdefato.net\/#organization\"},\"image\":{\"@id\":\"https:\/\/noticiasdefato.net\/?p=672#primaryimage\"},\"thumbnailUrl\":\"https:\/\/noticiasdefato.net\/wp-content\/uploads\/2024\/02\/ambulancias.jpg\",\"articleSection\":[\"Sa\u00fade\"],\"inLanguage\":\"pt-BR\",\"potentialAction\":[{\"@type\":\"CommentAction\",\"name\":\"Comment\",\"target\":[\"https:\/\/noticiasdefato.net\/?p=672#respond\"]}]},{\"@type\":\"WebPage\",\"@id\":\"https:\/\/noticiasdefato.net\/?p=672\",\"url\":\"https:\/\/noticiasdefato.net\/?p=672\",\"name\":\"SAMU SUSPENDE PARTE DO SERVI\u00c7O EM ALFENAS POR FALTA DE PAGAMENTO - Not\u00edcias de Fato\",\"isPartOf\":{\"@id\":\"https:\/\/noticiasdefato.net\/#website\"},\"primaryImageOfPage\":{\"@id\":\"https:\/\/noticiasdefato.net\/?p=672#primaryimage\"},\"image\":{\"@id\":\"https:\/\/noticiasdefato.net\/?p=672#primaryimage\"},\"thumbnailUrl\":\"https:\/\/noticiasdefato.net\/wp-content\/uploads\/2024\/02\/ambulancias.jpg\",\"datePublished\":\"2024-02-10T18:26:58+00:00\",\"dateModified\":\"2024-02-21T01:15:38+00:00\",\"breadcrumb\":{\"@id\":\"https:\/\/noticiasdefato.net\/?p=672#breadcrumb\"},\"inLanguage\":\"pt-BR\",\"potentialAction\":[{\"@type\":\"ReadAction\",\"target\":[\"https:\/\/noticiasdefato.net\/?p=672\"]}]},{\"@type\":\"ImageObject\",\"inLanguage\":\"pt-BR\",\"@id\":\"https:\/\/noticiasdefato.net\/?p=672#primaryimage\",\"url\":\"https:\/\/noticiasdefato.net\/wp-content\/uploads\/2024\/02\/ambulancias.jpg\",\"contentUrl\":\"https:\/\/noticiasdefato.net\/wp-content\/uploads\/2024\/02\/ambulancias.jpg\",\"width\":600,\"height\":338},{\"@type\":\"BreadcrumbList\",\"@id\":\"https:\/\/noticiasdefato.net\/?p=672#breadcrumb\",\"itemListElement\":[{\"@type\":\"ListItem\",\"position\":1,\"name\":\"In\u00edcio\",\"item\":\"https:\/\/noticiasdefato.net\/\"},{\"@type\":\"ListItem\",\"position\":2,\"name\":\"SAMU SUSPENDE PARTE DO SERVI\u00c7O EM ALFENAS POR FALTA DE PAGAMENTO\"}]},{\"@type\":\"WebSite\",\"@id\":\"https:\/\/noticiasdefato.net\/#website\",\"url\":\"https:\/\/noticiasdefato.net\/\",\"name\":\"Not\u00edcias de Fato\",\"description\":\"Trabalhamos com honestidade, seriedade e com a verdade.\",\"publisher\":{\"@id\":\"https:\/\/noticiasdefato.net\/#organization\"},\"potentialAction\":[{\"@type\":\"SearchAction\",\"target\":{\"@type\":\"EntryPoint\",\"urlTemplate\":\"https:\/\/noticiasdefato.net\/?s={search_term_string}\"},\"query-input\":\"required name=search_term_string\"}],\"inLanguage\":\"pt-BR\"},{\"@type\":\"Organization\",\"@id\":\"https:\/\/noticiasdefato.net\/#organization\",\"name\":\"Not\u00edcias de Fato\",\"url\":\"https:\/\/noticiasdefato.net\/\",\"logo\":{\"@type\":\"ImageObject\",\"inLanguage\":\"pt-BR\",\"@id\":\"https:\/\/noticiasdefato.net\/#\/schema\/logo\/image\/\",\"url\":\"https:\/\/noticiasdefato.net\/wp-content\/uploads\/2024\/02\/cropped-logo_topo.png\",\"contentUrl\":\"https:\/\/noticiasdefato.net\/wp-content\/uploads\/2024\/02\/cropped-logo_topo.png\",\"width\":1948,\"height\":665,\"caption\":\"Not\u00edcias de Fato\"},\"image\":{\"@id\":\"https:\/\/noticiasdefato.net\/#\/schema\/logo\/image\/\"},\"sameAs\":[\"https:\/\/fb.com\/noticiasdefato.jornal\",\"https:\/\/x.com\/noticiasdefato_\",\"https:\/\/instagram.com\/noticiasdefato.jornal\",\"https:\/\/youtube.com\/@JornalNoticiasDeFato\"]},{\"@type\":\"Person\",\"@id\":\"https:\/\/noticiasdefato.net\/#\/schema\/person\/982ce60211d95acf059cd702aa260d08\",\"name\":\"Noticias de Fato\",\"image\":{\"@type\":\"ImageObject\",\"inLanguage\":\"pt-BR\",\"@id\":\"https:\/\/noticiasdefato.net\/#\/schema\/person\/image\/\",\"url\":\"https:\/\/secure.gravatar.com\/avatar\/700227fab2316f0366a1b5d4988d10f847249cf13293450527ac9553c994611a?s=96&d=mm&r=g\",\"contentUrl\":\"https:\/\/secure.gravatar.com\/avatar\/700227fab2316f0366a1b5d4988d10f847249cf13293450527ac9553c994611a?s=96&d=mm&r=g\",\"caption\":\"Noticias de Fato\"},\"sameAs\":[\"https:\/\/noticiasdefato.net\",\"http:\/\/fb.com\/\/noticiasdefato.jornal\",\"https:\/\/x.com\/https:\/\/twitter.com\/NoticiasDeFato_\"],\"url\":\"https:\/\/noticiasdefato.net\/?author=1\"}]}<\/script>\n<!-- \/ Yoast SEO plugin. -->","yoast_head_json":{"title":"SAMU SUSPENDE PARTE DO SERVI\u00c7O EM ALFENAS POR FALTA DE PAGAMENTO - Not\u00edcias de Fato","robots":{"index":"index","follow":"follow","max-snippet":"max-snippet:-1","max-image-preview":"max-image-preview:large","max-video-preview":"max-video-preview:-1"},"canonical":"https:\/\/noticiasdefato.net\/?p=672","og_locale":"pt_BR","og_type":"article","og_title":"SAMU SUSPENDE PARTE DO SERVI\u00c7O EM ALFENAS POR FALTA DE PAGAMENTO - Not\u00edcias de Fato","og_description":"Circulou em grupos de WhatsApp um cartaz informando que o Servi\u00e7o secund\u00e1rio de atendimento m\u00f3vel do Samu estar\u00e1 suspenso em Alfenas, at\u00e9 segunda ordem. A reda\u00e7\u00e3o enviou o questionamento sobre a interrup\u00e7\u00e3o do servi\u00e7o em Alfenas \u00e0 assessoria de gabinete da diretoria executiva do SAMU e, em nota, obtivemos a seguinte resposta: \u201cO Munic\u00edpio de Alfenas encontra-se inadimplente com suas obriga\u00e7\u00f5es financeiras junto ao CISSUL. &hellip;","og_url":"https:\/\/noticiasdefato.net\/?p=672","og_site_name":"Not\u00edcias de Fato","article_publisher":"https:\/\/fb.com\/noticiasdefato.jornal","article_author":"http:\/\/fb.com\/\/noticiasdefato.jornal","article_published_time":"2024-02-10T18:26:58+00:00","article_modified_time":"2024-02-21T01:15:38+00:00","og_image":[{"width":600,"height":338,"url":"https:\/\/noticiasdefato.net\/wp-content\/uploads\/2024\/02\/ambulancias.jpg","type":"image\/jpeg"}],"author":"Noticias de Fato","twitter_card":"summary_large_image","twitter_creator":"@https:\/\/twitter.com\/NoticiasDeFato_","twitter_site":"@noticiasdefato_","twitter_misc":{"Escrito por":"Noticias de Fato","Est. tempo de leitura":"1 minuto"},"schema":{"@context":"https:\/\/schema.org","@graph":[{"@type":"Article","@id":"https:\/\/noticiasdefato.net\/?p=672#article","isPartOf":{"@id":"https:\/\/noticiasdefato.net\/?p=672"},"author":{"name":"Noticias de Fato","@id":"https:\/\/noticiasdefato.net\/#\/schema\/person\/982ce60211d95acf059cd702aa260d08"},"headline":"SAMU SUSPENDE PARTE DO SERVI\u00c7O EM ALFENAS POR FALTA DE PAGAMENTO","datePublished":"2024-02-10T18:26:58+00:00","dateModified":"2024-02-21T01:15:38+00:00","mainEntityOfPage":{"@id":"https:\/\/noticiasdefato.net\/?p=672"},"wordCount":243,"commentCount":0,"publisher":{"@id":"https:\/\/noticiasdefato.net\/#organization"},"image":{"@id":"https:\/\/noticiasdefato.net\/?p=672#primaryimage"},"thumbnailUrl":"https:\/\/noticiasdefato.net\/wp-content\/uploads\/2024\/02\/ambulancias.jpg","articleSection":["Sa\u00fade"],"inLanguage":"pt-BR","potentialAction":[{"@type":"CommentAction","name":"Comment","target":["https:\/\/noticiasdefato.net\/?p=672#respond"]}]},{"@type":"WebPage","@id":"https:\/\/noticiasdefato.net\/?p=672","url":"https:\/\/noticiasdefato.net\/?p=672","name":"SAMU SUSPENDE PARTE DO SERVI\u00c7O EM ALFENAS POR FALTA DE PAGAMENTO - Not\u00edcias de Fato","isPartOf":{"@id":"https:\/\/noticiasdefato.net\/#website"},"primaryImageOfPage":{"@id":"https:\/\/noticiasdefato.net\/?p=672#primaryimage"},"image":{"@id":"https:\/\/noticiasdefato.net\/?p=672#primaryimage"},"thumbnailUrl":"https:\/\/noticiasdefato.net\/wp-content\/uploads\/2024\/02\/ambulancias.jpg","datePublished":"2024-02-10T18:26:58+00:00","dateModified":"2024-02-21T01:15:38+00:00","breadcrumb":{"@id":"https:\/\/noticiasdefato.net\/?p=672#breadcrumb"},"inLanguage":"pt-BR","potentialAction":[{"@type":"ReadAction","target":["https:\/\/noticiasdefato.net\/?p=672"]}]},{"@type":"ImageObject","inLanguage":"pt-BR","@id":"https:\/\/noticiasdefato.net\/?p=672#primaryimage","url":"https:\/\/noticiasdefato.net\/wp-content\/uploads\/2024\/02\/ambulancias.jpg","contentUrl":"https:\/\/noticiasdefato.net\/wp-content\/uploads\/2024\/02\/ambulancias.jpg","width":600,"height":338},{"@type":"BreadcrumbList","@id":"https:\/\/noticiasdefato.net\/?p=672#breadcrumb","itemListElement":[{"@type":"ListItem","position":1,"name":"In\u00edcio","item":"https:\/\/noticiasdefato.net\/"},{"@type":"ListItem","position":2,"name":"SAMU SUSPENDE PARTE DO SERVI\u00c7O EM ALFENAS POR FALTA DE PAGAMENTO"}]},{"@type":"WebSite","@id":"https:\/\/noticiasdefato.net\/#website","url":"https:\/\/noticiasdefato.net\/","name":"Not\u00edcias de Fato","description":"Trabalhamos com honestidade, seriedade e com a verdade.","publisher":{"@id":"https:\/\/noticiasdefato.net\/#organization"},"potentialAction":[{"@type":"SearchAction","target":{"@type":"EntryPoint","urlTemplate":"https:\/\/noticiasdefato.net\/?s={search_term_string}"},"query-input":"required name=search_term_string"}],"inLanguage":"pt-BR"},{"@type":"Organization","@id":"https:\/\/noticiasdefato.net\/#organization","name":"Not\u00edcias de Fato","url":"https:\/\/noticiasdefato.net\/","logo":{"@type":"ImageObject","inLanguage":"pt-BR","@id":"https:\/\/noticiasdefato.net\/#\/schema\/logo\/image\/","url":"https:\/\/noticiasdefato.net\/wp-content\/uploads\/2024\/02\/cropped-logo_topo.png","contentUrl":"https:\/\/noticiasdefato.net\/wp-content\/uploads\/2024\/02\/cropped-logo_topo.png","width":1948,"height":665,"caption":"Not\u00edcias de Fato"},"image":{"@id":"https:\/\/noticiasdefato.net\/#\/schema\/logo\/image\/"},"sameAs":["https:\/\/fb.com\/noticiasdefato.jornal","https:\/\/x.com\/noticiasdefato_","https:\/\/instagram.com\/noticiasdefato.jornal","https:\/\/youtube.com\/@JornalNoticiasDeFato"]},{"@type":"Person","@id":"https:\/\/noticiasdefato.net\/#\/schema\/person\/982ce60211d95acf059cd702aa260d08","name":"Noticias de Fato","image":{"@type":"ImageObject","inLanguage":"pt-BR","@id":"https:\/\/noticiasdefato.net\/#\/schema\/person\/image\/","url":"https:\/\/secure.gravatar.com\/avatar\/700227fab2316f0366a1b5d4988d10f847249cf13293450527ac9553c994611a?s=96&d=mm&r=g","contentUrl":"https:\/\/secure.gravatar.com\/avatar\/700227fab2316f0366a1b5d4988d10f847249cf13293450527ac9553c994611a?s=96&d=mm&r=g","caption":"Noticias de Fato"},"sameAs":["https:\/\/noticiasdefato.net","http:\/\/fb.com\/\/noticiasdefato.jornal","https:\/\/x.com\/https:\/\/twitter.com\/NoticiasDeFato_"],"url":"https:\/\/noticiasdefato.net\/?author=1"}]}},"_links":{"self":[{"href":"https:\/\/noticiasdefato.net\/index.php?rest_route=\/wp\/v2\/posts\/672","targetHints":{"allow":["GET"]}}],"collection":[{"href":"https:\/\/noticiasdefato.net\/index.php?rest_route=\/wp\/v2\/posts"}],"about":[{"href":"https:\/\/noticiasdefato.net\/index.php?rest_route=\/wp\/v2\/types\/post"}],"author":[{"embeddable":true,"href":"https:\/\/noticiasdefato.net\/index.php?rest_route=\/wp\/v2\/users\/1"}],"replies":[{"embeddable":true,"href":"https:\/\/noticiasdefato.net\/index.php?rest_route=%2Fwp%2Fv2%2Fcomments&post=672"}],"version-history":[{"count":1,"href":"https:\/\/noticiasdefato.net\/index.php?rest_route=\/wp\/v2\/posts\/672\/revisions"}],"predecessor-version":[{"id":675,"href":"https:\/\/noticiasdefato.net\/index.php?rest_route=\/wp\/v2\/posts\/672\/revisions\/675"}],"wp:featuredmedia":[{"embeddable":true,"href":"https:\/\/noticiasdefato.net\/index.php?rest_route=\/wp\/v2\/media\/673"}],"wp:attachment":[{"href":"https:\/\/noticiasdefato.net\/index.php?rest_route=%2Fwp%2Fv2%2Fmedia&parent=672"}],"wp:term":[{"taxonomy":"category","embeddable":true,"href":"https:\/\/noticiasdefato.net\/index.php?rest_route=%2Fwp%2Fv2%2Fcategories&post=672"},{"taxonomy":"post_tag","embeddable":true,"href":"https:\/\/noticiasdefato.net\/index.php?rest_route=%2Fwp%2Fv2%2Ftags&post=672"}],"curies":[{"name":"wp","href":"https:\/\/api.w.org\/{rel}","templated":true}]}}