{"id":676,"date":"2024-02-10T15:29:05","date_gmt":"2024-02-10T18:29:05","guid":{"rendered":"https:\/\/noticiasdefato.net\/?p=676"},"modified":"2024-02-20T22:15:44","modified_gmt":"2024-02-21T01:15:44","slug":"caso-samu-onde-esta-a-verdade","status":"publish","type":"post","link":"https:\/\/noticiasdefato.net\/?p=676","title":{"rendered":"CASO SAMU: ONDE EST\u00c1 A VERDADE?"},"content":{"rendered":"\n<p>PUBLICAMOS, NA INTEGRA, RESPOSTA DO SAMU ENCAMINHADA \u00c0 REDA\u00c7\u00c3O DO JNF, NA TARDE DE ONTEM<\/p>\n\n\n\n<p>Sobre a pol\u00eamica envolvendo a interrup\u00e7\u00e3o de parte do servi\u00e7os do SAMU em Alfenas, publicamos o e-mail que recebemos do \u00f3rg\u00e3o no in\u00edcio da tarde de ontem, 05. Destacamos que a resposta chegou \u00e0 reda\u00e7\u00e3o, depois das 13 h, como pode ser observado no e-mail.<\/p>\n\n\n\n<p><a><\/a>Observem que, neste documento, o pr\u00f3prio SAMU mencionou a inadimpl\u00eancia da Prefeitura de Alfenas.<\/p>\n\n\n\n<p>No entanto, hoje, circulou nas redes sociais, informa\u00e7\u00e3o de que o servi\u00e7o n\u00e3o foi interrompido. E o pr\u00f3prio \u00f3rg\u00e3o publicou nota neste sentido.<\/p>\n\n\n\n<p>Destacamos ainda que n\u00e3o obtivemos resposta do munic\u00edpio sobre os valores referentes \u00e0 d\u00edvida, nem sobre as formas de pagamento e sobre o que foi pactuado entre as partes.<\/p>\n\n\n\n<p>Onde est\u00e1 a verdade?<\/p>\n\n\n\n<p>S\u00f3 temos uma certeza, at\u00e9 que os fatos sejam revelados, a popula\u00e7\u00e3o ser\u00e1 a v\u00edtima deste imbr\u00f3glio.<\/p>\n","protected":false},"excerpt":{"rendered":"<p>PUBLICAMOS, NA INTEGRA, RESPOSTA DO SAMU ENCAMINHADA \u00c0 REDA\u00c7\u00c3O DO JNF, NA TARDE DE ONTEM Sobre a pol\u00eamica envolvendo a interrup\u00e7\u00e3o de parte do servi\u00e7os do SAMU em Alfenas, publicamos o e-mail que recebemos do \u00f3rg\u00e3o no in\u00edcio da tarde de ontem, 05. Destacamos que a resposta chegou \u00e0 reda\u00e7\u00e3o, depois das 13 h, como pode ser observado no e-mail. Observem que, neste documento, o &hellip; <a href=\"https:\/\/noticiasdefato.net\/?p=676\" class=\"more-link\">Continuar lendo <span class=\"screen-reader-text\">CASO SAMU: ONDE EST\u00c1 A VERDADE?<\/span><\/a><\/p>\n","protected":false},"author":1,"featured_media":677,"comment_status":"open","ping_status":"closed","sticky":false,"template":"","format":"standard","meta":{"footnotes":""},"categories":[19],"tags":[],"class_list":["post-676","post","type-post","status-publish","format-standard","has-post-thumbnail","hentry","category-saude"],"yoast_head":"<!-- This site is optimized with the Yoast SEO plugin v23.2 - https:\/\/yoast.com\/wordpress\/plugins\/seo\/ -->\n<title>CASO SAMU: ONDE EST\u00c1 A VERDADE? - Not\u00edcias de Fato<\/title>\n<meta name=\"robots\" content=\"index, follow, max-snippet:-1, max-image-preview:large, max-video-preview:-1\" \/>\n<link rel=\"canonical\" href=\"https:\/\/noticiasdefato.net\/?p=676\" \/>\n<meta property=\"og:locale\" content=\"pt_BR\" \/>\n<meta property=\"og:type\" content=\"article\" \/>\n<meta property=\"og:title\" content=\"CASO SAMU: ONDE EST\u00c1 A VERDADE? - Not\u00edcias de Fato\" \/>\n<meta property=\"og:description\" content=\"PUBLICAMOS, NA INTEGRA, RESPOSTA DO SAMU ENCAMINHADA \u00c0 REDA\u00c7\u00c3O DO JNF, NA TARDE DE ONTEM Sobre a pol\u00eamica envolvendo a interrup\u00e7\u00e3o de parte do servi\u00e7os do SAMU em Alfenas, publicamos o e-mail que recebemos do \u00f3rg\u00e3o no in\u00edcio da tarde de ontem, 05. Destacamos que a resposta chegou \u00e0 reda\u00e7\u00e3o, depois das 13 h, como pode ser observado no e-mail. Observem que, neste documento, o &hellip;\" \/>\n<meta property=\"og:url\" content=\"https:\/\/noticiasdefato.net\/?p=676\" \/>\n<meta property=\"og:site_name\" content=\"Not\u00edcias de Fato\" \/>\n<meta property=\"article:publisher\" content=\"https:\/\/fb.com\/noticiasdefato.jornal\" \/>\n<meta property=\"article:author\" content=\"http:\/\/fb.com\/\/noticiasdefato.jornal\" \/>\n<meta property=\"article:published_time\" content=\"2024-02-10T18:29:05+00:00\" \/>\n<meta property=\"article:modified_time\" content=\"2024-02-21T01:15:44+00:00\" \/>\n<meta property=\"og:image\" content=\"https:\/\/noticiasdefato.net\/wp-content\/uploads\/2024\/02\/email.jpg\" \/>\n\t<meta property=\"og:image:width\" content=\"719\" \/>\n\t<meta property=\"og:image:height\" content=\"540\" \/>\n\t<meta property=\"og:image:type\" content=\"image\/jpeg\" \/>\n<meta name=\"author\" content=\"Noticias de Fato\" \/>\n<meta name=\"twitter:card\" content=\"summary_large_image\" \/>\n<meta name=\"twitter:creator\" content=\"@https:\/\/twitter.com\/NoticiasDeFato_\" \/>\n<meta name=\"twitter:site\" content=\"@noticiasdefato_\" \/>\n<meta name=\"twitter:label1\" content=\"Escrito por\" \/>\n\t<meta name=\"twitter:data1\" content=\"Noticias de Fato\" \/>\n\t<meta name=\"twitter:label2\" content=\"Est. tempo de leitura\" \/>\n\t<meta name=\"twitter:data2\" content=\"1 minuto\" \/>\n<script type=\"application\/ld+json\" class=\"yoast-schema-graph\">{\"@context\":\"https:\/\/schema.org\",\"@graph\":[{\"@type\":\"Article\",\"@id\":\"https:\/\/noticiasdefato.net\/?p=676#article\",\"isPartOf\":{\"@id\":\"https:\/\/noticiasdefato.net\/?p=676\"},\"author\":{\"name\":\"Noticias de Fato\",\"@id\":\"https:\/\/noticiasdefato.net\/#\/schema\/person\/982ce60211d95acf059cd702aa260d08\"},\"headline\":\"CASO SAMU: ONDE EST\u00c1 A VERDADE?\",\"datePublished\":\"2024-02-10T18:29:05+00:00\",\"dateModified\":\"2024-02-21T01:15:44+00:00\",\"mainEntityOfPage\":{\"@id\":\"https:\/\/noticiasdefato.net\/?p=676\"},\"wordCount\":168,\"commentCount\":0,\"publisher\":{\"@id\":\"https:\/\/noticiasdefato.net\/#organization\"},\"image\":{\"@id\":\"https:\/\/noticiasdefato.net\/?p=676#primaryimage\"},\"thumbnailUrl\":\"https:\/\/noticiasdefato.net\/wp-content\/uploads\/2024\/02\/email.jpg\",\"articleSection\":[\"Sa\u00fade\"],\"inLanguage\":\"pt-BR\",\"potentialAction\":[{\"@type\":\"CommentAction\",\"name\":\"Comment\",\"target\":[\"https:\/\/noticiasdefato.net\/?p=676#respond\"]}]},{\"@type\":\"WebPage\",\"@id\":\"https:\/\/noticiasdefato.net\/?p=676\",\"url\":\"https:\/\/noticiasdefato.net\/?p=676\",\"name\":\"CASO SAMU: ONDE EST\u00c1 A VERDADE? - Not\u00edcias de Fato\",\"isPartOf\":{\"@id\":\"https:\/\/noticiasdefato.net\/#website\"},\"primaryImageOfPage\":{\"@id\":\"https:\/\/noticiasdefato.net\/?p=676#primaryimage\"},\"image\":{\"@id\":\"https:\/\/noticiasdefato.net\/?p=676#primaryimage\"},\"thumbnailUrl\":\"https:\/\/noticiasdefato.net\/wp-content\/uploads\/2024\/02\/email.jpg\",\"datePublished\":\"2024-02-10T18:29:05+00:00\",\"dateModified\":\"2024-02-21T01:15:44+00:00\",\"breadcrumb\":{\"@id\":\"https:\/\/noticiasdefato.net\/?p=676#breadcrumb\"},\"inLanguage\":\"pt-BR\",\"potentialAction\":[{\"@type\":\"ReadAction\",\"target\":[\"https:\/\/noticiasdefato.net\/?p=676\"]}]},{\"@type\":\"ImageObject\",\"inLanguage\":\"pt-BR\",\"@id\":\"https:\/\/noticiasdefato.net\/?p=676#primaryimage\",\"url\":\"https:\/\/noticiasdefato.net\/wp-content\/uploads\/2024\/02\/email.jpg\",\"contentUrl\":\"https:\/\/noticiasdefato.net\/wp-content\/uploads\/2024\/02\/email.jpg\",\"width\":719,\"height\":540},{\"@type\":\"BreadcrumbList\",\"@id\":\"https:\/\/noticiasdefato.net\/?p=676#breadcrumb\",\"itemListElement\":[{\"@type\":\"ListItem\",\"position\":1,\"name\":\"In\u00edcio\",\"item\":\"https:\/\/noticiasdefato.net\/\"},{\"@type\":\"ListItem\",\"position\":2,\"name\":\"CASO SAMU: ONDE EST\u00c1 A VERDADE?\"}]},{\"@type\":\"WebSite\",\"@id\":\"https:\/\/noticiasdefato.net\/#website\",\"url\":\"https:\/\/noticiasdefato.net\/\",\"name\":\"Not\u00edcias de Fato\",\"description\":\"Trabalhamos com honestidade, seriedade e com a verdade.\",\"publisher\":{\"@id\":\"https:\/\/noticiasdefato.net\/#organization\"},\"potentialAction\":[{\"@type\":\"SearchAction\",\"target\":{\"@type\":\"EntryPoint\",\"urlTemplate\":\"https:\/\/noticiasdefato.net\/?s={search_term_string}\"},\"query-input\":\"required name=search_term_string\"}],\"inLanguage\":\"pt-BR\"},{\"@type\":\"Organization\",\"@id\":\"https:\/\/noticiasdefato.net\/#organization\",\"name\":\"Not\u00edcias de Fato\",\"url\":\"https:\/\/noticiasdefato.net\/\",\"logo\":{\"@type\":\"ImageObject\",\"inLanguage\":\"pt-BR\",\"@id\":\"https:\/\/noticiasdefato.net\/#\/schema\/logo\/image\/\",\"url\":\"https:\/\/noticiasdefato.net\/wp-content\/uploads\/2024\/02\/cropped-logo_topo.png\",\"contentUrl\":\"https:\/\/noticiasdefato.net\/wp-content\/uploads\/2024\/02\/cropped-logo_topo.png\",\"width\":1948,\"height\":665,\"caption\":\"Not\u00edcias de Fato\"},\"image\":{\"@id\":\"https:\/\/noticiasdefato.net\/#\/schema\/logo\/image\/\"},\"sameAs\":[\"https:\/\/fb.com\/noticiasdefato.jornal\",\"https:\/\/x.com\/noticiasdefato_\",\"https:\/\/instagram.com\/noticiasdefato.jornal\",\"https:\/\/youtube.com\/@JornalNoticiasDeFato\"]},{\"@type\":\"Person\",\"@id\":\"https:\/\/noticiasdefato.net\/#\/schema\/person\/982ce60211d95acf059cd702aa260d08\",\"name\":\"Noticias de Fato\",\"image\":{\"@type\":\"ImageObject\",\"inLanguage\":\"pt-BR\",\"@id\":\"https:\/\/noticiasdefato.net\/#\/schema\/person\/image\/\",\"url\":\"https:\/\/secure.gravatar.com\/avatar\/700227fab2316f0366a1b5d4988d10f847249cf13293450527ac9553c994611a?s=96&d=mm&r=g\",\"contentUrl\":\"https:\/\/secure.gravatar.com\/avatar\/700227fab2316f0366a1b5d4988d10f847249cf13293450527ac9553c994611a?s=96&d=mm&r=g\",\"caption\":\"Noticias de Fato\"},\"sameAs\":[\"https:\/\/noticiasdefato.net\",\"http:\/\/fb.com\/\/noticiasdefato.jornal\",\"https:\/\/x.com\/https:\/\/twitter.com\/NoticiasDeFato_\"],\"url\":\"https:\/\/noticiasdefato.net\/?author=1\"}]}<\/script>\n<!-- \/ Yoast SEO plugin. -->","yoast_head_json":{"title":"CASO SAMU: ONDE EST\u00c1 A VERDADE? - Not\u00edcias de Fato","robots":{"index":"index","follow":"follow","max-snippet":"max-snippet:-1","max-image-preview":"max-image-preview:large","max-video-preview":"max-video-preview:-1"},"canonical":"https:\/\/noticiasdefato.net\/?p=676","og_locale":"pt_BR","og_type":"article","og_title":"CASO SAMU: ONDE EST\u00c1 A VERDADE? - Not\u00edcias de Fato","og_description":"PUBLICAMOS, NA INTEGRA, RESPOSTA DO SAMU ENCAMINHADA \u00c0 REDA\u00c7\u00c3O DO JNF, NA TARDE DE ONTEM Sobre a pol\u00eamica envolvendo a interrup\u00e7\u00e3o de parte do servi\u00e7os do SAMU em Alfenas, publicamos o e-mail que recebemos do \u00f3rg\u00e3o no in\u00edcio da tarde de ontem, 05. Destacamos que a resposta chegou \u00e0 reda\u00e7\u00e3o, depois das 13 h, como pode ser observado no e-mail. Observem que, neste documento, o &hellip;","og_url":"https:\/\/noticiasdefato.net\/?p=676","og_site_name":"Not\u00edcias de Fato","article_publisher":"https:\/\/fb.com\/noticiasdefato.jornal","article_author":"http:\/\/fb.com\/\/noticiasdefato.jornal","article_published_time":"2024-02-10T18:29:05+00:00","article_modified_time":"2024-02-21T01:15:44+00:00","og_image":[{"width":719,"height":540,"url":"https:\/\/noticiasdefato.net\/wp-content\/uploads\/2024\/02\/email.jpg","type":"image\/jpeg"}],"author":"Noticias de Fato","twitter_card":"summary_large_image","twitter_creator":"@https:\/\/twitter.com\/NoticiasDeFato_","twitter_site":"@noticiasdefato_","twitter_misc":{"Escrito por":"Noticias de Fato","Est. tempo de leitura":"1 minuto"},"schema":{"@context":"https:\/\/schema.org","@graph":[{"@type":"Article","@id":"https:\/\/noticiasdefato.net\/?p=676#article","isPartOf":{"@id":"https:\/\/noticiasdefato.net\/?p=676"},"author":{"name":"Noticias de Fato","@id":"https:\/\/noticiasdefato.net\/#\/schema\/person\/982ce60211d95acf059cd702aa260d08"},"headline":"CASO SAMU: ONDE EST\u00c1 A VERDADE?","datePublished":"2024-02-10T18:29:05+00:00","dateModified":"2024-02-21T01:15:44+00:00","mainEntityOfPage":{"@id":"https:\/\/noticiasdefato.net\/?p=676"},"wordCount":168,"commentCount":0,"publisher":{"@id":"https:\/\/noticiasdefato.net\/#organization"},"image":{"@id":"https:\/\/noticiasdefato.net\/?p=676#primaryimage"},"thumbnailUrl":"https:\/\/noticiasdefato.net\/wp-content\/uploads\/2024\/02\/email.jpg","articleSection":["Sa\u00fade"],"inLanguage":"pt-BR","potentialAction":[{"@type":"CommentAction","name":"Comment","target":["https:\/\/noticiasdefato.net\/?p=676#respond"]}]},{"@type":"WebPage","@id":"https:\/\/noticiasdefato.net\/?p=676","url":"https:\/\/noticiasdefato.net\/?p=676","name":"CASO SAMU: ONDE EST\u00c1 A VERDADE? - Not\u00edcias de Fato","isPartOf":{"@id":"https:\/\/noticiasdefato.net\/#website"},"primaryImageOfPage":{"@id":"https:\/\/noticiasdefato.net\/?p=676#primaryimage"},"image":{"@id":"https:\/\/noticiasdefato.net\/?p=676#primaryimage"},"thumbnailUrl":"https:\/\/noticiasdefato.net\/wp-content\/uploads\/2024\/02\/email.jpg","datePublished":"2024-02-10T18:29:05+00:00","dateModified":"2024-02-21T01:15:44+00:00","breadcrumb":{"@id":"https:\/\/noticiasdefato.net\/?p=676#breadcrumb"},"inLanguage":"pt-BR","potentialAction":[{"@type":"ReadAction","target":["https:\/\/noticiasdefato.net\/?p=676"]}]},{"@type":"ImageObject","inLanguage":"pt-BR","@id":"https:\/\/noticiasdefato.net\/?p=676#primaryimage","url":"https:\/\/noticiasdefato.net\/wp-content\/uploads\/2024\/02\/email.jpg","contentUrl":"https:\/\/noticiasdefato.net\/wp-content\/uploads\/2024\/02\/email.jpg","width":719,"height":540},{"@type":"BreadcrumbList","@id":"https:\/\/noticiasdefato.net\/?p=676#breadcrumb","itemListElement":[{"@type":"ListItem","position":1,"name":"In\u00edcio","item":"https:\/\/noticiasdefato.net\/"},{"@type":"ListItem","position":2,"name":"CASO SAMU: ONDE EST\u00c1 A VERDADE?"}]},{"@type":"WebSite","@id":"https:\/\/noticiasdefato.net\/#website","url":"https:\/\/noticiasdefato.net\/","name":"Not\u00edcias de Fato","description":"Trabalhamos com honestidade, seriedade e com a verdade.","publisher":{"@id":"https:\/\/noticiasdefato.net\/#organization"},"potentialAction":[{"@type":"SearchAction","target":{"@type":"EntryPoint","urlTemplate":"https:\/\/noticiasdefato.net\/?s={search_term_string}"},"query-input":"required name=search_term_string"}],"inLanguage":"pt-BR"},{"@type":"Organization","@id":"https:\/\/noticiasdefato.net\/#organization","name":"Not\u00edcias de Fato","url":"https:\/\/noticiasdefato.net\/","logo":{"@type":"ImageObject","inLanguage":"pt-BR","@id":"https:\/\/noticiasdefato.net\/#\/schema\/logo\/image\/","url":"https:\/\/noticiasdefato.net\/wp-content\/uploads\/2024\/02\/cropped-logo_topo.png","contentUrl":"https:\/\/noticiasdefato.net\/wp-content\/uploads\/2024\/02\/cropped-logo_topo.png","width":1948,"height":665,"caption":"Not\u00edcias de Fato"},"image":{"@id":"https:\/\/noticiasdefato.net\/#\/schema\/logo\/image\/"},"sameAs":["https:\/\/fb.com\/noticiasdefato.jornal","https:\/\/x.com\/noticiasdefato_","https:\/\/instagram.com\/noticiasdefato.jornal","https:\/\/youtube.com\/@JornalNoticiasDeFato"]},{"@type":"Person","@id":"https:\/\/noticiasdefato.net\/#\/schema\/person\/982ce60211d95acf059cd702aa260d08","name":"Noticias de Fato","image":{"@type":"ImageObject","inLanguage":"pt-BR","@id":"https:\/\/noticiasdefato.net\/#\/schema\/person\/image\/","url":"https:\/\/secure.gravatar.com\/avatar\/700227fab2316f0366a1b5d4988d10f847249cf13293450527ac9553c994611a?s=96&d=mm&r=g","contentUrl":"https:\/\/secure.gravatar.com\/avatar\/700227fab2316f0366a1b5d4988d10f847249cf13293450527ac9553c994611a?s=96&d=mm&r=g","caption":"Noticias de Fato"},"sameAs":["https:\/\/noticiasdefato.net","http:\/\/fb.com\/\/noticiasdefato.jornal","https:\/\/x.com\/https:\/\/twitter.com\/NoticiasDeFato_"],"url":"https:\/\/noticiasdefato.net\/?author=1"}]}},"_links":{"self":[{"href":"https:\/\/noticiasdefato.net\/index.php?rest_route=\/wp\/v2\/posts\/676","targetHints":{"allow":["GET"]}}],"collection":[{"href":"https:\/\/noticiasdefato.net\/index.php?rest_route=\/wp\/v2\/posts"}],"about":[{"href":"https:\/\/noticiasdefato.net\/index.php?rest_route=\/wp\/v2\/types\/post"}],"author":[{"embeddable":true,"href":"https:\/\/noticiasdefato.net\/index.php?rest_route=\/wp\/v2\/users\/1"}],"replies":[{"embeddable":true,"href":"https:\/\/noticiasdefato.net\/index.php?rest_route=%2Fwp%2Fv2%2Fcomments&post=676"}],"version-history":[{"count":1,"href":"https:\/\/noticiasdefato.net\/index.php?rest_route=\/wp\/v2\/posts\/676\/revisions"}],"predecessor-version":[{"id":678,"href":"https:\/\/noticiasdefato.net\/index.php?rest_route=\/wp\/v2\/posts\/676\/revisions\/678"}],"wp:featuredmedia":[{"embeddable":true,"href":"https:\/\/noticiasdefato.net\/index.php?rest_route=\/wp\/v2\/media\/677"}],"wp:attachment":[{"href":"https:\/\/noticiasdefato.net\/index.php?rest_route=%2Fwp%2Fv2%2Fmedia&parent=676"}],"wp:term":[{"taxonomy":"category","embeddable":true,"href":"https:\/\/noticiasdefato.net\/index.php?rest_route=%2Fwp%2Fv2%2Fcategories&post=676"},{"taxonomy":"post_tag","embeddable":true,"href":"https:\/\/noticiasdefato.net\/index.php?rest_route=%2Fwp%2Fv2%2Ftags&post=676"}],"curies":[{"name":"wp","href":"https:\/\/api.w.org\/{rel}","templated":true}]}}