{"id":679,"date":"2024-02-10T15:31:51","date_gmt":"2024-02-10T18:31:51","guid":{"rendered":"https:\/\/noticiasdefato.net\/?p=679"},"modified":"2024-02-20T22:15:49","modified_gmt":"2024-02-21T01:15:49","slug":"criminosos-invadem-quartel-e-levam-armamentos","status":"publish","type":"post","link":"https:\/\/noticiasdefato.net\/?p=679","title":{"rendered":"CRIMINOSOS INVADEM QUARTEL E LEVAM ARMAMENTOS"},"content":{"rendered":"\n<p>O fato ocorreu na madrugada de 07\/fev\/24.<\/p>\n\n\n\n<p>Na madrugada de quarta-feira (07\/fev\/24), o quartel da Pol\u00edcia Militar de Muzambinho, que fica na Rua Duque de Caxias, no centro, foi invadido e furtadas todas as armas presentes na sala de controle e manuseio de armamentos.<\/p>\n\n\n\n<p>Segundo informa\u00e7\u00f5es extraoficiais, foram levadas sete pistolas, dois fuzis 762, dois fuzis 556, 02 espingardas calibre 12 e dois r\u00e1dios comunicadores.<\/p>\n\n\n\n<p>N\u00e3o houve maiores danos no local.<\/p>\n\n\n\n<p>O comando da PM na regi\u00e3o informou que vai se pronunciar por meio de nota oficial.<\/p>\n\n\n\n<p>A ocorr\u00eancia est\u00e1 em andamento e mobiliza as for\u00e7as de seguran\u00e7a da regi\u00e3o. At\u00e9 o momento, nenhum suspeito foi preso.<\/p>\n\n\n\n<p>Fonte: Portal da Cidade Guaxup\u00e9<\/p>\n","protected":false},"excerpt":{"rendered":"<p>O fato ocorreu na madrugada de 07\/fev\/24. Na madrugada de quarta-feira (07\/fev\/24), o quartel da Pol\u00edcia Militar de Muzambinho, que fica na Rua Duque de Caxias, no centro, foi invadido e furtadas todas as armas presentes na sala de controle e manuseio de armamentos. Segundo informa\u00e7\u00f5es extraoficiais, foram levadas sete pistolas, dois fuzis 762, dois fuzis 556, 02 espingardas calibre 12 e dois r\u00e1dios comunicadores. &hellip; <a href=\"https:\/\/noticiasdefato.net\/?p=679\" class=\"more-link\">Continuar lendo <span class=\"screen-reader-text\">CRIMINOSOS INVADEM QUARTEL E LEVAM ARMAMENTOS<\/span><\/a><\/p>\n","protected":false},"author":1,"featured_media":680,"comment_status":"open","ping_status":"closed","sticky":false,"template":"","format":"standard","meta":{"footnotes":""},"categories":[25],"tags":[],"class_list":["post-679","post","type-post","status-publish","format-standard","has-post-thumbnail","hentry","category-policial"],"yoast_head":"<!-- This site is optimized with the Yoast SEO plugin v23.2 - https:\/\/yoast.com\/wordpress\/plugins\/seo\/ -->\n<title>CRIMINOSOS INVADEM QUARTEL E LEVAM ARMAMENTOS - Not\u00edcias de Fato<\/title>\n<meta name=\"robots\" content=\"index, follow, max-snippet:-1, max-image-preview:large, max-video-preview:-1\" \/>\n<link rel=\"canonical\" href=\"https:\/\/noticiasdefato.net\/?p=679\" \/>\n<meta property=\"og:locale\" content=\"pt_BR\" \/>\n<meta property=\"og:type\" content=\"article\" \/>\n<meta property=\"og:title\" content=\"CRIMINOSOS INVADEM QUARTEL E LEVAM ARMAMENTOS - Not\u00edcias de Fato\" \/>\n<meta property=\"og:description\" content=\"O fato ocorreu na madrugada de 07\/fev\/24. Na madrugada de quarta-feira (07\/fev\/24), o quartel da Pol\u00edcia Militar de Muzambinho, que fica na Rua Duque de Caxias, no centro, foi invadido e furtadas todas as armas presentes na sala de controle e manuseio de armamentos. Segundo informa\u00e7\u00f5es extraoficiais, foram levadas sete pistolas, dois fuzis 762, dois fuzis 556, 02 espingardas calibre 12 e dois r\u00e1dios comunicadores. &hellip;\" \/>\n<meta property=\"og:url\" content=\"https:\/\/noticiasdefato.net\/?p=679\" \/>\n<meta property=\"og:site_name\" content=\"Not\u00edcias de Fato\" \/>\n<meta property=\"article:publisher\" content=\"https:\/\/fb.com\/noticiasdefato.jornal\" \/>\n<meta property=\"article:author\" content=\"http:\/\/fb.com\/\/noticiasdefato.jornal\" \/>\n<meta property=\"article:published_time\" content=\"2024-02-10T18:31:51+00:00\" \/>\n<meta property=\"article:modified_time\" content=\"2024-02-21T01:15:49+00:00\" \/>\n<meta property=\"og:image\" content=\"https:\/\/noticiasdefato.net\/wp-content\/uploads\/2024\/02\/foto-quartel.jpg\" \/>\n\t<meta property=\"og:image:width\" content=\"720\" \/>\n\t<meta property=\"og:image:height\" content=\"502\" \/>\n\t<meta property=\"og:image:type\" content=\"image\/jpeg\" \/>\n<meta name=\"author\" content=\"Noticias de Fato\" \/>\n<meta name=\"twitter:card\" content=\"summary_large_image\" \/>\n<meta name=\"twitter:creator\" content=\"@https:\/\/twitter.com\/NoticiasDeFato_\" \/>\n<meta name=\"twitter:site\" content=\"@noticiasdefato_\" \/>\n<meta name=\"twitter:label1\" content=\"Escrito por\" \/>\n\t<meta name=\"twitter:data1\" content=\"Noticias de Fato\" \/>\n\t<meta name=\"twitter:label2\" content=\"Est. tempo de leitura\" \/>\n\t<meta name=\"twitter:data2\" content=\"1 minuto\" \/>\n<script type=\"application\/ld+json\" class=\"yoast-schema-graph\">{\"@context\":\"https:\/\/schema.org\",\"@graph\":[{\"@type\":\"Article\",\"@id\":\"https:\/\/noticiasdefato.net\/?p=679#article\",\"isPartOf\":{\"@id\":\"https:\/\/noticiasdefato.net\/?p=679\"},\"author\":{\"name\":\"Noticias de Fato\",\"@id\":\"https:\/\/noticiasdefato.net\/#\/schema\/person\/982ce60211d95acf059cd702aa260d08\"},\"headline\":\"CRIMINOSOS INVADEM QUARTEL E LEVAM ARMAMENTOS\",\"datePublished\":\"2024-02-10T18:31:51+00:00\",\"dateModified\":\"2024-02-21T01:15:49+00:00\",\"mainEntityOfPage\":{\"@id\":\"https:\/\/noticiasdefato.net\/?p=679\"},\"wordCount\":123,\"commentCount\":0,\"publisher\":{\"@id\":\"https:\/\/noticiasdefato.net\/#organization\"},\"image\":{\"@id\":\"https:\/\/noticiasdefato.net\/?p=679#primaryimage\"},\"thumbnailUrl\":\"https:\/\/noticiasdefato.net\/wp-content\/uploads\/2024\/02\/foto-quartel.jpg\",\"articleSection\":[\"Policial\"],\"inLanguage\":\"pt-BR\",\"potentialAction\":[{\"@type\":\"CommentAction\",\"name\":\"Comment\",\"target\":[\"https:\/\/noticiasdefato.net\/?p=679#respond\"]}]},{\"@type\":\"WebPage\",\"@id\":\"https:\/\/noticiasdefato.net\/?p=679\",\"url\":\"https:\/\/noticiasdefato.net\/?p=679\",\"name\":\"CRIMINOSOS INVADEM QUARTEL E LEVAM ARMAMENTOS - Not\u00edcias de Fato\",\"isPartOf\":{\"@id\":\"https:\/\/noticiasdefato.net\/#website\"},\"primaryImageOfPage\":{\"@id\":\"https:\/\/noticiasdefato.net\/?p=679#primaryimage\"},\"image\":{\"@id\":\"https:\/\/noticiasdefato.net\/?p=679#primaryimage\"},\"thumbnailUrl\":\"https:\/\/noticiasdefato.net\/wp-content\/uploads\/2024\/02\/foto-quartel.jpg\",\"datePublished\":\"2024-02-10T18:31:51+00:00\",\"dateModified\":\"2024-02-21T01:15:49+00:00\",\"breadcrumb\":{\"@id\":\"https:\/\/noticiasdefato.net\/?p=679#breadcrumb\"},\"inLanguage\":\"pt-BR\",\"potentialAction\":[{\"@type\":\"ReadAction\",\"target\":[\"https:\/\/noticiasdefato.net\/?p=679\"]}]},{\"@type\":\"ImageObject\",\"inLanguage\":\"pt-BR\",\"@id\":\"https:\/\/noticiasdefato.net\/?p=679#primaryimage\",\"url\":\"https:\/\/noticiasdefato.net\/wp-content\/uploads\/2024\/02\/foto-quartel.jpg\",\"contentUrl\":\"https:\/\/noticiasdefato.net\/wp-content\/uploads\/2024\/02\/foto-quartel.jpg\",\"width\":720,\"height\":502},{\"@type\":\"BreadcrumbList\",\"@id\":\"https:\/\/noticiasdefato.net\/?p=679#breadcrumb\",\"itemListElement\":[{\"@type\":\"ListItem\",\"position\":1,\"name\":\"In\u00edcio\",\"item\":\"https:\/\/noticiasdefato.net\/\"},{\"@type\":\"ListItem\",\"position\":2,\"name\":\"CRIMINOSOS INVADEM QUARTEL E LEVAM ARMAMENTOS\"}]},{\"@type\":\"WebSite\",\"@id\":\"https:\/\/noticiasdefato.net\/#website\",\"url\":\"https:\/\/noticiasdefato.net\/\",\"name\":\"Not\u00edcias de Fato\",\"description\":\"Trabalhamos com honestidade, seriedade e com a verdade.\",\"publisher\":{\"@id\":\"https:\/\/noticiasdefato.net\/#organization\"},\"potentialAction\":[{\"@type\":\"SearchAction\",\"target\":{\"@type\":\"EntryPoint\",\"urlTemplate\":\"https:\/\/noticiasdefato.net\/?s={search_term_string}\"},\"query-input\":\"required name=search_term_string\"}],\"inLanguage\":\"pt-BR\"},{\"@type\":\"Organization\",\"@id\":\"https:\/\/noticiasdefato.net\/#organization\",\"name\":\"Not\u00edcias de Fato\",\"url\":\"https:\/\/noticiasdefato.net\/\",\"logo\":{\"@type\":\"ImageObject\",\"inLanguage\":\"pt-BR\",\"@id\":\"https:\/\/noticiasdefato.net\/#\/schema\/logo\/image\/\",\"url\":\"https:\/\/noticiasdefato.net\/wp-content\/uploads\/2024\/02\/cropped-logo_topo.png\",\"contentUrl\":\"https:\/\/noticiasdefato.net\/wp-content\/uploads\/2024\/02\/cropped-logo_topo.png\",\"width\":1948,\"height\":665,\"caption\":\"Not\u00edcias de Fato\"},\"image\":{\"@id\":\"https:\/\/noticiasdefato.net\/#\/schema\/logo\/image\/\"},\"sameAs\":[\"https:\/\/fb.com\/noticiasdefato.jornal\",\"https:\/\/x.com\/noticiasdefato_\",\"https:\/\/instagram.com\/noticiasdefato.jornal\",\"https:\/\/youtube.com\/@JornalNoticiasDeFato\"]},{\"@type\":\"Person\",\"@id\":\"https:\/\/noticiasdefato.net\/#\/schema\/person\/982ce60211d95acf059cd702aa260d08\",\"name\":\"Noticias de Fato\",\"image\":{\"@type\":\"ImageObject\",\"inLanguage\":\"pt-BR\",\"@id\":\"https:\/\/noticiasdefato.net\/#\/schema\/person\/image\/\",\"url\":\"https:\/\/secure.gravatar.com\/avatar\/700227fab2316f0366a1b5d4988d10f847249cf13293450527ac9553c994611a?s=96&d=mm&r=g\",\"contentUrl\":\"https:\/\/secure.gravatar.com\/avatar\/700227fab2316f0366a1b5d4988d10f847249cf13293450527ac9553c994611a?s=96&d=mm&r=g\",\"caption\":\"Noticias de Fato\"},\"sameAs\":[\"https:\/\/noticiasdefato.net\",\"http:\/\/fb.com\/\/noticiasdefato.jornal\",\"https:\/\/x.com\/https:\/\/twitter.com\/NoticiasDeFato_\"],\"url\":\"https:\/\/noticiasdefato.net\/?author=1\"}]}<\/script>\n<!-- \/ Yoast SEO plugin. -->","yoast_head_json":{"title":"CRIMINOSOS INVADEM QUARTEL E LEVAM ARMAMENTOS - Not\u00edcias de Fato","robots":{"index":"index","follow":"follow","max-snippet":"max-snippet:-1","max-image-preview":"max-image-preview:large","max-video-preview":"max-video-preview:-1"},"canonical":"https:\/\/noticiasdefato.net\/?p=679","og_locale":"pt_BR","og_type":"article","og_title":"CRIMINOSOS INVADEM QUARTEL E LEVAM ARMAMENTOS - Not\u00edcias de Fato","og_description":"O fato ocorreu na madrugada de 07\/fev\/24. Na madrugada de quarta-feira (07\/fev\/24), o quartel da Pol\u00edcia Militar de Muzambinho, que fica na Rua Duque de Caxias, no centro, foi invadido e furtadas todas as armas presentes na sala de controle e manuseio de armamentos. Segundo informa\u00e7\u00f5es extraoficiais, foram levadas sete pistolas, dois fuzis 762, dois fuzis 556, 02 espingardas calibre 12 e dois r\u00e1dios comunicadores. &hellip;","og_url":"https:\/\/noticiasdefato.net\/?p=679","og_site_name":"Not\u00edcias de Fato","article_publisher":"https:\/\/fb.com\/noticiasdefato.jornal","article_author":"http:\/\/fb.com\/\/noticiasdefato.jornal","article_published_time":"2024-02-10T18:31:51+00:00","article_modified_time":"2024-02-21T01:15:49+00:00","og_image":[{"width":720,"height":502,"url":"https:\/\/noticiasdefato.net\/wp-content\/uploads\/2024\/02\/foto-quartel.jpg","type":"image\/jpeg"}],"author":"Noticias de Fato","twitter_card":"summary_large_image","twitter_creator":"@https:\/\/twitter.com\/NoticiasDeFato_","twitter_site":"@noticiasdefato_","twitter_misc":{"Escrito por":"Noticias de Fato","Est. tempo de leitura":"1 minuto"},"schema":{"@context":"https:\/\/schema.org","@graph":[{"@type":"Article","@id":"https:\/\/noticiasdefato.net\/?p=679#article","isPartOf":{"@id":"https:\/\/noticiasdefato.net\/?p=679"},"author":{"name":"Noticias de Fato","@id":"https:\/\/noticiasdefato.net\/#\/schema\/person\/982ce60211d95acf059cd702aa260d08"},"headline":"CRIMINOSOS INVADEM QUARTEL E LEVAM ARMAMENTOS","datePublished":"2024-02-10T18:31:51+00:00","dateModified":"2024-02-21T01:15:49+00:00","mainEntityOfPage":{"@id":"https:\/\/noticiasdefato.net\/?p=679"},"wordCount":123,"commentCount":0,"publisher":{"@id":"https:\/\/noticiasdefato.net\/#organization"},"image":{"@id":"https:\/\/noticiasdefato.net\/?p=679#primaryimage"},"thumbnailUrl":"https:\/\/noticiasdefato.net\/wp-content\/uploads\/2024\/02\/foto-quartel.jpg","articleSection":["Policial"],"inLanguage":"pt-BR","potentialAction":[{"@type":"CommentAction","name":"Comment","target":["https:\/\/noticiasdefato.net\/?p=679#respond"]}]},{"@type":"WebPage","@id":"https:\/\/noticiasdefato.net\/?p=679","url":"https:\/\/noticiasdefato.net\/?p=679","name":"CRIMINOSOS INVADEM QUARTEL E LEVAM ARMAMENTOS - Not\u00edcias de Fato","isPartOf":{"@id":"https:\/\/noticiasdefato.net\/#website"},"primaryImageOfPage":{"@id":"https:\/\/noticiasdefato.net\/?p=679#primaryimage"},"image":{"@id":"https:\/\/noticiasdefato.net\/?p=679#primaryimage"},"thumbnailUrl":"https:\/\/noticiasdefato.net\/wp-content\/uploads\/2024\/02\/foto-quartel.jpg","datePublished":"2024-02-10T18:31:51+00:00","dateModified":"2024-02-21T01:15:49+00:00","breadcrumb":{"@id":"https:\/\/noticiasdefato.net\/?p=679#breadcrumb"},"inLanguage":"pt-BR","potentialAction":[{"@type":"ReadAction","target":["https:\/\/noticiasdefato.net\/?p=679"]}]},{"@type":"ImageObject","inLanguage":"pt-BR","@id":"https:\/\/noticiasdefato.net\/?p=679#primaryimage","url":"https:\/\/noticiasdefato.net\/wp-content\/uploads\/2024\/02\/foto-quartel.jpg","contentUrl":"https:\/\/noticiasdefato.net\/wp-content\/uploads\/2024\/02\/foto-quartel.jpg","width":720,"height":502},{"@type":"BreadcrumbList","@id":"https:\/\/noticiasdefato.net\/?p=679#breadcrumb","itemListElement":[{"@type":"ListItem","position":1,"name":"In\u00edcio","item":"https:\/\/noticiasdefato.net\/"},{"@type":"ListItem","position":2,"name":"CRIMINOSOS INVADEM QUARTEL E LEVAM ARMAMENTOS"}]},{"@type":"WebSite","@id":"https:\/\/noticiasdefato.net\/#website","url":"https:\/\/noticiasdefato.net\/","name":"Not\u00edcias de Fato","description":"Trabalhamos com honestidade, seriedade e com a verdade.","publisher":{"@id":"https:\/\/noticiasdefato.net\/#organization"},"potentialAction":[{"@type":"SearchAction","target":{"@type":"EntryPoint","urlTemplate":"https:\/\/noticiasdefato.net\/?s={search_term_string}"},"query-input":"required name=search_term_string"}],"inLanguage":"pt-BR"},{"@type":"Organization","@id":"https:\/\/noticiasdefato.net\/#organization","name":"Not\u00edcias de Fato","url":"https:\/\/noticiasdefato.net\/","logo":{"@type":"ImageObject","inLanguage":"pt-BR","@id":"https:\/\/noticiasdefato.net\/#\/schema\/logo\/image\/","url":"https:\/\/noticiasdefato.net\/wp-content\/uploads\/2024\/02\/cropped-logo_topo.png","contentUrl":"https:\/\/noticiasdefato.net\/wp-content\/uploads\/2024\/02\/cropped-logo_topo.png","width":1948,"height":665,"caption":"Not\u00edcias de Fato"},"image":{"@id":"https:\/\/noticiasdefato.net\/#\/schema\/logo\/image\/"},"sameAs":["https:\/\/fb.com\/noticiasdefato.jornal","https:\/\/x.com\/noticiasdefato_","https:\/\/instagram.com\/noticiasdefato.jornal","https:\/\/youtube.com\/@JornalNoticiasDeFato"]},{"@type":"Person","@id":"https:\/\/noticiasdefato.net\/#\/schema\/person\/982ce60211d95acf059cd702aa260d08","name":"Noticias de Fato","image":{"@type":"ImageObject","inLanguage":"pt-BR","@id":"https:\/\/noticiasdefato.net\/#\/schema\/person\/image\/","url":"https:\/\/secure.gravatar.com\/avatar\/700227fab2316f0366a1b5d4988d10f847249cf13293450527ac9553c994611a?s=96&d=mm&r=g","contentUrl":"https:\/\/secure.gravatar.com\/avatar\/700227fab2316f0366a1b5d4988d10f847249cf13293450527ac9553c994611a?s=96&d=mm&r=g","caption":"Noticias de Fato"},"sameAs":["https:\/\/noticiasdefato.net","http:\/\/fb.com\/\/noticiasdefato.jornal","https:\/\/x.com\/https:\/\/twitter.com\/NoticiasDeFato_"],"url":"https:\/\/noticiasdefato.net\/?author=1"}]}},"_links":{"self":[{"href":"https:\/\/noticiasdefato.net\/index.php?rest_route=\/wp\/v2\/posts\/679","targetHints":{"allow":["GET"]}}],"collection":[{"href":"https:\/\/noticiasdefato.net\/index.php?rest_route=\/wp\/v2\/posts"}],"about":[{"href":"https:\/\/noticiasdefato.net\/index.php?rest_route=\/wp\/v2\/types\/post"}],"author":[{"embeddable":true,"href":"https:\/\/noticiasdefato.net\/index.php?rest_route=\/wp\/v2\/users\/1"}],"replies":[{"embeddable":true,"href":"https:\/\/noticiasdefato.net\/index.php?rest_route=%2Fwp%2Fv2%2Fcomments&post=679"}],"version-history":[{"count":1,"href":"https:\/\/noticiasdefato.net\/index.php?rest_route=\/wp\/v2\/posts\/679\/revisions"}],"predecessor-version":[{"id":681,"href":"https:\/\/noticiasdefato.net\/index.php?rest_route=\/wp\/v2\/posts\/679\/revisions\/681"}],"wp:featuredmedia":[{"embeddable":true,"href":"https:\/\/noticiasdefato.net\/index.php?rest_route=\/wp\/v2\/media\/680"}],"wp:attachment":[{"href":"https:\/\/noticiasdefato.net\/index.php?rest_route=%2Fwp%2Fv2%2Fmedia&parent=679"}],"wp:term":[{"taxonomy":"category","embeddable":true,"href":"https:\/\/noticiasdefato.net\/index.php?rest_route=%2Fwp%2Fv2%2Fcategories&post=679"},{"taxonomy":"post_tag","embeddable":true,"href":"https:\/\/noticiasdefato.net\/index.php?rest_route=%2Fwp%2Fv2%2Ftags&post=679"}],"curies":[{"name":"wp","href":"https:\/\/api.w.org\/{rel}","templated":true}]}}