{"id":682,"date":"2024-02-10T15:45:49","date_gmt":"2024-02-10T18:45:49","guid":{"rendered":"https:\/\/noticiasdefato.net\/?p=682"},"modified":"2024-02-20T22:15:53","modified_gmt":"2024-02-21T01:15:53","slug":"mpmg-deflagra-operacao-trem-da-alegria","status":"publish","type":"post","link":"https:\/\/noticiasdefato.net\/?p=682","title":{"rendered":"MPMG deflagra opera\u00e7\u00e3o &#8220;Trem da Alegria&#8221;"},"content":{"rendered":"\n<p>H\u00e1 mandados de pris\u00e3o expedidos pelo Tribunal de Justi\u00e7a de Minas Gerais (TJMG) em desfavor do prefeito municipal, do procurador-geral do munic\u00edpio, do diretor-geral do Saae, do gestor de obras e de dois empres\u00e1rios.<\/p>\n\n\n\n<p>O procurador-geral do munic\u00edpio \u00e9 filho do vereador Ratinho, da cidade de Alfenas, que \u00e9 base do governo municipal do PT.<\/p>\n\n\n\n<figure class=\"wp-block-gallery has-nested-images columns-default is-cropped wp-block-gallery-1 is-layout-flex wp-block-gallery-is-layout-flex\">\n<figure class=\"wp-block-image size-large\"><img decoding=\"async\" width=\"302\" height=\"162\" data-id=\"684\" src=\"https:\/\/noticiasdefato.net\/wp-content\/uploads\/2024\/02\/ratinho.png\" alt=\"\" class=\"wp-image-684\" srcset=\"https:\/\/noticiasdefato.net\/wp-content\/uploads\/2024\/02\/ratinho.png 302w, https:\/\/noticiasdefato.net\/wp-content\/uploads\/2024\/02\/ratinho-300x161.png 300w\" sizes=\"(max-width: 302px) 100vw, 302px\" \/><figcaption class=\"wp-element-caption\"><strong>Deyvison Andrade (esquerda) e Ratinho<\/strong><\/figcaption><\/figure>\n<\/figure>\n\n\n\n<p>Deyvison Andrade tamb\u00e9m \u00e9 aliado pol\u00edticos de Bras\u00edlia ligados ao espectro pol\u00edtico de esquerda, como o deputado federal Reginaldo Lopes e o senador Rodrigo Pachedo.<\/p>\n\n\n\n<figure class=\"wp-block-gallery has-nested-images columns-default is-cropped wp-block-gallery-2 is-layout-flex wp-block-gallery-is-layout-flex\">\n<figure class=\"wp-block-image size-large is-style-default\"><img fetchpriority=\"high\" decoding=\"async\" width=\"422\" height=\"572\" data-id=\"685\" src=\"https:\/\/noticiasdefato.net\/wp-content\/uploads\/2024\/02\/pacheco.png\" alt=\"\" class=\"wp-image-685\" srcset=\"https:\/\/noticiasdefato.net\/wp-content\/uploads\/2024\/02\/pacheco.png 422w, https:\/\/noticiasdefato.net\/wp-content\/uploads\/2024\/02\/pacheco-221x300.png 221w\" sizes=\"(max-width: 422px) 100vw, 422px\" \/><\/figure>\n<\/figure>\n","protected":false},"excerpt":{"rendered":"<p>H\u00e1 mandados de pris\u00e3o expedidos pelo Tribunal de Justi\u00e7a de Minas Gerais (TJMG) em desfavor do prefeito municipal, do procurador-geral do munic\u00edpio, do diretor-geral do Saae, do gestor de obras e de dois empres\u00e1rios. O procurador-geral do munic\u00edpio \u00e9 filho do vereador Ratinho, da cidade de Alfenas, que \u00e9 base do governo municipal do PT. Deyvison Andrade tamb\u00e9m \u00e9 aliado pol\u00edticos de Bras\u00edlia ligados ao &hellip; <a href=\"https:\/\/noticiasdefato.net\/?p=682\" class=\"more-link\">Continuar lendo <span class=\"screen-reader-text\">MPMG deflagra opera\u00e7\u00e3o &#8220;Trem da Alegria&#8221;<\/span><\/a><\/p>\n","protected":false},"author":1,"featured_media":683,"comment_status":"open","ping_status":"closed","sticky":false,"template":"","format":"standard","meta":{"footnotes":""},"categories":[25],"tags":[],"class_list":["post-682","post","type-post","status-publish","format-standard","has-post-thumbnail","hentry","category-policial"],"yoast_head":"<!-- This site is optimized with the Yoast SEO plugin v23.2 - https:\/\/yoast.com\/wordpress\/plugins\/seo\/ -->\n<title>MPMG deflagra opera\u00e7\u00e3o &quot;Trem da Alegria&quot; - Not\u00edcias de Fato<\/title>\n<meta name=\"robots\" content=\"index, follow, max-snippet:-1, max-image-preview:large, max-video-preview:-1\" \/>\n<link rel=\"canonical\" href=\"https:\/\/noticiasdefato.net\/?p=682\" \/>\n<meta property=\"og:locale\" content=\"pt_BR\" \/>\n<meta property=\"og:type\" content=\"article\" \/>\n<meta property=\"og:title\" content=\"MPMG deflagra opera\u00e7\u00e3o &quot;Trem da Alegria&quot; - Not\u00edcias de Fato\" \/>\n<meta property=\"og:description\" content=\"H\u00e1 mandados de pris\u00e3o expedidos pelo Tribunal de Justi\u00e7a de Minas Gerais (TJMG) em desfavor do prefeito municipal, do procurador-geral do munic\u00edpio, do diretor-geral do Saae, do gestor de obras e de dois empres\u00e1rios. O procurador-geral do munic\u00edpio \u00e9 filho do vereador Ratinho, da cidade de Alfenas, que \u00e9 base do governo municipal do PT. Deyvison Andrade tamb\u00e9m \u00e9 aliado pol\u00edticos de Bras\u00edlia ligados ao &hellip;\" \/>\n<meta property=\"og:url\" content=\"https:\/\/noticiasdefato.net\/?p=682\" \/>\n<meta property=\"og:site_name\" content=\"Not\u00edcias de Fato\" \/>\n<meta property=\"article:publisher\" content=\"https:\/\/fb.com\/noticiasdefato.jornal\" \/>\n<meta property=\"article:author\" content=\"http:\/\/fb.com\/\/noticiasdefato.jornal\" \/>\n<meta property=\"article:published_time\" content=\"2024-02-10T18:45:49+00:00\" \/>\n<meta property=\"article:modified_time\" content=\"2024-02-21T01:15:53+00:00\" \/>\n<meta property=\"og:image\" content=\"https:\/\/noticiasdefato.net\/wp-content\/uploads\/2024\/02\/gaeco.png\" \/>\n\t<meta property=\"og:image:width\" content=\"507\" \/>\n\t<meta property=\"og:image:height\" content=\"241\" \/>\n\t<meta property=\"og:image:type\" content=\"image\/png\" \/>\n<meta name=\"author\" content=\"Noticias de Fato\" \/>\n<meta name=\"twitter:card\" content=\"summary_large_image\" \/>\n<meta name=\"twitter:creator\" content=\"@https:\/\/twitter.com\/NoticiasDeFato_\" \/>\n<meta name=\"twitter:site\" content=\"@noticiasdefato_\" \/>\n<meta name=\"twitter:label1\" content=\"Escrito por\" \/>\n\t<meta name=\"twitter:data1\" content=\"Noticias de Fato\" \/>\n<script type=\"application\/ld+json\" class=\"yoast-schema-graph\">{\"@context\":\"https:\/\/schema.org\",\"@graph\":[{\"@type\":\"Article\",\"@id\":\"https:\/\/noticiasdefato.net\/?p=682#article\",\"isPartOf\":{\"@id\":\"https:\/\/noticiasdefato.net\/?p=682\"},\"author\":{\"name\":\"Noticias de Fato\",\"@id\":\"https:\/\/noticiasdefato.net\/#\/schema\/person\/982ce60211d95acf059cd702aa260d08\"},\"headline\":\"MPMG deflagra opera\u00e7\u00e3o &#8220;Trem da Alegria&#8221;\",\"datePublished\":\"2024-02-10T18:45:49+00:00\",\"dateModified\":\"2024-02-21T01:15:53+00:00\",\"mainEntityOfPage\":{\"@id\":\"https:\/\/noticiasdefato.net\/?p=682\"},\"wordCount\":98,\"commentCount\":0,\"publisher\":{\"@id\":\"https:\/\/noticiasdefato.net\/#organization\"},\"image\":{\"@id\":\"https:\/\/noticiasdefato.net\/?p=682#primaryimage\"},\"thumbnailUrl\":\"https:\/\/noticiasdefato.net\/wp-content\/uploads\/2024\/02\/gaeco.png\",\"articleSection\":[\"Policial\"],\"inLanguage\":\"pt-BR\",\"potentialAction\":[{\"@type\":\"CommentAction\",\"name\":\"Comment\",\"target\":[\"https:\/\/noticiasdefato.net\/?p=682#respond\"]}]},{\"@type\":\"WebPage\",\"@id\":\"https:\/\/noticiasdefato.net\/?p=682\",\"url\":\"https:\/\/noticiasdefato.net\/?p=682\",\"name\":\"MPMG deflagra opera\u00e7\u00e3o \\\"Trem da Alegria\\\" - Not\u00edcias de Fato\",\"isPartOf\":{\"@id\":\"https:\/\/noticiasdefato.net\/#website\"},\"primaryImageOfPage\":{\"@id\":\"https:\/\/noticiasdefato.net\/?p=682#primaryimage\"},\"image\":{\"@id\":\"https:\/\/noticiasdefato.net\/?p=682#primaryimage\"},\"thumbnailUrl\":\"https:\/\/noticiasdefato.net\/wp-content\/uploads\/2024\/02\/gaeco.png\",\"datePublished\":\"2024-02-10T18:45:49+00:00\",\"dateModified\":\"2024-02-21T01:15:53+00:00\",\"breadcrumb\":{\"@id\":\"https:\/\/noticiasdefato.net\/?p=682#breadcrumb\"},\"inLanguage\":\"pt-BR\",\"potentialAction\":[{\"@type\":\"ReadAction\",\"target\":[\"https:\/\/noticiasdefato.net\/?p=682\"]}]},{\"@type\":\"ImageObject\",\"inLanguage\":\"pt-BR\",\"@id\":\"https:\/\/noticiasdefato.net\/?p=682#primaryimage\",\"url\":\"https:\/\/noticiasdefato.net\/wp-content\/uploads\/2024\/02\/gaeco.png\",\"contentUrl\":\"https:\/\/noticiasdefato.net\/wp-content\/uploads\/2024\/02\/gaeco.png\",\"width\":507,\"height\":241},{\"@type\":\"BreadcrumbList\",\"@id\":\"https:\/\/noticiasdefato.net\/?p=682#breadcrumb\",\"itemListElement\":[{\"@type\":\"ListItem\",\"position\":1,\"name\":\"In\u00edcio\",\"item\":\"https:\/\/noticiasdefato.net\/\"},{\"@type\":\"ListItem\",\"position\":2,\"name\":\"MPMG deflagra opera\u00e7\u00e3o &#8220;Trem da Alegria&#8221;\"}]},{\"@type\":\"WebSite\",\"@id\":\"https:\/\/noticiasdefato.net\/#website\",\"url\":\"https:\/\/noticiasdefato.net\/\",\"name\":\"Not\u00edcias de Fato\",\"description\":\"Trabalhamos com honestidade, seriedade e com a verdade.\",\"publisher\":{\"@id\":\"https:\/\/noticiasdefato.net\/#organization\"},\"potentialAction\":[{\"@type\":\"SearchAction\",\"target\":{\"@type\":\"EntryPoint\",\"urlTemplate\":\"https:\/\/noticiasdefato.net\/?s={search_term_string}\"},\"query-input\":\"required name=search_term_string\"}],\"inLanguage\":\"pt-BR\"},{\"@type\":\"Organization\",\"@id\":\"https:\/\/noticiasdefato.net\/#organization\",\"name\":\"Not\u00edcias de Fato\",\"url\":\"https:\/\/noticiasdefato.net\/\",\"logo\":{\"@type\":\"ImageObject\",\"inLanguage\":\"pt-BR\",\"@id\":\"https:\/\/noticiasdefato.net\/#\/schema\/logo\/image\/\",\"url\":\"https:\/\/noticiasdefato.net\/wp-content\/uploads\/2024\/02\/cropped-logo_topo.png\",\"contentUrl\":\"https:\/\/noticiasdefato.net\/wp-content\/uploads\/2024\/02\/cropped-logo_topo.png\",\"width\":1948,\"height\":665,\"caption\":\"Not\u00edcias de Fato\"},\"image\":{\"@id\":\"https:\/\/noticiasdefato.net\/#\/schema\/logo\/image\/\"},\"sameAs\":[\"https:\/\/fb.com\/noticiasdefato.jornal\",\"https:\/\/x.com\/noticiasdefato_\",\"https:\/\/instagram.com\/noticiasdefato.jornal\",\"https:\/\/youtube.com\/@JornalNoticiasDeFato\"]},{\"@type\":\"Person\",\"@id\":\"https:\/\/noticiasdefato.net\/#\/schema\/person\/982ce60211d95acf059cd702aa260d08\",\"name\":\"Noticias de Fato\",\"image\":{\"@type\":\"ImageObject\",\"inLanguage\":\"pt-BR\",\"@id\":\"https:\/\/noticiasdefato.net\/#\/schema\/person\/image\/\",\"url\":\"https:\/\/secure.gravatar.com\/avatar\/700227fab2316f0366a1b5d4988d10f847249cf13293450527ac9553c994611a?s=96&d=mm&r=g\",\"contentUrl\":\"https:\/\/secure.gravatar.com\/avatar\/700227fab2316f0366a1b5d4988d10f847249cf13293450527ac9553c994611a?s=96&d=mm&r=g\",\"caption\":\"Noticias de Fato\"},\"sameAs\":[\"https:\/\/noticiasdefato.net\",\"http:\/\/fb.com\/\/noticiasdefato.jornal\",\"https:\/\/x.com\/https:\/\/twitter.com\/NoticiasDeFato_\"],\"url\":\"https:\/\/noticiasdefato.net\/?author=1\"}]}<\/script>\n<!-- \/ Yoast SEO plugin. -->","yoast_head_json":{"title":"MPMG deflagra opera\u00e7\u00e3o \"Trem da Alegria\" - Not\u00edcias de Fato","robots":{"index":"index","follow":"follow","max-snippet":"max-snippet:-1","max-image-preview":"max-image-preview:large","max-video-preview":"max-video-preview:-1"},"canonical":"https:\/\/noticiasdefato.net\/?p=682","og_locale":"pt_BR","og_type":"article","og_title":"MPMG deflagra opera\u00e7\u00e3o \"Trem da Alegria\" - Not\u00edcias de Fato","og_description":"H\u00e1 mandados de pris\u00e3o expedidos pelo Tribunal de Justi\u00e7a de Minas Gerais (TJMG) em desfavor do prefeito municipal, do procurador-geral do munic\u00edpio, do diretor-geral do Saae, do gestor de obras e de dois empres\u00e1rios. O procurador-geral do munic\u00edpio \u00e9 filho do vereador Ratinho, da cidade de Alfenas, que \u00e9 base do governo municipal do PT. Deyvison Andrade tamb\u00e9m \u00e9 aliado pol\u00edticos de Bras\u00edlia ligados ao &hellip;","og_url":"https:\/\/noticiasdefato.net\/?p=682","og_site_name":"Not\u00edcias de Fato","article_publisher":"https:\/\/fb.com\/noticiasdefato.jornal","article_author":"http:\/\/fb.com\/\/noticiasdefato.jornal","article_published_time":"2024-02-10T18:45:49+00:00","article_modified_time":"2024-02-21T01:15:53+00:00","og_image":[{"width":507,"height":241,"url":"https:\/\/noticiasdefato.net\/wp-content\/uploads\/2024\/02\/gaeco.png","type":"image\/png"}],"author":"Noticias de Fato","twitter_card":"summary_large_image","twitter_creator":"@https:\/\/twitter.com\/NoticiasDeFato_","twitter_site":"@noticiasdefato_","twitter_misc":{"Escrito por":"Noticias de Fato"},"schema":{"@context":"https:\/\/schema.org","@graph":[{"@type":"Article","@id":"https:\/\/noticiasdefato.net\/?p=682#article","isPartOf":{"@id":"https:\/\/noticiasdefato.net\/?p=682"},"author":{"name":"Noticias de Fato","@id":"https:\/\/noticiasdefato.net\/#\/schema\/person\/982ce60211d95acf059cd702aa260d08"},"headline":"MPMG deflagra opera\u00e7\u00e3o &#8220;Trem da Alegria&#8221;","datePublished":"2024-02-10T18:45:49+00:00","dateModified":"2024-02-21T01:15:53+00:00","mainEntityOfPage":{"@id":"https:\/\/noticiasdefato.net\/?p=682"},"wordCount":98,"commentCount":0,"publisher":{"@id":"https:\/\/noticiasdefato.net\/#organization"},"image":{"@id":"https:\/\/noticiasdefato.net\/?p=682#primaryimage"},"thumbnailUrl":"https:\/\/noticiasdefato.net\/wp-content\/uploads\/2024\/02\/gaeco.png","articleSection":["Policial"],"inLanguage":"pt-BR","potentialAction":[{"@type":"CommentAction","name":"Comment","target":["https:\/\/noticiasdefato.net\/?p=682#respond"]}]},{"@type":"WebPage","@id":"https:\/\/noticiasdefato.net\/?p=682","url":"https:\/\/noticiasdefato.net\/?p=682","name":"MPMG deflagra opera\u00e7\u00e3o \"Trem da Alegria\" - Not\u00edcias de Fato","isPartOf":{"@id":"https:\/\/noticiasdefato.net\/#website"},"primaryImageOfPage":{"@id":"https:\/\/noticiasdefato.net\/?p=682#primaryimage"},"image":{"@id":"https:\/\/noticiasdefato.net\/?p=682#primaryimage"},"thumbnailUrl":"https:\/\/noticiasdefato.net\/wp-content\/uploads\/2024\/02\/gaeco.png","datePublished":"2024-02-10T18:45:49+00:00","dateModified":"2024-02-21T01:15:53+00:00","breadcrumb":{"@id":"https:\/\/noticiasdefato.net\/?p=682#breadcrumb"},"inLanguage":"pt-BR","potentialAction":[{"@type":"ReadAction","target":["https:\/\/noticiasdefato.net\/?p=682"]}]},{"@type":"ImageObject","inLanguage":"pt-BR","@id":"https:\/\/noticiasdefato.net\/?p=682#primaryimage","url":"https:\/\/noticiasdefato.net\/wp-content\/uploads\/2024\/02\/gaeco.png","contentUrl":"https:\/\/noticiasdefato.net\/wp-content\/uploads\/2024\/02\/gaeco.png","width":507,"height":241},{"@type":"BreadcrumbList","@id":"https:\/\/noticiasdefato.net\/?p=682#breadcrumb","itemListElement":[{"@type":"ListItem","position":1,"name":"In\u00edcio","item":"https:\/\/noticiasdefato.net\/"},{"@type":"ListItem","position":2,"name":"MPMG deflagra opera\u00e7\u00e3o &#8220;Trem da Alegria&#8221;"}]},{"@type":"WebSite","@id":"https:\/\/noticiasdefato.net\/#website","url":"https:\/\/noticiasdefato.net\/","name":"Not\u00edcias de Fato","description":"Trabalhamos com honestidade, seriedade e com a verdade.","publisher":{"@id":"https:\/\/noticiasdefato.net\/#organization"},"potentialAction":[{"@type":"SearchAction","target":{"@type":"EntryPoint","urlTemplate":"https:\/\/noticiasdefato.net\/?s={search_term_string}"},"query-input":"required name=search_term_string"}],"inLanguage":"pt-BR"},{"@type":"Organization","@id":"https:\/\/noticiasdefato.net\/#organization","name":"Not\u00edcias de Fato","url":"https:\/\/noticiasdefato.net\/","logo":{"@type":"ImageObject","inLanguage":"pt-BR","@id":"https:\/\/noticiasdefato.net\/#\/schema\/logo\/image\/","url":"https:\/\/noticiasdefato.net\/wp-content\/uploads\/2024\/02\/cropped-logo_topo.png","contentUrl":"https:\/\/noticiasdefato.net\/wp-content\/uploads\/2024\/02\/cropped-logo_topo.png","width":1948,"height":665,"caption":"Not\u00edcias de Fato"},"image":{"@id":"https:\/\/noticiasdefato.net\/#\/schema\/logo\/image\/"},"sameAs":["https:\/\/fb.com\/noticiasdefato.jornal","https:\/\/x.com\/noticiasdefato_","https:\/\/instagram.com\/noticiasdefato.jornal","https:\/\/youtube.com\/@JornalNoticiasDeFato"]},{"@type":"Person","@id":"https:\/\/noticiasdefato.net\/#\/schema\/person\/982ce60211d95acf059cd702aa260d08","name":"Noticias de Fato","image":{"@type":"ImageObject","inLanguage":"pt-BR","@id":"https:\/\/noticiasdefato.net\/#\/schema\/person\/image\/","url":"https:\/\/secure.gravatar.com\/avatar\/700227fab2316f0366a1b5d4988d10f847249cf13293450527ac9553c994611a?s=96&d=mm&r=g","contentUrl":"https:\/\/secure.gravatar.com\/avatar\/700227fab2316f0366a1b5d4988d10f847249cf13293450527ac9553c994611a?s=96&d=mm&r=g","caption":"Noticias de Fato"},"sameAs":["https:\/\/noticiasdefato.net","http:\/\/fb.com\/\/noticiasdefato.jornal","https:\/\/x.com\/https:\/\/twitter.com\/NoticiasDeFato_"],"url":"https:\/\/noticiasdefato.net\/?author=1"}]}},"_links":{"self":[{"href":"https:\/\/noticiasdefato.net\/index.php?rest_route=\/wp\/v2\/posts\/682","targetHints":{"allow":["GET"]}}],"collection":[{"href":"https:\/\/noticiasdefato.net\/index.php?rest_route=\/wp\/v2\/posts"}],"about":[{"href":"https:\/\/noticiasdefato.net\/index.php?rest_route=\/wp\/v2\/types\/post"}],"author":[{"embeddable":true,"href":"https:\/\/noticiasdefato.net\/index.php?rest_route=\/wp\/v2\/users\/1"}],"replies":[{"embeddable":true,"href":"https:\/\/noticiasdefato.net\/index.php?rest_route=%2Fwp%2Fv2%2Fcomments&post=682"}],"version-history":[{"count":1,"href":"https:\/\/noticiasdefato.net\/index.php?rest_route=\/wp\/v2\/posts\/682\/revisions"}],"predecessor-version":[{"id":686,"href":"https:\/\/noticiasdefato.net\/index.php?rest_route=\/wp\/v2\/posts\/682\/revisions\/686"}],"wp:featuredmedia":[{"embeddable":true,"href":"https:\/\/noticiasdefato.net\/index.php?rest_route=\/wp\/v2\/media\/683"}],"wp:attachment":[{"href":"https:\/\/noticiasdefato.net\/index.php?rest_route=%2Fwp%2Fv2%2Fmedia&parent=682"}],"wp:term":[{"taxonomy":"category","embeddable":true,"href":"https:\/\/noticiasdefato.net\/index.php?rest_route=%2Fwp%2Fv2%2Fcategories&post=682"},{"taxonomy":"post_tag","embeddable":true,"href":"https:\/\/noticiasdefato.net\/index.php?rest_route=%2Fwp%2Fv2%2Ftags&post=682"}],"curies":[{"name":"wp","href":"https:\/\/api.w.org\/{rel}","templated":true}]}}