{"id":693,"date":"2024-02-10T16:10:28","date_gmt":"2024-02-10T19:10:28","guid":{"rendered":"https:\/\/noticiasdefato.net\/?p=693"},"modified":"2024-02-20T22:15:59","modified_gmt":"2024-02-21T01:15:59","slug":"dengue-2024-mais-que-triplica-em-relacao-ao-mesmo-periodo-de-2023","status":"publish","type":"post","link":"https:\/\/noticiasdefato.net\/?p=693","title":{"rendered":"DENGUE 2024 MAIS QUE TRIPLICA EM RELA\u00c7\u00c3O AO MESMO PER\u00cdODO DE 2023"},"content":{"rendered":"\n<p>Minas Gerais lidera casos da doen\u00e7a no pa\u00eds. Alfenas j\u00e1 tem 131 casos prov\u00e1veis, s\u00f3 neste in\u00edcio de ano.<\/p>\n\n\n\n<p>Segundo o Minist\u00e9rio da Sa\u00fade, nas quatro primeiras semanas de 2024, foram registrados mais de 217 mil casos da dengue no pa\u00eds. No mesmo per\u00edodo do ano passado, foram 65 mil casos.<\/p>\n\n\n\n<p>O <a><\/a>Minist\u00e9rio da Sa\u00fade aponta que o maior n\u00famero de casos prov\u00e1veis est\u00e1 em Minas Gerais com 67.223, o estado decretou estado de emerg\u00eancia.<\/p>\n\n\n\n<p>De acordo com o \u00faltimo boletim epidemiol\u00f3gico da Secretaria de Sa\u00fade MG, com dados coletados at\u00e9 o dia 05 fevereiro deste ano, Alfenas j\u00e1 tem 131 casos prov\u00e1veis. Confira no link [1].<\/p>\n\n\n\n<p><strong>REGIONAL DE ALFENAS J\u00c1 TEM DUAS MORTES POR DENGUE<\/strong><\/p>\n\n\n\n<p>A primeira morte foi em Monte Belo, que pertence \u00e0 Superintend\u00eancia Regional de Sa\u00fade de Alfenas, e o segundo \u00f3bito foi em Arceburgo, tamb\u00e9m pertencente \u00e0 Superintend\u00eancia de Alfenas.<\/p>\n\n\n\n<p>Segundo a SES-MG, em Arceburgo, a v\u00edtima foi um homem, entre 80 e 89 anos, apresentou os sintomas no dia 13 de janeiro e a morte foi notificada no dia 18 de janeiro.<\/p>\n\n\n\n<p>J\u00e1 a morte confirmada em Monte Belo foi de uma mulher de pouco mais de 70 anos.<\/p>\n\n\n\n<p>A Assessoria de Comunica\u00e7\u00e3o e Mobiliza\u00e7\u00e3o Social da Superintend\u00eancia Regional de Sa\u00fade de Alfenas divulga que, at\u00e9 7\/2\/2024, foram confirmados 07 \u00f3bitos por dengue no estado.<\/p>\n\n\n\n<p>Tamb\u00e9m foi confirmado um caso de \u00f3bito por Chikungunya em Sete Lagoas, trata-se de um homem, entre 80-89 anos.<\/p>\n\n\n\n<p>Os \u00f3bitos, em suspeita, t\u00eam 60 dias, a partir da data de notifica\u00e7\u00e3o, para serem investigados e encerrados, podendo estes n\u00fameros serem alterados.<\/p>\n\n\n\n<p>Os dados de incid\u00eancia de dengue, Zika e Chikungunya no estado est\u00e3o dispon\u00edveis no Painel Arboviroses &#8211; Vigil\u00e2ncia Epidemiol\u00f3gica do link [3].<\/p>\n\n\n\n<p>Nele, \u00e9 poss\u00edvel filtrar o n\u00famero de casos por ano, semana epidemiol\u00f3gica, macrorregi\u00e3o de sa\u00fade, microrregi\u00e3o de sa\u00fade, unidade regional de sa\u00fade e munic\u00edpio. O painel est\u00e1 sendo atualizado duas vezes por semana, \u00e0s segundas e quintas-feiras.<\/p>\n\n\n\n<p>A SES MG fornece inseticidas aos munic\u00edpios e, quando \u00e9 necess\u00e1rio o uso do fumac\u00ea, a SES disponibiliza equipe especializada para realiza\u00e7\u00e3o do mesmo.<\/p>\n\n\n\n<p>De acordo com os pain\u00e9is, em 2023 foram confirmados 230 casos em Alfenas. Confira nos links abaixo.<\/p>\n\n\n\n<p>No gr\u00e1fico comparativo com as demais cidades, Alfenas lidera, em n\u00fameros, os casos prov\u00e1veis da doen\u00e7a. Compare com o gr\u00e1fico.<\/p>\n\n\n\n<figure class=\"wp-block-image size-full\"><img fetchpriority=\"high\" decoding=\"async\" width=\"889\" height=\"446\" src=\"https:\/\/noticiasdefato.net\/wp-content\/uploads\/2024\/02\/grafico.jpg\" alt=\"\" class=\"wp-image-694\" srcset=\"https:\/\/noticiasdefato.net\/wp-content\/uploads\/2024\/02\/grafico.jpg 889w, https:\/\/noticiasdefato.net\/wp-content\/uploads\/2024\/02\/grafico-300x151.jpg 300w, https:\/\/noticiasdefato.net\/wp-content\/uploads\/2024\/02\/grafico-768x385.jpg 768w, https:\/\/noticiasdefato.net\/wp-content\/uploads\/2024\/02\/grafico-600x301.jpg 600w\" sizes=\"(max-width: 889px) 100vw, 889px\" \/><\/figure>\n\n\n\n<p>A reda\u00e7\u00e3o fez outros questionamentos \u00e0 Superintend\u00eancia Regional de Sa\u00fade, que por sua vez, pediu para encaminh\u00e1ssemos as demais perguntas \u00e0 Secretaria Municipal de Sa\u00fade do munic\u00edpio. Assim fizemos, mas at\u00e9 o momento, tanto a Secretaria de Sa\u00fade quanto a Vigil\u00e2ncia Epidemiol\u00f3gica de Alfenas, n\u00e3o responderam as seguintes quest\u00f5es:<\/p>\n\n\n\n<ul class=\"wp-block-list\">\n<li><em>Os 131 casos prov\u00e1veis, registrados at\u00e9 o dia 05 de fevereiro s\u00e3o s\u00f3 da cidade de Alfenas ou se referem \u00e0 soma de todos os casos da regional?<\/em><\/li>\n\n\n\n<li><em>Da regional, qual a cidade que registrou mais casos;<\/em><\/li>\n\n\n\n<li><em>Quantos casos foram registrados em igual per\u00edodo do ano passado?<\/em><\/li>\n\n\n\n<li><em>Quantos casos foram confirmados da doen\u00e7a no ano passado, em Alfenas?<\/em><\/li>\n\n\n\n<li><em>Houve \u00f3bitos no ano passado na regional? Se sim, onde?<\/em><\/li>\n\n\n\n<li><em>Al\u00e9m da dengue, existem casos de Zika e de Chikungunya na regi\u00e3o?<\/em><\/li>\n\n\n\n<li><em>Respons\u00e1veis pelos trabalhos de controle da dengue, dizem que a situa\u00e7\u00e3o de Alfenas est\u00e1 sob controle. Qual o referencial, em n\u00fameros, para que se considere uma situa\u00e7\u00e3o sob controle? E quando \u00e9 que uma situa\u00e7\u00e3o \u00e9 considerada fora de controle?<\/em><\/li>\n\n\n\n<li><em>O que o governo do estado estabelece como a\u00e7\u00f5es nos munic\u00edpios onde a situa\u00e7\u00e3o est\u00e1 sob controle ? O governo manda verbas para campanhas e para servi\u00e7os de combate do mosquito, como o fumac\u00ea?<\/em><\/li>\n\n\n\n<li><em>Quantos agentes da dengue existem no munic\u00edpio? Qual o limite previsto para estes profissionais ?<\/em><\/li>\n\n\n\n<li><em>Quanto recebem?<\/em><\/li>\n\n\n\n<li><em>Como \u00e9 composta esta verba para o pagamento de seus sal\u00e1rios?<\/em><\/li>\n\n\n\n<li><em>Muitos moradores reclamam que as visitas dos agentes s\u00e3o superficiais e que estes n\u00e3o fazem um trabalho preventivo divulgando a realidade da situa\u00e7\u00e3o.<\/em><\/li>\n\n\n\n<li><em>Como estes agentes s\u00e3o treinados?<\/em><\/li>\n\n\n\n<li><em>Quais os meses de pico da doen\u00e7a?<\/em><\/li>\n\n\n\n<li><em>O munic\u00edpio oferece o teste para detectar a doen\u00e7a nas unidades de sa\u00fade?<\/em><\/li>\n\n\n\n<li><em>E a vacina? Ser\u00e1 oferecida pelo munic\u00edpio?<\/em><\/li>\n<\/ul>\n\n\n\n<p class=\"has-large-font-size\"><strong>Encaminhamos questionamentos por e-mail e ainda confirmamos, por liga\u00e7\u00e3o telef\u00f4nica o recebimento do mesmo. Continuamos aguardando as respostas da Prefeitura de Alfenas.<\/strong><\/p>\n\n\n\n<p>Enquanto isso, a prefeitura n\u00e3o tem realizado a limpeza de \u00e1rea p\u00fablicas sob a sua zeladoria conforme imagens abaixo:<\/p>\n\n\n\n<figure class=\"wp-block-table\"><table><tbody><tr><td class=\"has-text-align-center\" data-align=\"center\"><img decoding=\"async\" src=\"https:\/\/noticiasdefato.net\/wp-content\/uploads\/2024\/02\/corrego-1-225x300.jpg\" alt=\"\"><\/td><td class=\"has-text-align-center\" data-align=\"center\"><img decoding=\"async\" src=\"https:\/\/noticiasdefato.net\/wp-content\/uploads\/2024\/02\/corrego-2-225x300.jpg\" alt=\"\"><\/td><\/tr><\/tbody><\/table><figcaption class=\"wp-element-caption\">C\u00f3rregos sujos<\/figcaption><\/figure>\n\n\n\n<p class=\"has-small-font-size\">Fontes:<\/p>\n\n\n\n<p class=\"has-small-font-size\">[1] <a href=\"https:\/\/www.saude.mg.gov.br\/images\/1_noticias\/05_2024\/04-jan-marc-abril\/05-02-BO_ARBO308.pdf\">https:\/\/www.saude.mg.gov.br\/images\/1_noticias\/05_2024\/04-jan-marc-abril\/05-02-BO_ARBO308.pdf<\/a><\/p>\n\n\n\n<p class=\"has-small-font-size\">[2] <a href=\"https:\/\/www.saude.mg.gov.br\/images\/1_noticias\/05_2024\/04-jan-marc-abril\/29-01-BO_ARBO307.pdf\">https:\/\/www.saude.mg.gov.br\/images\/1_noticias\/05_2024\/04-jan-marc-abril\/29-01-BO_ARBO307.pdf<\/a><\/p>\n\n\n\n<p class=\"has-small-font-size\">[3] <a href=\"https:\/\/saude.mg.gov.br\/aedes\/painel\">https:\/\/saude.mg.gov.br\/aedes\/painel<\/a><\/p>\n\n\n\n<p class=\"has-small-font-size\">[4] <a href=\"https:\/\/agenciabrasil.ebc.com.br\/saude\/noticia\/2024-01\/minas-gerais-confirma-segunda-morte-por-dengue\">https:\/\/agenciabrasil.ebc.com.br\/saude\/noticia\/2024-01\/minas-gerais-confirma-segunda-morte-por-dengue<\/a><br><\/p>\n","protected":false},"excerpt":{"rendered":"<p>Minas Gerais lidera casos da doen\u00e7a no pa\u00eds. Alfenas j\u00e1 tem 131 casos prov\u00e1veis, s\u00f3 neste in\u00edcio de ano. Segundo o Minist\u00e9rio da Sa\u00fade, nas quatro primeiras semanas de 2024, foram registrados mais de 217 mil casos da dengue no pa\u00eds. No mesmo per\u00edodo do ano passado, foram 65 mil casos. O Minist\u00e9rio da Sa\u00fade aponta que o maior n\u00famero de casos prov\u00e1veis est\u00e1 em &hellip; <a href=\"https:\/\/noticiasdefato.net\/?p=693\" class=\"more-link\">Continuar lendo <span class=\"screen-reader-text\">DENGUE 2024 MAIS QUE TRIPLICA EM RELA\u00c7\u00c3O AO MESMO PER\u00cdODO DE 2023<\/span><\/a><\/p>\n","protected":false},"author":1,"featured_media":695,"comment_status":"open","ping_status":"closed","sticky":false,"template":"","format":"standard","meta":{"footnotes":""},"categories":[19],"tags":[],"class_list":["post-693","post","type-post","status-publish","format-standard","has-post-thumbnail","hentry","category-saude"],"yoast_head":"<!-- This site is optimized with the Yoast SEO plugin v23.2 - https:\/\/yoast.com\/wordpress\/plugins\/seo\/ -->\n<title>DENGUE 2024 MAIS QUE TRIPLICA EM RELA\u00c7\u00c3O AO MESMO PER\u00cdODO DE 2023 - Not\u00edcias de Fato<\/title>\n<meta name=\"robots\" content=\"index, follow, max-snippet:-1, max-image-preview:large, max-video-preview:-1\" \/>\n<link rel=\"canonical\" href=\"https:\/\/noticiasdefato.net\/?p=693\" \/>\n<meta property=\"og:locale\" content=\"pt_BR\" \/>\n<meta property=\"og:type\" content=\"article\" \/>\n<meta property=\"og:title\" content=\"DENGUE 2024 MAIS QUE TRIPLICA EM RELA\u00c7\u00c3O AO MESMO PER\u00cdODO DE 2023 - Not\u00edcias de Fato\" \/>\n<meta property=\"og:description\" content=\"Minas Gerais lidera casos da doen\u00e7a no pa\u00eds. Alfenas j\u00e1 tem 131 casos prov\u00e1veis, s\u00f3 neste in\u00edcio de ano. Segundo o Minist\u00e9rio da Sa\u00fade, nas quatro primeiras semanas de 2024, foram registrados mais de 217 mil casos da dengue no pa\u00eds. No mesmo per\u00edodo do ano passado, foram 65 mil casos. O Minist\u00e9rio da Sa\u00fade aponta que o maior n\u00famero de casos prov\u00e1veis est\u00e1 em &hellip;\" \/>\n<meta property=\"og:url\" content=\"https:\/\/noticiasdefato.net\/?p=693\" \/>\n<meta property=\"og:site_name\" content=\"Not\u00edcias de Fato\" \/>\n<meta property=\"article:publisher\" content=\"https:\/\/fb.com\/noticiasdefato.jornal\" \/>\n<meta property=\"article:author\" content=\"http:\/\/fb.com\/\/noticiasdefato.jornal\" \/>\n<meta property=\"article:published_time\" content=\"2024-02-10T19:10:28+00:00\" \/>\n<meta property=\"article:modified_time\" content=\"2024-02-21T01:15:59+00:00\" \/>\n<meta property=\"og:image\" content=\"https:\/\/noticiasdefato.net\/wp-content\/uploads\/2024\/02\/tabela-e1707591844692.jpg\" \/>\n\t<meta property=\"og:image:width\" content=\"504\" \/>\n\t<meta property=\"og:image:height\" content=\"276\" \/>\n\t<meta property=\"og:image:type\" content=\"image\/jpeg\" \/>\n<meta name=\"author\" content=\"Noticias de Fato\" \/>\n<meta name=\"twitter:card\" content=\"summary_large_image\" \/>\n<meta name=\"twitter:creator\" content=\"@https:\/\/twitter.com\/NoticiasDeFato_\" \/>\n<meta name=\"twitter:site\" content=\"@noticiasdefato_\" \/>\n<meta name=\"twitter:label1\" content=\"Escrito por\" \/>\n\t<meta name=\"twitter:data1\" content=\"Noticias de Fato\" \/>\n\t<meta name=\"twitter:label2\" content=\"Est. tempo de leitura\" \/>\n\t<meta name=\"twitter:data2\" content=\"4 minutos\" \/>\n<script type=\"application\/ld+json\" class=\"yoast-schema-graph\">{\"@context\":\"https:\/\/schema.org\",\"@graph\":[{\"@type\":\"Article\",\"@id\":\"https:\/\/noticiasdefato.net\/?p=693#article\",\"isPartOf\":{\"@id\":\"https:\/\/noticiasdefato.net\/?p=693\"},\"author\":{\"name\":\"Noticias de Fato\",\"@id\":\"https:\/\/noticiasdefato.net\/#\/schema\/person\/982ce60211d95acf059cd702aa260d08\"},\"headline\":\"DENGUE 2024 MAIS QUE TRIPLICA EM RELA\u00c7\u00c3O AO MESMO PER\u00cdODO DE 2023\",\"datePublished\":\"2024-02-10T19:10:28+00:00\",\"dateModified\":\"2024-02-21T01:15:59+00:00\",\"mainEntityOfPage\":{\"@id\":\"https:\/\/noticiasdefato.net\/?p=693\"},\"wordCount\":828,\"commentCount\":0,\"publisher\":{\"@id\":\"https:\/\/noticiasdefato.net\/#organization\"},\"image\":{\"@id\":\"https:\/\/noticiasdefato.net\/?p=693#primaryimage\"},\"thumbnailUrl\":\"https:\/\/noticiasdefato.net\/wp-content\/uploads\/2024\/02\/tabela-e1707591844692.jpg\",\"articleSection\":[\"Sa\u00fade\"],\"inLanguage\":\"pt-BR\",\"potentialAction\":[{\"@type\":\"CommentAction\",\"name\":\"Comment\",\"target\":[\"https:\/\/noticiasdefato.net\/?p=693#respond\"]}]},{\"@type\":\"WebPage\",\"@id\":\"https:\/\/noticiasdefato.net\/?p=693\",\"url\":\"https:\/\/noticiasdefato.net\/?p=693\",\"name\":\"DENGUE 2024 MAIS QUE TRIPLICA EM RELA\u00c7\u00c3O AO MESMO PER\u00cdODO DE 2023 - Not\u00edcias de Fato\",\"isPartOf\":{\"@id\":\"https:\/\/noticiasdefato.net\/#website\"},\"primaryImageOfPage\":{\"@id\":\"https:\/\/noticiasdefato.net\/?p=693#primaryimage\"},\"image\":{\"@id\":\"https:\/\/noticiasdefato.net\/?p=693#primaryimage\"},\"thumbnailUrl\":\"https:\/\/noticiasdefato.net\/wp-content\/uploads\/2024\/02\/tabela-e1707591844692.jpg\",\"datePublished\":\"2024-02-10T19:10:28+00:00\",\"dateModified\":\"2024-02-21T01:15:59+00:00\",\"breadcrumb\":{\"@id\":\"https:\/\/noticiasdefato.net\/?p=693#breadcrumb\"},\"inLanguage\":\"pt-BR\",\"potentialAction\":[{\"@type\":\"ReadAction\",\"target\":[\"https:\/\/noticiasdefato.net\/?p=693\"]}]},{\"@type\":\"ImageObject\",\"inLanguage\":\"pt-BR\",\"@id\":\"https:\/\/noticiasdefato.net\/?p=693#primaryimage\",\"url\":\"https:\/\/noticiasdefato.net\/wp-content\/uploads\/2024\/02\/tabela-e1707591844692.jpg\",\"contentUrl\":\"https:\/\/noticiasdefato.net\/wp-content\/uploads\/2024\/02\/tabela-e1707591844692.jpg\",\"width\":504,\"height\":276},{\"@type\":\"BreadcrumbList\",\"@id\":\"https:\/\/noticiasdefato.net\/?p=693#breadcrumb\",\"itemListElement\":[{\"@type\":\"ListItem\",\"position\":1,\"name\":\"In\u00edcio\",\"item\":\"https:\/\/noticiasdefato.net\/\"},{\"@type\":\"ListItem\",\"position\":2,\"name\":\"DENGUE 2024 MAIS QUE TRIPLICA EM RELA\u00c7\u00c3O AO MESMO PER\u00cdODO DE 2023\"}]},{\"@type\":\"WebSite\",\"@id\":\"https:\/\/noticiasdefato.net\/#website\",\"url\":\"https:\/\/noticiasdefato.net\/\",\"name\":\"Not\u00edcias de Fato\",\"description\":\"Trabalhamos com honestidade, seriedade e com a verdade.\",\"publisher\":{\"@id\":\"https:\/\/noticiasdefato.net\/#organization\"},\"potentialAction\":[{\"@type\":\"SearchAction\",\"target\":{\"@type\":\"EntryPoint\",\"urlTemplate\":\"https:\/\/noticiasdefato.net\/?s={search_term_string}\"},\"query-input\":\"required name=search_term_string\"}],\"inLanguage\":\"pt-BR\"},{\"@type\":\"Organization\",\"@id\":\"https:\/\/noticiasdefato.net\/#organization\",\"name\":\"Not\u00edcias de Fato\",\"url\":\"https:\/\/noticiasdefato.net\/\",\"logo\":{\"@type\":\"ImageObject\",\"inLanguage\":\"pt-BR\",\"@id\":\"https:\/\/noticiasdefato.net\/#\/schema\/logo\/image\/\",\"url\":\"https:\/\/noticiasdefato.net\/wp-content\/uploads\/2024\/02\/cropped-logo_topo.png\",\"contentUrl\":\"https:\/\/noticiasdefato.net\/wp-content\/uploads\/2024\/02\/cropped-logo_topo.png\",\"width\":1948,\"height\":665,\"caption\":\"Not\u00edcias de Fato\"},\"image\":{\"@id\":\"https:\/\/noticiasdefato.net\/#\/schema\/logo\/image\/\"},\"sameAs\":[\"https:\/\/fb.com\/noticiasdefato.jornal\",\"https:\/\/x.com\/noticiasdefato_\",\"https:\/\/instagram.com\/noticiasdefato.jornal\",\"https:\/\/youtube.com\/@JornalNoticiasDeFato\"]},{\"@type\":\"Person\",\"@id\":\"https:\/\/noticiasdefato.net\/#\/schema\/person\/982ce60211d95acf059cd702aa260d08\",\"name\":\"Noticias de Fato\",\"image\":{\"@type\":\"ImageObject\",\"inLanguage\":\"pt-BR\",\"@id\":\"https:\/\/noticiasdefato.net\/#\/schema\/person\/image\/\",\"url\":\"https:\/\/secure.gravatar.com\/avatar\/700227fab2316f0366a1b5d4988d10f847249cf13293450527ac9553c994611a?s=96&d=mm&r=g\",\"contentUrl\":\"https:\/\/secure.gravatar.com\/avatar\/700227fab2316f0366a1b5d4988d10f847249cf13293450527ac9553c994611a?s=96&d=mm&r=g\",\"caption\":\"Noticias de Fato\"},\"sameAs\":[\"https:\/\/noticiasdefato.net\",\"http:\/\/fb.com\/\/noticiasdefato.jornal\",\"https:\/\/x.com\/https:\/\/twitter.com\/NoticiasDeFato_\"],\"url\":\"https:\/\/noticiasdefato.net\/?author=1\"}]}<\/script>\n<!-- \/ Yoast SEO plugin. -->","yoast_head_json":{"title":"DENGUE 2024 MAIS QUE TRIPLICA EM RELA\u00c7\u00c3O AO MESMO PER\u00cdODO DE 2023 - Not\u00edcias de Fato","robots":{"index":"index","follow":"follow","max-snippet":"max-snippet:-1","max-image-preview":"max-image-preview:large","max-video-preview":"max-video-preview:-1"},"canonical":"https:\/\/noticiasdefato.net\/?p=693","og_locale":"pt_BR","og_type":"article","og_title":"DENGUE 2024 MAIS QUE TRIPLICA EM RELA\u00c7\u00c3O AO MESMO PER\u00cdODO DE 2023 - Not\u00edcias de Fato","og_description":"Minas Gerais lidera casos da doen\u00e7a no pa\u00eds. Alfenas j\u00e1 tem 131 casos prov\u00e1veis, s\u00f3 neste in\u00edcio de ano. Segundo o Minist\u00e9rio da Sa\u00fade, nas quatro primeiras semanas de 2024, foram registrados mais de 217 mil casos da dengue no pa\u00eds. No mesmo per\u00edodo do ano passado, foram 65 mil casos. O Minist\u00e9rio da Sa\u00fade aponta que o maior n\u00famero de casos prov\u00e1veis est\u00e1 em &hellip;","og_url":"https:\/\/noticiasdefato.net\/?p=693","og_site_name":"Not\u00edcias de Fato","article_publisher":"https:\/\/fb.com\/noticiasdefato.jornal","article_author":"http:\/\/fb.com\/\/noticiasdefato.jornal","article_published_time":"2024-02-10T19:10:28+00:00","article_modified_time":"2024-02-21T01:15:59+00:00","og_image":[{"width":504,"height":276,"url":"https:\/\/noticiasdefato.net\/wp-content\/uploads\/2024\/02\/tabela-e1707591844692.jpg","type":"image\/jpeg"}],"author":"Noticias de Fato","twitter_card":"summary_large_image","twitter_creator":"@https:\/\/twitter.com\/NoticiasDeFato_","twitter_site":"@noticiasdefato_","twitter_misc":{"Escrito por":"Noticias de Fato","Est. tempo de leitura":"4 minutos"},"schema":{"@context":"https:\/\/schema.org","@graph":[{"@type":"Article","@id":"https:\/\/noticiasdefato.net\/?p=693#article","isPartOf":{"@id":"https:\/\/noticiasdefato.net\/?p=693"},"author":{"name":"Noticias de Fato","@id":"https:\/\/noticiasdefato.net\/#\/schema\/person\/982ce60211d95acf059cd702aa260d08"},"headline":"DENGUE 2024 MAIS QUE TRIPLICA EM RELA\u00c7\u00c3O AO MESMO PER\u00cdODO DE 2023","datePublished":"2024-02-10T19:10:28+00:00","dateModified":"2024-02-21T01:15:59+00:00","mainEntityOfPage":{"@id":"https:\/\/noticiasdefato.net\/?p=693"},"wordCount":828,"commentCount":0,"publisher":{"@id":"https:\/\/noticiasdefato.net\/#organization"},"image":{"@id":"https:\/\/noticiasdefato.net\/?p=693#primaryimage"},"thumbnailUrl":"https:\/\/noticiasdefato.net\/wp-content\/uploads\/2024\/02\/tabela-e1707591844692.jpg","articleSection":["Sa\u00fade"],"inLanguage":"pt-BR","potentialAction":[{"@type":"CommentAction","name":"Comment","target":["https:\/\/noticiasdefato.net\/?p=693#respond"]}]},{"@type":"WebPage","@id":"https:\/\/noticiasdefato.net\/?p=693","url":"https:\/\/noticiasdefato.net\/?p=693","name":"DENGUE 2024 MAIS QUE TRIPLICA EM RELA\u00c7\u00c3O AO MESMO PER\u00cdODO DE 2023 - Not\u00edcias de Fato","isPartOf":{"@id":"https:\/\/noticiasdefato.net\/#website"},"primaryImageOfPage":{"@id":"https:\/\/noticiasdefato.net\/?p=693#primaryimage"},"image":{"@id":"https:\/\/noticiasdefato.net\/?p=693#primaryimage"},"thumbnailUrl":"https:\/\/noticiasdefato.net\/wp-content\/uploads\/2024\/02\/tabela-e1707591844692.jpg","datePublished":"2024-02-10T19:10:28+00:00","dateModified":"2024-02-21T01:15:59+00:00","breadcrumb":{"@id":"https:\/\/noticiasdefato.net\/?p=693#breadcrumb"},"inLanguage":"pt-BR","potentialAction":[{"@type":"ReadAction","target":["https:\/\/noticiasdefato.net\/?p=693"]}]},{"@type":"ImageObject","inLanguage":"pt-BR","@id":"https:\/\/noticiasdefato.net\/?p=693#primaryimage","url":"https:\/\/noticiasdefato.net\/wp-content\/uploads\/2024\/02\/tabela-e1707591844692.jpg","contentUrl":"https:\/\/noticiasdefato.net\/wp-content\/uploads\/2024\/02\/tabela-e1707591844692.jpg","width":504,"height":276},{"@type":"BreadcrumbList","@id":"https:\/\/noticiasdefato.net\/?p=693#breadcrumb","itemListElement":[{"@type":"ListItem","position":1,"name":"In\u00edcio","item":"https:\/\/noticiasdefato.net\/"},{"@type":"ListItem","position":2,"name":"DENGUE 2024 MAIS QUE TRIPLICA EM RELA\u00c7\u00c3O AO MESMO PER\u00cdODO DE 2023"}]},{"@type":"WebSite","@id":"https:\/\/noticiasdefato.net\/#website","url":"https:\/\/noticiasdefato.net\/","name":"Not\u00edcias de Fato","description":"Trabalhamos com honestidade, seriedade e com a verdade.","publisher":{"@id":"https:\/\/noticiasdefato.net\/#organization"},"potentialAction":[{"@type":"SearchAction","target":{"@type":"EntryPoint","urlTemplate":"https:\/\/noticiasdefato.net\/?s={search_term_string}"},"query-input":"required name=search_term_string"}],"inLanguage":"pt-BR"},{"@type":"Organization","@id":"https:\/\/noticiasdefato.net\/#organization","name":"Not\u00edcias de Fato","url":"https:\/\/noticiasdefato.net\/","logo":{"@type":"ImageObject","inLanguage":"pt-BR","@id":"https:\/\/noticiasdefato.net\/#\/schema\/logo\/image\/","url":"https:\/\/noticiasdefato.net\/wp-content\/uploads\/2024\/02\/cropped-logo_topo.png","contentUrl":"https:\/\/noticiasdefato.net\/wp-content\/uploads\/2024\/02\/cropped-logo_topo.png","width":1948,"height":665,"caption":"Not\u00edcias de Fato"},"image":{"@id":"https:\/\/noticiasdefato.net\/#\/schema\/logo\/image\/"},"sameAs":["https:\/\/fb.com\/noticiasdefato.jornal","https:\/\/x.com\/noticiasdefato_","https:\/\/instagram.com\/noticiasdefato.jornal","https:\/\/youtube.com\/@JornalNoticiasDeFato"]},{"@type":"Person","@id":"https:\/\/noticiasdefato.net\/#\/schema\/person\/982ce60211d95acf059cd702aa260d08","name":"Noticias de Fato","image":{"@type":"ImageObject","inLanguage":"pt-BR","@id":"https:\/\/noticiasdefato.net\/#\/schema\/person\/image\/","url":"https:\/\/secure.gravatar.com\/avatar\/700227fab2316f0366a1b5d4988d10f847249cf13293450527ac9553c994611a?s=96&d=mm&r=g","contentUrl":"https:\/\/secure.gravatar.com\/avatar\/700227fab2316f0366a1b5d4988d10f847249cf13293450527ac9553c994611a?s=96&d=mm&r=g","caption":"Noticias de Fato"},"sameAs":["https:\/\/noticiasdefato.net","http:\/\/fb.com\/\/noticiasdefato.jornal","https:\/\/x.com\/https:\/\/twitter.com\/NoticiasDeFato_"],"url":"https:\/\/noticiasdefato.net\/?author=1"}]}},"_links":{"self":[{"href":"https:\/\/noticiasdefato.net\/index.php?rest_route=\/wp\/v2\/posts\/693","targetHints":{"allow":["GET"]}}],"collection":[{"href":"https:\/\/noticiasdefato.net\/index.php?rest_route=\/wp\/v2\/posts"}],"about":[{"href":"https:\/\/noticiasdefato.net\/index.php?rest_route=\/wp\/v2\/types\/post"}],"author":[{"embeddable":true,"href":"https:\/\/noticiasdefato.net\/index.php?rest_route=\/wp\/v2\/users\/1"}],"replies":[{"embeddable":true,"href":"https:\/\/noticiasdefato.net\/index.php?rest_route=%2Fwp%2Fv2%2Fcomments&post=693"}],"version-history":[{"count":1,"href":"https:\/\/noticiasdefato.net\/index.php?rest_route=\/wp\/v2\/posts\/693\/revisions"}],"predecessor-version":[{"id":698,"href":"https:\/\/noticiasdefato.net\/index.php?rest_route=\/wp\/v2\/posts\/693\/revisions\/698"}],"wp:featuredmedia":[{"embeddable":true,"href":"https:\/\/noticiasdefato.net\/index.php?rest_route=\/wp\/v2\/media\/695"}],"wp:attachment":[{"href":"https:\/\/noticiasdefato.net\/index.php?rest_route=%2Fwp%2Fv2%2Fmedia&parent=693"}],"wp:term":[{"taxonomy":"category","embeddable":true,"href":"https:\/\/noticiasdefato.net\/index.php?rest_route=%2Fwp%2Fv2%2Fcategories&post=693"},{"taxonomy":"post_tag","embeddable":true,"href":"https:\/\/noticiasdefato.net\/index.php?rest_route=%2Fwp%2Fv2%2Ftags&post=693"}],"curies":[{"name":"wp","href":"https:\/\/api.w.org\/{rel}","templated":true}]}}