{"id":699,"date":"2024-02-10T16:24:18","date_gmt":"2024-02-10T19:24:18","guid":{"rendered":"https:\/\/noticiasdefato.net\/?p=699"},"modified":"2024-02-10T16:27:23","modified_gmt":"2024-02-10T19:27:23","slug":"atencao-motoristas-as-obras-de-interdicao-parcial-ou-total-das-faixas-das-rodovias","status":"publish","type":"post","link":"https:\/\/noticiasdefato.net\/?p=699","title":{"rendered":"ATEN\u00c7\u00c3O MOTORISTAS \u00c0S OBRAS DE INTERDI\u00c7\u00c3O PARCIAL OU TOTAL DAS FAIXAS DAS RODOVIAS"},"content":{"rendered":"\n<p>Entre os dias 09 e 14 de fevereiro, haver\u00e1 programa\u00e7\u00e3o especial de obras nas rodovias da regi\u00e3o<\/p>\n\n\n\n<p><a><\/a>Aten\u00e7\u00e3o motoristas, a EPR Vias Caf\u00e9, respons\u00e1vel pela concess\u00e3o das rodovias no Sul de Minas divulga programa\u00e7\u00e3o especial de obras para o carnaval.<\/p>\n\n\n\n<p>As atividades com interdi\u00e7\u00e3o parcial ou total das faixas das rodovias, com opera\u00e7\u00e3o pare e siga, obedecer\u00e3o a uma programa\u00e7\u00e3o especial durante o per\u00edodo de Carnaval, entre os dias 09 e 14 de fevereiro. Em caso de chuva, as obras poder\u00e3o ser reprogramadas.<\/p>\n\n\n\n<figure class=\"wp-block-table\"><table><tbody><tr><td><img decoding=\"async\" src=\"https:\/\/noticiasdefato.net\/wp-content\/uploads\/2024\/02\/foto-2-1.jpg\" alt=\"\"><\/td><td><img decoding=\"async\" src=\"https:\/\/noticiasdefato.net\/wp-content\/uploads\/2024\/02\/foto-3-1.jpg\" alt=\"\"><\/td><\/tr><\/tbody><\/table><figcaption class=\"wp-element-caption\">Obras nas rodovias sob concess\u00e3o &#8211; EPR<\/figcaption><\/figure>\n\n\n\n<p>As obras de conserva\u00e7\u00e3o e manuten\u00e7\u00e3o de pavimento continuam em trechos da CMG-491, BR-146, MG-167, BR-265, LMG-863 e CMG-369.<\/p>\n\n\n\n<p>At\u00e9 o dia 18 de fevereiro est\u00e3o previstos servi\u00e7os de remendo localizado, fresagem e recomposi\u00e7\u00e3o, microrevestimento, tapa buraco, sinaliza\u00e7\u00e3o horizontal, implanta\u00e7\u00e3o de elementos de prote\u00e7\u00e3o e seguran\u00e7a, sinaliza\u00e7\u00e3o vertical, refilamento de plataforma, ro\u00e7ada mecanizada, drenagem e limpeza em geral das rodovias.<\/p>\n\n\n\n<p>Atividades com interdi\u00e7\u00e3o parcial ou total das faixas de rolamento das rodovias com opera\u00e7\u00e3o pare e siga obedecem ao seguintes hor\u00e1rios:<\/p>\n\n\n\n<p>10\/02\/2024 &#8211; S\u00e1bado: 12h \u00e0s 17h;<\/p>\n\n\n\n<p>11\/02\/2024 &#8211; Domingo: 7h \u00e0s 16h;<\/p>\n\n\n\n<p>12\/02\/2024 \u2013 Segunda-feira: 7h \u00e0s 17h;<\/p>\n\n\n\n<p>13\/02\/2024 \u2013 Ter\u00e7a-feira: 7h \u00e0s 14h;<\/p>\n\n\n\n<p>14\/02\/2024 \u2013 Quarta-feira: 12h \u00e0s 17h.<\/p>\n\n\n\n<p>As atividades sem interdi\u00e7\u00e3o das faixas de rolamento, interdi\u00e7\u00e3o parcial de acostamento e desvios implantados (em opera\u00e7\u00e3o), seguir\u00e3o escala normal de trabalho.<\/p>\n\n\n\n<p>Confira a programa\u00e7\u00e3o at\u00e9 domingo (18\/02):<\/p>\n\n\n\n<p>CMG-491<\/p>\n\n\n\n<p>Entre o km 10 e km 50 \u2013 trecho entre Monte Santo de Minas e S\u00e3o Sebasti\u00e3o do Para\u00edso.<\/p>\n\n\n\n<p>Entre o km 50 e km 77 \u2013 trechos entre Muzambinho a Arceburgo.<\/p>\n\n\n\n<p>Entre o km 80,3 e km 53 \u2013 trechos entre Muzambinho a Arceburgo.<\/p>\n\n\n\n<p>Entre o km 17 e km 14 \u2013 trecho de Monte Santo de Minas.<\/p>\n\n\n\n<p>Entre o km 40 e km 30 \u2013 trecho de Monte Santo de Minas.<\/p>\n\n\n\n<p>Entre o km 175,3 e km 246 \u2013 trechos entre Tr\u00eas Cora\u00e7\u00f5es e S\u00e3o Sebasti\u00e3o do Para\u00edso.<\/p>\n\n\n\n<p>Entre o km 182 e km 150 \u2013 trecho de Alfenas.<\/p>\n\n\n\n<p>Entre o km 157 e km 182 \u2013 trecho de Alfenas.<\/p>\n\n\n\n<p>Entre o km 227 e km 237 \u2013 trecho de El\u00f3i Mendes.<\/p>\n\n\n\n<p>Entre o km 262,4 e km 5 \u2013 trecho entre Tr\u00eas Cora\u00e7\u00f5es e S\u00e3o Sebasti\u00e3o do Para\u00edso<\/p>\n\n\n\n<p>Entre o km 254, e km 247, 5 \u2013 trecho de Varginha<\/p>\n\n\n\n<p>TRABALHO NOTURNO<\/p>\n\n\n\n<p>Com o objetivo de minimizar os impactos no tr\u00e1fego, desde o dia 5 de fevereiro, as obras de recupera\u00e7\u00e3o do pavimento, entre o km 254 e km 247,5, pr\u00f3ximo do parque de Exposi\u00e7\u00f5es em Varginha, ocorrer\u00e3o no per\u00edodo noturno, com opera\u00e7\u00e3o Pare e Siga.<\/p>\n\n\n\n<p>05\/02 (Segunda-feira) a 08\/02 (Quinta-feira): 19h \u00e0s 7h.<\/p>\n\n\n\n<p>14\/02 (Quarta-feira) a 17\/02 (S\u00e1bado): 19h \u00e0s 7h.<\/p>\n\n\n\n<p>BR-146<\/p>\n\n\n\n<p>Entre o km 479,9 e km 452,7 \u2013 trecho entre Muzambinho e Guaxup\u00e9.<\/p>\n\n\n\n<p>Entre o km 505,3 e km 532,3 \u2013 trecho entre Guaxup\u00e9 e Muzambinho.<\/p>\n\n\n\n<p>MG-167<\/p>\n\n\n\n<p>Entre o km 43,7 e km 0,00 \u2013 trecho entre Varginha a Santana da Vargem.<\/p>\n\n\n\n<p>Entre o km 5 e km 10 \u2013 trecho de Tr\u00eas Pontas a Santana da Vargem.<\/p>\n\n\n\n<p>Entre o km 30 e km 35 \u2013 trecho de Tr\u00eas Pontas a Varginha.<\/p>\n\n\n\n<p>BR-265<\/p>\n\n\n\n<p>Entre o km 338,4 e km 403,3 \u2013 trechos entre Lavras e Boa Esperan\u00e7a.<\/p>\n\n\n\n<p>Entre o km 368,8 e km 433,4 \u2013 trechos entre Nepomuceno a Boa Esperan\u00e7a.<\/p>\n\n\n\n<p>Entre o km 421 e km 425,7 \u2013 trecho de Boa Esperan\u00e7a.<\/p>\n\n\n\n<p>LMG-863<\/p>\n\n\n\n<p>Entre o km 0,0 e km 4,8 \u2013 trecho de Boa Esperan\u00e7a.<\/p>\n\n\n\n<p>CMG-369<\/p>\n\n\n\n<p>Entre o km 122,7 e km 185 \u2013 trecho entre Boa Esperan\u00e7a e Alfenas.<\/p>\n\n\n\n<p>Entre o km 124,4 e km 188,5 \u2013 trecho entre Boa Esperan\u00e7a e Alfenas.<\/p>\n\n\n\n<p>Entre o km 130 e km 155 \u2013 trecho de Campos Gerais.<\/p>\n\n\n\n<p>Entre o km 183,7 e km 119,6 \u2013 trecho entre Alfenas e Campos Gerais.<\/p>\n\n\n\n<p>Aten\u00e7\u00e3o!<\/p>\n\n\n\n<p>As rodovias estar\u00e3o devidamente sinalizadas com placas indicando desvios e manobras a serem realizadas pelos motoristas, al\u00e9m da velocidade. Em locais onde h\u00e1 obras a velocidade permitida da via \u00e9 reduzida para 40km\/h.<\/p>\n\n\n\n<p>Durante o per\u00edodo de interven\u00e7\u00f5es e obras nas rodovias a aten\u00e7\u00e3o dos motoristas deve ser redobrada.<\/p>\n\n\n\n<p>Os condutores devem respeitar a sinaliza\u00e7\u00e3o e legisla\u00e7\u00e3o de tr\u00e2nsito. S\u00f3 ultrapasse em locais permitidos e quando houver tempo e dist\u00e2ncia para concluir a manobra com seguran\u00e7a. Em caso de chuva, reduza a velocidade, ligue os far\u00f3is e mantenha \u00e0 dist\u00e2ncia segura entre os ve\u00edculos.<\/p>\n\n\n\n<p>Com informa\u00e7\u00f5es da Assessoria de Imprensa \u2013 EPR Vias do Caf\u00e9<\/p>\n","protected":false},"excerpt":{"rendered":"<p>Obras nas rodovias continuam durante o carnaval com programa\u00e7\u00e3o especial. <a href=\"https:\/\/noticiasdefato.net\/?p=699\" class=\"more-link\">Continuar lendo <span class=\"screen-reader-text\">ATEN\u00c7\u00c3O MOTORISTAS \u00c0S OBRAS DE INTERDI\u00c7\u00c3O PARCIAL OU TOTAL DAS FAIXAS DAS RODOVIAS<\/span><\/a><\/p>\n","protected":false},"author":1,"featured_media":700,"comment_status":"open","ping_status":"closed","sticky":false,"template":"","format":"standard","meta":{"footnotes":""},"categories":[1,23],"tags":[],"class_list":["post-699","post","type-post","status-publish","format-standard","has-post-thumbnail","hentry","category-geral","category-transito"],"yoast_head":"<!-- This site is optimized with the Yoast SEO plugin v23.2 - https:\/\/yoast.com\/wordpress\/plugins\/seo\/ -->\n<title>ATEN\u00c7\u00c3O MOTORISTAS \u00c0S OBRAS DE INTERDI\u00c7\u00c3O PARCIAL OU TOTAL DAS FAIXAS DAS RODOVIAS - Not\u00edcias de Fato<\/title>\n<meta name=\"robots\" content=\"index, follow, max-snippet:-1, max-image-preview:large, max-video-preview:-1\" \/>\n<link rel=\"canonical\" href=\"https:\/\/noticiasdefato.net\/?p=699\" \/>\n<meta property=\"og:locale\" content=\"pt_BR\" \/>\n<meta property=\"og:type\" content=\"article\" \/>\n<meta property=\"og:title\" content=\"ATEN\u00c7\u00c3O MOTORISTAS \u00c0S OBRAS DE INTERDI\u00c7\u00c3O PARCIAL OU TOTAL DAS FAIXAS DAS RODOVIAS - Not\u00edcias de Fato\" \/>\n<meta property=\"og:description\" content=\"Obras nas rodovias continuam durante o carnaval com programa\u00e7\u00e3o especial.\" \/>\n<meta property=\"og:url\" content=\"https:\/\/noticiasdefato.net\/?p=699\" \/>\n<meta property=\"og:site_name\" content=\"Not\u00edcias de Fato\" \/>\n<meta property=\"article:publisher\" content=\"https:\/\/fb.com\/noticiasdefato.jornal\" \/>\n<meta property=\"article:author\" content=\"http:\/\/fb.com\/\/noticiasdefato.jornal\" \/>\n<meta property=\"article:published_time\" content=\"2024-02-10T19:24:18+00:00\" \/>\n<meta property=\"article:modified_time\" content=\"2024-02-10T19:27:23+00:00\" \/>\n<meta property=\"og:image\" content=\"https:\/\/noticiasdefato.net\/wp-content\/uploads\/2024\/02\/foto-1-1.jpg\" \/>\n\t<meta property=\"og:image:width\" content=\"768\" \/>\n\t<meta property=\"og:image:height\" content=\"576\" \/>\n\t<meta property=\"og:image:type\" content=\"image\/jpeg\" \/>\n<meta name=\"author\" content=\"Noticias de Fato\" \/>\n<meta name=\"twitter:card\" content=\"summary_large_image\" \/>\n<meta name=\"twitter:creator\" content=\"@https:\/\/twitter.com\/NoticiasDeFato_\" \/>\n<meta name=\"twitter:site\" content=\"@noticiasdefato_\" \/>\n<meta name=\"twitter:label1\" content=\"Escrito por\" \/>\n\t<meta name=\"twitter:data1\" content=\"Noticias de Fato\" \/>\n\t<meta name=\"twitter:label2\" content=\"Est. tempo de leitura\" \/>\n\t<meta name=\"twitter:data2\" content=\"4 minutos\" \/>\n<script type=\"application\/ld+json\" class=\"yoast-schema-graph\">{\"@context\":\"https:\/\/schema.org\",\"@graph\":[{\"@type\":\"Article\",\"@id\":\"https:\/\/noticiasdefato.net\/?p=699#article\",\"isPartOf\":{\"@id\":\"https:\/\/noticiasdefato.net\/?p=699\"},\"author\":{\"name\":\"Noticias de Fato\",\"@id\":\"https:\/\/noticiasdefato.net\/#\/schema\/person\/982ce60211d95acf059cd702aa260d08\"},\"headline\":\"ATEN\u00c7\u00c3O MOTORISTAS \u00c0S OBRAS DE INTERDI\u00c7\u00c3O PARCIAL OU TOTAL DAS FAIXAS DAS RODOVIAS\",\"datePublished\":\"2024-02-10T19:24:18+00:00\",\"dateModified\":\"2024-02-10T19:27:23+00:00\",\"mainEntityOfPage\":{\"@id\":\"https:\/\/noticiasdefato.net\/?p=699\"},\"wordCount\":731,\"commentCount\":0,\"publisher\":{\"@id\":\"https:\/\/noticiasdefato.net\/#organization\"},\"image\":{\"@id\":\"https:\/\/noticiasdefato.net\/?p=699#primaryimage\"},\"thumbnailUrl\":\"https:\/\/noticiasdefato.net\/wp-content\/uploads\/2024\/02\/foto-1-1.jpg\",\"articleSection\":[\"Geral\",\"Tr\u00e2nsito\"],\"inLanguage\":\"pt-BR\",\"potentialAction\":[{\"@type\":\"CommentAction\",\"name\":\"Comment\",\"target\":[\"https:\/\/noticiasdefato.net\/?p=699#respond\"]}]},{\"@type\":\"WebPage\",\"@id\":\"https:\/\/noticiasdefato.net\/?p=699\",\"url\":\"https:\/\/noticiasdefato.net\/?p=699\",\"name\":\"ATEN\u00c7\u00c3O MOTORISTAS \u00c0S OBRAS DE INTERDI\u00c7\u00c3O PARCIAL OU TOTAL DAS FAIXAS DAS RODOVIAS - Not\u00edcias de Fato\",\"isPartOf\":{\"@id\":\"https:\/\/noticiasdefato.net\/#website\"},\"primaryImageOfPage\":{\"@id\":\"https:\/\/noticiasdefato.net\/?p=699#primaryimage\"},\"image\":{\"@id\":\"https:\/\/noticiasdefato.net\/?p=699#primaryimage\"},\"thumbnailUrl\":\"https:\/\/noticiasdefato.net\/wp-content\/uploads\/2024\/02\/foto-1-1.jpg\",\"datePublished\":\"2024-02-10T19:24:18+00:00\",\"dateModified\":\"2024-02-10T19:27:23+00:00\",\"breadcrumb\":{\"@id\":\"https:\/\/noticiasdefato.net\/?p=699#breadcrumb\"},\"inLanguage\":\"pt-BR\",\"potentialAction\":[{\"@type\":\"ReadAction\",\"target\":[\"https:\/\/noticiasdefato.net\/?p=699\"]}]},{\"@type\":\"ImageObject\",\"inLanguage\":\"pt-BR\",\"@id\":\"https:\/\/noticiasdefato.net\/?p=699#primaryimage\",\"url\":\"https:\/\/noticiasdefato.net\/wp-content\/uploads\/2024\/02\/foto-1-1.jpg\",\"contentUrl\":\"https:\/\/noticiasdefato.net\/wp-content\/uploads\/2024\/02\/foto-1-1.jpg\",\"width\":768,\"height\":576},{\"@type\":\"BreadcrumbList\",\"@id\":\"https:\/\/noticiasdefato.net\/?p=699#breadcrumb\",\"itemListElement\":[{\"@type\":\"ListItem\",\"position\":1,\"name\":\"In\u00edcio\",\"item\":\"https:\/\/noticiasdefato.net\/\"},{\"@type\":\"ListItem\",\"position\":2,\"name\":\"ATEN\u00c7\u00c3O MOTORISTAS \u00c0S OBRAS DE INTERDI\u00c7\u00c3O PARCIAL OU TOTAL DAS FAIXAS DAS RODOVIAS\"}]},{\"@type\":\"WebSite\",\"@id\":\"https:\/\/noticiasdefato.net\/#website\",\"url\":\"https:\/\/noticiasdefato.net\/\",\"name\":\"Not\u00edcias de Fato\",\"description\":\"Trabalhamos com honestidade, seriedade e com a verdade.\",\"publisher\":{\"@id\":\"https:\/\/noticiasdefato.net\/#organization\"},\"potentialAction\":[{\"@type\":\"SearchAction\",\"target\":{\"@type\":\"EntryPoint\",\"urlTemplate\":\"https:\/\/noticiasdefato.net\/?s={search_term_string}\"},\"query-input\":\"required name=search_term_string\"}],\"inLanguage\":\"pt-BR\"},{\"@type\":\"Organization\",\"@id\":\"https:\/\/noticiasdefato.net\/#organization\",\"name\":\"Not\u00edcias de Fato\",\"url\":\"https:\/\/noticiasdefato.net\/\",\"logo\":{\"@type\":\"ImageObject\",\"inLanguage\":\"pt-BR\",\"@id\":\"https:\/\/noticiasdefato.net\/#\/schema\/logo\/image\/\",\"url\":\"https:\/\/noticiasdefato.net\/wp-content\/uploads\/2024\/02\/cropped-logo_topo.png\",\"contentUrl\":\"https:\/\/noticiasdefato.net\/wp-content\/uploads\/2024\/02\/cropped-logo_topo.png\",\"width\":1948,\"height\":665,\"caption\":\"Not\u00edcias de Fato\"},\"image\":{\"@id\":\"https:\/\/noticiasdefato.net\/#\/schema\/logo\/image\/\"},\"sameAs\":[\"https:\/\/fb.com\/noticiasdefato.jornal\",\"https:\/\/x.com\/noticiasdefato_\",\"https:\/\/instagram.com\/noticiasdefato.jornal\",\"https:\/\/youtube.com\/@JornalNoticiasDeFato\"]},{\"@type\":\"Person\",\"@id\":\"https:\/\/noticiasdefato.net\/#\/schema\/person\/982ce60211d95acf059cd702aa260d08\",\"name\":\"Noticias de Fato\",\"image\":{\"@type\":\"ImageObject\",\"inLanguage\":\"pt-BR\",\"@id\":\"https:\/\/noticiasdefato.net\/#\/schema\/person\/image\/\",\"url\":\"https:\/\/secure.gravatar.com\/avatar\/700227fab2316f0366a1b5d4988d10f847249cf13293450527ac9553c994611a?s=96&d=mm&r=g\",\"contentUrl\":\"https:\/\/secure.gravatar.com\/avatar\/700227fab2316f0366a1b5d4988d10f847249cf13293450527ac9553c994611a?s=96&d=mm&r=g\",\"caption\":\"Noticias de Fato\"},\"sameAs\":[\"https:\/\/noticiasdefato.net\",\"http:\/\/fb.com\/\/noticiasdefato.jornal\",\"https:\/\/x.com\/https:\/\/twitter.com\/NoticiasDeFato_\"],\"url\":\"https:\/\/noticiasdefato.net\/?author=1\"}]}<\/script>\n<!-- \/ Yoast SEO plugin. -->","yoast_head_json":{"title":"ATEN\u00c7\u00c3O MOTORISTAS \u00c0S OBRAS DE INTERDI\u00c7\u00c3O PARCIAL OU TOTAL DAS FAIXAS DAS RODOVIAS - Not\u00edcias de Fato","robots":{"index":"index","follow":"follow","max-snippet":"max-snippet:-1","max-image-preview":"max-image-preview:large","max-video-preview":"max-video-preview:-1"},"canonical":"https:\/\/noticiasdefato.net\/?p=699","og_locale":"pt_BR","og_type":"article","og_title":"ATEN\u00c7\u00c3O MOTORISTAS \u00c0S OBRAS DE INTERDI\u00c7\u00c3O PARCIAL OU TOTAL DAS FAIXAS DAS RODOVIAS - Not\u00edcias de Fato","og_description":"Obras nas rodovias continuam durante o carnaval com programa\u00e7\u00e3o especial.","og_url":"https:\/\/noticiasdefato.net\/?p=699","og_site_name":"Not\u00edcias de Fato","article_publisher":"https:\/\/fb.com\/noticiasdefato.jornal","article_author":"http:\/\/fb.com\/\/noticiasdefato.jornal","article_published_time":"2024-02-10T19:24:18+00:00","article_modified_time":"2024-02-10T19:27:23+00:00","og_image":[{"width":768,"height":576,"url":"https:\/\/noticiasdefato.net\/wp-content\/uploads\/2024\/02\/foto-1-1.jpg","type":"image\/jpeg"}],"author":"Noticias de Fato","twitter_card":"summary_large_image","twitter_creator":"@https:\/\/twitter.com\/NoticiasDeFato_","twitter_site":"@noticiasdefato_","twitter_misc":{"Escrito por":"Noticias de Fato","Est. tempo de leitura":"4 minutos"},"schema":{"@context":"https:\/\/schema.org","@graph":[{"@type":"Article","@id":"https:\/\/noticiasdefato.net\/?p=699#article","isPartOf":{"@id":"https:\/\/noticiasdefato.net\/?p=699"},"author":{"name":"Noticias de Fato","@id":"https:\/\/noticiasdefato.net\/#\/schema\/person\/982ce60211d95acf059cd702aa260d08"},"headline":"ATEN\u00c7\u00c3O MOTORISTAS \u00c0S OBRAS DE INTERDI\u00c7\u00c3O PARCIAL OU TOTAL DAS FAIXAS DAS RODOVIAS","datePublished":"2024-02-10T19:24:18+00:00","dateModified":"2024-02-10T19:27:23+00:00","mainEntityOfPage":{"@id":"https:\/\/noticiasdefato.net\/?p=699"},"wordCount":731,"commentCount":0,"publisher":{"@id":"https:\/\/noticiasdefato.net\/#organization"},"image":{"@id":"https:\/\/noticiasdefato.net\/?p=699#primaryimage"},"thumbnailUrl":"https:\/\/noticiasdefato.net\/wp-content\/uploads\/2024\/02\/foto-1-1.jpg","articleSection":["Geral","Tr\u00e2nsito"],"inLanguage":"pt-BR","potentialAction":[{"@type":"CommentAction","name":"Comment","target":["https:\/\/noticiasdefato.net\/?p=699#respond"]}]},{"@type":"WebPage","@id":"https:\/\/noticiasdefato.net\/?p=699","url":"https:\/\/noticiasdefato.net\/?p=699","name":"ATEN\u00c7\u00c3O MOTORISTAS \u00c0S OBRAS DE INTERDI\u00c7\u00c3O PARCIAL OU TOTAL DAS FAIXAS DAS RODOVIAS - Not\u00edcias de Fato","isPartOf":{"@id":"https:\/\/noticiasdefato.net\/#website"},"primaryImageOfPage":{"@id":"https:\/\/noticiasdefato.net\/?p=699#primaryimage"},"image":{"@id":"https:\/\/noticiasdefato.net\/?p=699#primaryimage"},"thumbnailUrl":"https:\/\/noticiasdefato.net\/wp-content\/uploads\/2024\/02\/foto-1-1.jpg","datePublished":"2024-02-10T19:24:18+00:00","dateModified":"2024-02-10T19:27:23+00:00","breadcrumb":{"@id":"https:\/\/noticiasdefato.net\/?p=699#breadcrumb"},"inLanguage":"pt-BR","potentialAction":[{"@type":"ReadAction","target":["https:\/\/noticiasdefato.net\/?p=699"]}]},{"@type":"ImageObject","inLanguage":"pt-BR","@id":"https:\/\/noticiasdefato.net\/?p=699#primaryimage","url":"https:\/\/noticiasdefato.net\/wp-content\/uploads\/2024\/02\/foto-1-1.jpg","contentUrl":"https:\/\/noticiasdefato.net\/wp-content\/uploads\/2024\/02\/foto-1-1.jpg","width":768,"height":576},{"@type":"BreadcrumbList","@id":"https:\/\/noticiasdefato.net\/?p=699#breadcrumb","itemListElement":[{"@type":"ListItem","position":1,"name":"In\u00edcio","item":"https:\/\/noticiasdefato.net\/"},{"@type":"ListItem","position":2,"name":"ATEN\u00c7\u00c3O MOTORISTAS \u00c0S OBRAS DE INTERDI\u00c7\u00c3O PARCIAL OU TOTAL DAS FAIXAS DAS RODOVIAS"}]},{"@type":"WebSite","@id":"https:\/\/noticiasdefato.net\/#website","url":"https:\/\/noticiasdefato.net\/","name":"Not\u00edcias de Fato","description":"Trabalhamos com honestidade, seriedade e com a verdade.","publisher":{"@id":"https:\/\/noticiasdefato.net\/#organization"},"potentialAction":[{"@type":"SearchAction","target":{"@type":"EntryPoint","urlTemplate":"https:\/\/noticiasdefato.net\/?s={search_term_string}"},"query-input":"required name=search_term_string"}],"inLanguage":"pt-BR"},{"@type":"Organization","@id":"https:\/\/noticiasdefato.net\/#organization","name":"Not\u00edcias de Fato","url":"https:\/\/noticiasdefato.net\/","logo":{"@type":"ImageObject","inLanguage":"pt-BR","@id":"https:\/\/noticiasdefato.net\/#\/schema\/logo\/image\/","url":"https:\/\/noticiasdefato.net\/wp-content\/uploads\/2024\/02\/cropped-logo_topo.png","contentUrl":"https:\/\/noticiasdefato.net\/wp-content\/uploads\/2024\/02\/cropped-logo_topo.png","width":1948,"height":665,"caption":"Not\u00edcias de Fato"},"image":{"@id":"https:\/\/noticiasdefato.net\/#\/schema\/logo\/image\/"},"sameAs":["https:\/\/fb.com\/noticiasdefato.jornal","https:\/\/x.com\/noticiasdefato_","https:\/\/instagram.com\/noticiasdefato.jornal","https:\/\/youtube.com\/@JornalNoticiasDeFato"]},{"@type":"Person","@id":"https:\/\/noticiasdefato.net\/#\/schema\/person\/982ce60211d95acf059cd702aa260d08","name":"Noticias de Fato","image":{"@type":"ImageObject","inLanguage":"pt-BR","@id":"https:\/\/noticiasdefato.net\/#\/schema\/person\/image\/","url":"https:\/\/secure.gravatar.com\/avatar\/700227fab2316f0366a1b5d4988d10f847249cf13293450527ac9553c994611a?s=96&d=mm&r=g","contentUrl":"https:\/\/secure.gravatar.com\/avatar\/700227fab2316f0366a1b5d4988d10f847249cf13293450527ac9553c994611a?s=96&d=mm&r=g","caption":"Noticias de Fato"},"sameAs":["https:\/\/noticiasdefato.net","http:\/\/fb.com\/\/noticiasdefato.jornal","https:\/\/x.com\/https:\/\/twitter.com\/NoticiasDeFato_"],"url":"https:\/\/noticiasdefato.net\/?author=1"}]}},"_links":{"self":[{"href":"https:\/\/noticiasdefato.net\/index.php?rest_route=\/wp\/v2\/posts\/699","targetHints":{"allow":["GET"]}}],"collection":[{"href":"https:\/\/noticiasdefato.net\/index.php?rest_route=\/wp\/v2\/posts"}],"about":[{"href":"https:\/\/noticiasdefato.net\/index.php?rest_route=\/wp\/v2\/types\/post"}],"author":[{"embeddable":true,"href":"https:\/\/noticiasdefato.net\/index.php?rest_route=\/wp\/v2\/users\/1"}],"replies":[{"embeddable":true,"href":"https:\/\/noticiasdefato.net\/index.php?rest_route=%2Fwp%2Fv2%2Fcomments&post=699"}],"version-history":[{"count":1,"href":"https:\/\/noticiasdefato.net\/index.php?rest_route=\/wp\/v2\/posts\/699\/revisions"}],"predecessor-version":[{"id":703,"href":"https:\/\/noticiasdefato.net\/index.php?rest_route=\/wp\/v2\/posts\/699\/revisions\/703"}],"wp:featuredmedia":[{"embeddable":true,"href":"https:\/\/noticiasdefato.net\/index.php?rest_route=\/wp\/v2\/media\/700"}],"wp:attachment":[{"href":"https:\/\/noticiasdefato.net\/index.php?rest_route=%2Fwp%2Fv2%2Fmedia&parent=699"}],"wp:term":[{"taxonomy":"category","embeddable":true,"href":"https:\/\/noticiasdefato.net\/index.php?rest_route=%2Fwp%2Fv2%2Fcategories&post=699"},{"taxonomy":"post_tag","embeddable":true,"href":"https:\/\/noticiasdefato.net\/index.php?rest_route=%2Fwp%2Fv2%2Ftags&post=699"}],"curies":[{"name":"wp","href":"https:\/\/api.w.org\/{rel}","templated":true}]}}