{"id":704,"date":"2024-02-10T16:29:44","date_gmt":"2024-02-10T19:29:44","guid":{"rendered":"https:\/\/noticiasdefato.net\/?p=704"},"modified":"2024-02-10T16:29:45","modified_gmt":"2024-02-10T19:29:45","slug":"o-que-abre-e-fecha-no-carnaval-2024","status":"publish","type":"post","link":"https:\/\/noticiasdefato.net\/?p=704","title":{"rendered":"O QUE ABRE E FECHA NO CARNAVAL 2024"},"content":{"rendered":"\n<p>A Prefeitura Municipal de Alfenas informa o funcionamento dos servi\u00e7os municipais durante o per\u00edodo de Carnaval. De acordo com o Decreto Municipal N\u00ba3.510 publicado em 24 de novembro de 2023, ficam declarados recesso do servidor p\u00fablico nos dias 12, 13, e 14 de fevereiro, n\u00e3o havendo expediente no pr\u00e9dio administrativo da prefeitura.<\/p>\n\n\n\n<p>Confira o que abre e fecha:<\/p>\n\n\n\n<p>Coleta de lixo: Acontece normalmente todos os dias.<\/p>\n\n\n\n<p><a><\/a>Feira Livre: As feiras de s\u00e1bado (Pinheirinho), domingo e quarta-feira funcionam normalmente.<\/p>\n\n\n\n<p>Mercado Municipal: No dia 13 de fevereiro funciona das 07h \u00e0s 12h. Nos outros dias funciona normalmente<\/p>\n\n\n\n<p>Balsa da Harmonia: No dia 13 de fevereiro funciona da 06h \u00e0s 18h30 (Porto Barranco Alto) . Nos outros dias funciona normalmente.<\/p>\n\n\n\n<p>Central de Medicamentos (CDM): Haver\u00e1 plant\u00e3o de atendimento na segunda-feira (12\/02) das 08h \u00e0s 12h e quarta-feira (14\/02) das 13h \u00e0s 17h.<\/p>\n\n\n\n<p>Teste do Pezinho: Plant\u00e3o na segunda-feira (12\/02), das 08h \u00e0s 12h no Ambulat\u00f3rio S\u00e3o\ufffdVicente (Rua Bias Fortes, 664 \u2013 Centro).<\/p>\n\n\n\n<p>Vacina\u00e7\u00e3o Antirr\u00e1bica: Plant\u00e3o nos dias 10, 12, 13 e 14 de fevereiro, das 10h \u00e0s 11h na Central de Vacinas (Pra\u00e7a Doutor Fausto Monteiro S\/N \u2013 Centro).<\/p>\n\n\n\n<p>Vacina\u00e7\u00e3o BCG: Plant\u00e3o no dia 13\/02 (ter\u00e7a-feira) das 08h \u00e0s 12h na Central de Vacina\u00e7\u00e3o (Pra\u00e7a Doutor Fausto Monteiro S\/N \u2013 Centro).<\/p>\n\n\n\n<p>CAPS: Funciona nos dias 12 e 13 de fevereiro das 07h \u00e0s 13h.<\/p>\n","protected":false},"excerpt":{"rendered":"<p>A Prefeitura Municipal de Alfenas informa o funcionamento dos servi\u00e7os municipais durante o per\u00edodo de Carnaval. De acordo com o Decreto Municipal N\u00ba3.510 publicado em 24 de novembro de 2023, ficam declarados recesso do servidor p\u00fablico nos dias 12, 13, e 14 de fevereiro, n\u00e3o havendo expediente no pr\u00e9dio administrativo da prefeitura. Confira o que abre e fecha: Coleta de lixo: Acontece normalmente todos os &hellip; <a href=\"https:\/\/noticiasdefato.net\/?p=704\" class=\"more-link\">Continuar lendo <span class=\"screen-reader-text\">O QUE ABRE E FECHA NO CARNAVAL 2024<\/span><\/a><\/p>\n","protected":false},"author":1,"featured_media":705,"comment_status":"open","ping_status":"closed","sticky":false,"template":"","format":"standard","meta":{"footnotes":""},"categories":[1],"tags":[],"class_list":["post-704","post","type-post","status-publish","format-standard","has-post-thumbnail","hentry","category-geral"],"yoast_head":"<!-- This site is optimized with the Yoast SEO plugin v23.2 - https:\/\/yoast.com\/wordpress\/plugins\/seo\/ -->\n<title>O QUE ABRE E FECHA NO CARNAVAL 2024 - Not\u00edcias de Fato<\/title>\n<meta name=\"robots\" content=\"index, follow, max-snippet:-1, max-image-preview:large, max-video-preview:-1\" \/>\n<link rel=\"canonical\" href=\"https:\/\/noticiasdefato.net\/?p=704\" \/>\n<meta property=\"og:locale\" content=\"pt_BR\" \/>\n<meta property=\"og:type\" content=\"article\" \/>\n<meta property=\"og:title\" content=\"O QUE ABRE E FECHA NO CARNAVAL 2024 - Not\u00edcias de Fato\" \/>\n<meta property=\"og:description\" content=\"A Prefeitura Municipal de Alfenas informa o funcionamento dos servi\u00e7os municipais durante o per\u00edodo de Carnaval. De acordo com o Decreto Municipal N\u00ba3.510 publicado em 24 de novembro de 2023, ficam declarados recesso do servidor p\u00fablico nos dias 12, 13, e 14 de fevereiro, n\u00e3o havendo expediente no pr\u00e9dio administrativo da prefeitura. Confira o que abre e fecha: Coleta de lixo: Acontece normalmente todos os &hellip;\" \/>\n<meta property=\"og:url\" content=\"https:\/\/noticiasdefato.net\/?p=704\" \/>\n<meta property=\"og:site_name\" content=\"Not\u00edcias de Fato\" \/>\n<meta property=\"article:publisher\" content=\"https:\/\/fb.com\/noticiasdefato.jornal\" \/>\n<meta property=\"article:author\" content=\"http:\/\/fb.com\/\/noticiasdefato.jornal\" \/>\n<meta property=\"article:published_time\" content=\"2024-02-10T19:29:44+00:00\" \/>\n<meta property=\"article:modified_time\" content=\"2024-02-10T19:29:45+00:00\" \/>\n<meta property=\"og:image\" content=\"https:\/\/noticiasdefato.net\/wp-content\/uploads\/2024\/02\/foto-aviso.jpg\" \/>\n\t<meta property=\"og:image:width\" content=\"300\" \/>\n\t<meta property=\"og:image:height\" content=\"200\" \/>\n\t<meta property=\"og:image:type\" content=\"image\/jpeg\" \/>\n<meta name=\"author\" content=\"Noticias de Fato\" \/>\n<meta name=\"twitter:card\" content=\"summary_large_image\" \/>\n<meta name=\"twitter:creator\" content=\"@https:\/\/twitter.com\/NoticiasDeFato_\" \/>\n<meta name=\"twitter:site\" content=\"@noticiasdefato_\" \/>\n<meta name=\"twitter:label1\" content=\"Escrito por\" \/>\n\t<meta name=\"twitter:data1\" content=\"Noticias de Fato\" \/>\n\t<meta name=\"twitter:label2\" content=\"Est. tempo de leitura\" \/>\n\t<meta name=\"twitter:data2\" content=\"1 minuto\" \/>\n<script type=\"application\/ld+json\" class=\"yoast-schema-graph\">{\"@context\":\"https:\/\/schema.org\",\"@graph\":[{\"@type\":\"Article\",\"@id\":\"https:\/\/noticiasdefato.net\/?p=704#article\",\"isPartOf\":{\"@id\":\"https:\/\/noticiasdefato.net\/?p=704\"},\"author\":{\"name\":\"Noticias de Fato\",\"@id\":\"https:\/\/noticiasdefato.net\/#\/schema\/person\/982ce60211d95acf059cd702aa260d08\"},\"headline\":\"O QUE ABRE E FECHA NO CARNAVAL 2024\",\"datePublished\":\"2024-02-10T19:29:44+00:00\",\"dateModified\":\"2024-02-10T19:29:45+00:00\",\"mainEntityOfPage\":{\"@id\":\"https:\/\/noticiasdefato.net\/?p=704\"},\"wordCount\":228,\"commentCount\":0,\"publisher\":{\"@id\":\"https:\/\/noticiasdefato.net\/#organization\"},\"image\":{\"@id\":\"https:\/\/noticiasdefato.net\/?p=704#primaryimage\"},\"thumbnailUrl\":\"https:\/\/noticiasdefato.net\/wp-content\/uploads\/2024\/02\/foto-aviso.jpg\",\"articleSection\":[\"Geral\"],\"inLanguage\":\"pt-BR\",\"potentialAction\":[{\"@type\":\"CommentAction\",\"name\":\"Comment\",\"target\":[\"https:\/\/noticiasdefato.net\/?p=704#respond\"]}]},{\"@type\":\"WebPage\",\"@id\":\"https:\/\/noticiasdefato.net\/?p=704\",\"url\":\"https:\/\/noticiasdefato.net\/?p=704\",\"name\":\"O QUE ABRE E FECHA NO CARNAVAL 2024 - Not\u00edcias de Fato\",\"isPartOf\":{\"@id\":\"https:\/\/noticiasdefato.net\/#website\"},\"primaryImageOfPage\":{\"@id\":\"https:\/\/noticiasdefato.net\/?p=704#primaryimage\"},\"image\":{\"@id\":\"https:\/\/noticiasdefato.net\/?p=704#primaryimage\"},\"thumbnailUrl\":\"https:\/\/noticiasdefato.net\/wp-content\/uploads\/2024\/02\/foto-aviso.jpg\",\"datePublished\":\"2024-02-10T19:29:44+00:00\",\"dateModified\":\"2024-02-10T19:29:45+00:00\",\"breadcrumb\":{\"@id\":\"https:\/\/noticiasdefato.net\/?p=704#breadcrumb\"},\"inLanguage\":\"pt-BR\",\"potentialAction\":[{\"@type\":\"ReadAction\",\"target\":[\"https:\/\/noticiasdefato.net\/?p=704\"]}]},{\"@type\":\"ImageObject\",\"inLanguage\":\"pt-BR\",\"@id\":\"https:\/\/noticiasdefato.net\/?p=704#primaryimage\",\"url\":\"https:\/\/noticiasdefato.net\/wp-content\/uploads\/2024\/02\/foto-aviso.jpg\",\"contentUrl\":\"https:\/\/noticiasdefato.net\/wp-content\/uploads\/2024\/02\/foto-aviso.jpg\",\"width\":300,\"height\":200},{\"@type\":\"BreadcrumbList\",\"@id\":\"https:\/\/noticiasdefato.net\/?p=704#breadcrumb\",\"itemListElement\":[{\"@type\":\"ListItem\",\"position\":1,\"name\":\"In\u00edcio\",\"item\":\"https:\/\/noticiasdefato.net\/\"},{\"@type\":\"ListItem\",\"position\":2,\"name\":\"O QUE ABRE E FECHA NO CARNAVAL 2024\"}]},{\"@type\":\"WebSite\",\"@id\":\"https:\/\/noticiasdefato.net\/#website\",\"url\":\"https:\/\/noticiasdefato.net\/\",\"name\":\"Not\u00edcias de Fato\",\"description\":\"Trabalhamos com honestidade, seriedade e com a verdade.\",\"publisher\":{\"@id\":\"https:\/\/noticiasdefato.net\/#organization\"},\"potentialAction\":[{\"@type\":\"SearchAction\",\"target\":{\"@type\":\"EntryPoint\",\"urlTemplate\":\"https:\/\/noticiasdefato.net\/?s={search_term_string}\"},\"query-input\":\"required name=search_term_string\"}],\"inLanguage\":\"pt-BR\"},{\"@type\":\"Organization\",\"@id\":\"https:\/\/noticiasdefato.net\/#organization\",\"name\":\"Not\u00edcias de Fato\",\"url\":\"https:\/\/noticiasdefato.net\/\",\"logo\":{\"@type\":\"ImageObject\",\"inLanguage\":\"pt-BR\",\"@id\":\"https:\/\/noticiasdefato.net\/#\/schema\/logo\/image\/\",\"url\":\"https:\/\/noticiasdefato.net\/wp-content\/uploads\/2024\/02\/cropped-logo_topo.png\",\"contentUrl\":\"https:\/\/noticiasdefato.net\/wp-content\/uploads\/2024\/02\/cropped-logo_topo.png\",\"width\":1948,\"height\":665,\"caption\":\"Not\u00edcias de Fato\"},\"image\":{\"@id\":\"https:\/\/noticiasdefato.net\/#\/schema\/logo\/image\/\"},\"sameAs\":[\"https:\/\/fb.com\/noticiasdefato.jornal\",\"https:\/\/x.com\/noticiasdefato_\",\"https:\/\/instagram.com\/noticiasdefato.jornal\",\"https:\/\/youtube.com\/@JornalNoticiasDeFato\"]},{\"@type\":\"Person\",\"@id\":\"https:\/\/noticiasdefato.net\/#\/schema\/person\/982ce60211d95acf059cd702aa260d08\",\"name\":\"Noticias de Fato\",\"image\":{\"@type\":\"ImageObject\",\"inLanguage\":\"pt-BR\",\"@id\":\"https:\/\/noticiasdefato.net\/#\/schema\/person\/image\/\",\"url\":\"https:\/\/secure.gravatar.com\/avatar\/700227fab2316f0366a1b5d4988d10f847249cf13293450527ac9553c994611a?s=96&d=mm&r=g\",\"contentUrl\":\"https:\/\/secure.gravatar.com\/avatar\/700227fab2316f0366a1b5d4988d10f847249cf13293450527ac9553c994611a?s=96&d=mm&r=g\",\"caption\":\"Noticias de Fato\"},\"sameAs\":[\"https:\/\/noticiasdefato.net\",\"http:\/\/fb.com\/\/noticiasdefato.jornal\",\"https:\/\/x.com\/https:\/\/twitter.com\/NoticiasDeFato_\"],\"url\":\"https:\/\/noticiasdefato.net\/?author=1\"}]}<\/script>\n<!-- \/ Yoast SEO plugin. -->","yoast_head_json":{"title":"O QUE ABRE E FECHA NO CARNAVAL 2024 - Not\u00edcias de Fato","robots":{"index":"index","follow":"follow","max-snippet":"max-snippet:-1","max-image-preview":"max-image-preview:large","max-video-preview":"max-video-preview:-1"},"canonical":"https:\/\/noticiasdefato.net\/?p=704","og_locale":"pt_BR","og_type":"article","og_title":"O QUE ABRE E FECHA NO CARNAVAL 2024 - Not\u00edcias de Fato","og_description":"A Prefeitura Municipal de Alfenas informa o funcionamento dos servi\u00e7os municipais durante o per\u00edodo de Carnaval. De acordo com o Decreto Municipal N\u00ba3.510 publicado em 24 de novembro de 2023, ficam declarados recesso do servidor p\u00fablico nos dias 12, 13, e 14 de fevereiro, n\u00e3o havendo expediente no pr\u00e9dio administrativo da prefeitura. Confira o que abre e fecha: Coleta de lixo: Acontece normalmente todos os &hellip;","og_url":"https:\/\/noticiasdefato.net\/?p=704","og_site_name":"Not\u00edcias de Fato","article_publisher":"https:\/\/fb.com\/noticiasdefato.jornal","article_author":"http:\/\/fb.com\/\/noticiasdefato.jornal","article_published_time":"2024-02-10T19:29:44+00:00","article_modified_time":"2024-02-10T19:29:45+00:00","og_image":[{"width":300,"height":200,"url":"https:\/\/noticiasdefato.net\/wp-content\/uploads\/2024\/02\/foto-aviso.jpg","type":"image\/jpeg"}],"author":"Noticias de Fato","twitter_card":"summary_large_image","twitter_creator":"@https:\/\/twitter.com\/NoticiasDeFato_","twitter_site":"@noticiasdefato_","twitter_misc":{"Escrito por":"Noticias de Fato","Est. tempo de leitura":"1 minuto"},"schema":{"@context":"https:\/\/schema.org","@graph":[{"@type":"Article","@id":"https:\/\/noticiasdefato.net\/?p=704#article","isPartOf":{"@id":"https:\/\/noticiasdefato.net\/?p=704"},"author":{"name":"Noticias de Fato","@id":"https:\/\/noticiasdefato.net\/#\/schema\/person\/982ce60211d95acf059cd702aa260d08"},"headline":"O QUE ABRE E FECHA NO CARNAVAL 2024","datePublished":"2024-02-10T19:29:44+00:00","dateModified":"2024-02-10T19:29:45+00:00","mainEntityOfPage":{"@id":"https:\/\/noticiasdefato.net\/?p=704"},"wordCount":228,"commentCount":0,"publisher":{"@id":"https:\/\/noticiasdefato.net\/#organization"},"image":{"@id":"https:\/\/noticiasdefato.net\/?p=704#primaryimage"},"thumbnailUrl":"https:\/\/noticiasdefato.net\/wp-content\/uploads\/2024\/02\/foto-aviso.jpg","articleSection":["Geral"],"inLanguage":"pt-BR","potentialAction":[{"@type":"CommentAction","name":"Comment","target":["https:\/\/noticiasdefato.net\/?p=704#respond"]}]},{"@type":"WebPage","@id":"https:\/\/noticiasdefato.net\/?p=704","url":"https:\/\/noticiasdefato.net\/?p=704","name":"O QUE ABRE E FECHA NO CARNAVAL 2024 - Not\u00edcias de Fato","isPartOf":{"@id":"https:\/\/noticiasdefato.net\/#website"},"primaryImageOfPage":{"@id":"https:\/\/noticiasdefato.net\/?p=704#primaryimage"},"image":{"@id":"https:\/\/noticiasdefato.net\/?p=704#primaryimage"},"thumbnailUrl":"https:\/\/noticiasdefato.net\/wp-content\/uploads\/2024\/02\/foto-aviso.jpg","datePublished":"2024-02-10T19:29:44+00:00","dateModified":"2024-02-10T19:29:45+00:00","breadcrumb":{"@id":"https:\/\/noticiasdefato.net\/?p=704#breadcrumb"},"inLanguage":"pt-BR","potentialAction":[{"@type":"ReadAction","target":["https:\/\/noticiasdefato.net\/?p=704"]}]},{"@type":"ImageObject","inLanguage":"pt-BR","@id":"https:\/\/noticiasdefato.net\/?p=704#primaryimage","url":"https:\/\/noticiasdefato.net\/wp-content\/uploads\/2024\/02\/foto-aviso.jpg","contentUrl":"https:\/\/noticiasdefato.net\/wp-content\/uploads\/2024\/02\/foto-aviso.jpg","width":300,"height":200},{"@type":"BreadcrumbList","@id":"https:\/\/noticiasdefato.net\/?p=704#breadcrumb","itemListElement":[{"@type":"ListItem","position":1,"name":"In\u00edcio","item":"https:\/\/noticiasdefato.net\/"},{"@type":"ListItem","position":2,"name":"O QUE ABRE E FECHA NO CARNAVAL 2024"}]},{"@type":"WebSite","@id":"https:\/\/noticiasdefato.net\/#website","url":"https:\/\/noticiasdefato.net\/","name":"Not\u00edcias de Fato","description":"Trabalhamos com honestidade, seriedade e com a verdade.","publisher":{"@id":"https:\/\/noticiasdefato.net\/#organization"},"potentialAction":[{"@type":"SearchAction","target":{"@type":"EntryPoint","urlTemplate":"https:\/\/noticiasdefato.net\/?s={search_term_string}"},"query-input":"required name=search_term_string"}],"inLanguage":"pt-BR"},{"@type":"Organization","@id":"https:\/\/noticiasdefato.net\/#organization","name":"Not\u00edcias de Fato","url":"https:\/\/noticiasdefato.net\/","logo":{"@type":"ImageObject","inLanguage":"pt-BR","@id":"https:\/\/noticiasdefato.net\/#\/schema\/logo\/image\/","url":"https:\/\/noticiasdefato.net\/wp-content\/uploads\/2024\/02\/cropped-logo_topo.png","contentUrl":"https:\/\/noticiasdefato.net\/wp-content\/uploads\/2024\/02\/cropped-logo_topo.png","width":1948,"height":665,"caption":"Not\u00edcias de Fato"},"image":{"@id":"https:\/\/noticiasdefato.net\/#\/schema\/logo\/image\/"},"sameAs":["https:\/\/fb.com\/noticiasdefato.jornal","https:\/\/x.com\/noticiasdefato_","https:\/\/instagram.com\/noticiasdefato.jornal","https:\/\/youtube.com\/@JornalNoticiasDeFato"]},{"@type":"Person","@id":"https:\/\/noticiasdefato.net\/#\/schema\/person\/982ce60211d95acf059cd702aa260d08","name":"Noticias de Fato","image":{"@type":"ImageObject","inLanguage":"pt-BR","@id":"https:\/\/noticiasdefato.net\/#\/schema\/person\/image\/","url":"https:\/\/secure.gravatar.com\/avatar\/700227fab2316f0366a1b5d4988d10f847249cf13293450527ac9553c994611a?s=96&d=mm&r=g","contentUrl":"https:\/\/secure.gravatar.com\/avatar\/700227fab2316f0366a1b5d4988d10f847249cf13293450527ac9553c994611a?s=96&d=mm&r=g","caption":"Noticias de Fato"},"sameAs":["https:\/\/noticiasdefato.net","http:\/\/fb.com\/\/noticiasdefato.jornal","https:\/\/x.com\/https:\/\/twitter.com\/NoticiasDeFato_"],"url":"https:\/\/noticiasdefato.net\/?author=1"}]}},"_links":{"self":[{"href":"https:\/\/noticiasdefato.net\/index.php?rest_route=\/wp\/v2\/posts\/704","targetHints":{"allow":["GET"]}}],"collection":[{"href":"https:\/\/noticiasdefato.net\/index.php?rest_route=\/wp\/v2\/posts"}],"about":[{"href":"https:\/\/noticiasdefato.net\/index.php?rest_route=\/wp\/v2\/types\/post"}],"author":[{"embeddable":true,"href":"https:\/\/noticiasdefato.net\/index.php?rest_route=\/wp\/v2\/users\/1"}],"replies":[{"embeddable":true,"href":"https:\/\/noticiasdefato.net\/index.php?rest_route=%2Fwp%2Fv2%2Fcomments&post=704"}],"version-history":[{"count":1,"href":"https:\/\/noticiasdefato.net\/index.php?rest_route=\/wp\/v2\/posts\/704\/revisions"}],"predecessor-version":[{"id":706,"href":"https:\/\/noticiasdefato.net\/index.php?rest_route=\/wp\/v2\/posts\/704\/revisions\/706"}],"wp:featuredmedia":[{"embeddable":true,"href":"https:\/\/noticiasdefato.net\/index.php?rest_route=\/wp\/v2\/media\/705"}],"wp:attachment":[{"href":"https:\/\/noticiasdefato.net\/index.php?rest_route=%2Fwp%2Fv2%2Fmedia&parent=704"}],"wp:term":[{"taxonomy":"category","embeddable":true,"href":"https:\/\/noticiasdefato.net\/index.php?rest_route=%2Fwp%2Fv2%2Fcategories&post=704"},{"taxonomy":"post_tag","embeddable":true,"href":"https:\/\/noticiasdefato.net\/index.php?rest_route=%2Fwp%2Fv2%2Ftags&post=704"}],"curies":[{"name":"wp","href":"https:\/\/api.w.org\/{rel}","templated":true}]}}