{"id":751,"date":"2024-02-11T14:58:47","date_gmt":"2024-02-11T17:58:47","guid":{"rendered":"https:\/\/noticiasdefato.net\/?p=751"},"modified":"2024-02-23T00:21:31","modified_gmt":"2024-02-23T03:21:31","slug":"mais-uma-morte-por-dengue-sob-a-regional-de-saude-de-alfenas","status":"publish","type":"post","link":"https:\/\/noticiasdefato.net\/?p=751","title":{"rendered":"MAIS UMA MORTE POR DENGUE SOB A REGIONAL DE SAUDE DE ALFENAS."},"content":{"rendered":"\n<p>Marcelo Damas Martelli, 58 anos, faleceu ontem, no munic\u00edpio de Campos Gerais, em decorr\u00eancia da dengue.<\/p>\n\n\n\n<figure class=\"wp-block-gallery has-nested-images columns-default is-cropped wp-block-gallery-1 is-layout-flex wp-block-gallery-is-layout-flex\">\n<figure class=\"wp-block-image size-large\"><img fetchpriority=\"high\" decoding=\"async\" width=\"750\" height=\"265\" data-id=\"753\" src=\"https:\/\/noticiasdefato.net\/wp-content\/uploads\/2024\/02\/nota-falecimento.jpg\" alt=\"\" class=\"wp-image-753\" srcset=\"https:\/\/noticiasdefato.net\/wp-content\/uploads\/2024\/02\/nota-falecimento.jpg 750w, https:\/\/noticiasdefato.net\/wp-content\/uploads\/2024\/02\/nota-falecimento-300x106.jpg 300w, https:\/\/noticiasdefato.net\/wp-content\/uploads\/2024\/02\/nota-falecimento-600x212.jpg 600w\" sizes=\"(max-width: 750px) 100vw, 750px\" \/><\/figure>\n<\/figure>\n\n\n\n<p>Os casos de dengue est\u00e3o come\u00e7ando a ficar fora de controle. No boletim da secretaria estadual de sa\u00fade, com data de 05 de fevereiro, haviam 131 casos prov\u00e1veis de dengue em Alfenas. J\u00e1, ontem, segundo informa\u00e7\u00f5es recebidas na reda\u00e7\u00e3o, j\u00e1 s\u00e3o 176 casos (30% a mais em apenas 5 dias).<\/p>\n\n\n\n<p>At\u00e9 a publica\u00e7\u00e3o desta mat\u00e9ria a secretaria municipal de sa\u00fade de alfenas n\u00e3o deu um retorno sobre os questionamentos que enviamos acerca da dengue.<\/p>\n","protected":false},"excerpt":{"rendered":"<p>Marcelo Damas Martelli, 58 anos, faleceu ontem, no munic\u00edpio de Campos Gerais, em decorr\u00eancia da dengue. Os casos de dengue est\u00e3o come\u00e7ando a ficar fora de controle. No boletim da secretaria estadual de sa\u00fade, com data de 05 de fevereiro, haviam 131 casos prov\u00e1veis de dengue em Alfenas. J\u00e1, ontem, segundo informa\u00e7\u00f5es recebidas na reda\u00e7\u00e3o, j\u00e1 s\u00e3o 176 casos (30% a mais em apenas 5 &hellip; <a href=\"https:\/\/noticiasdefato.net\/?p=751\" class=\"more-link\">Continuar lendo <span class=\"screen-reader-text\">MAIS UMA MORTE POR DENGUE SOB A REGIONAL DE SAUDE DE ALFENAS.<\/span><\/a><\/p>\n","protected":false},"author":1,"featured_media":752,"comment_status":"open","ping_status":"closed","sticky":false,"template":"","format":"standard","meta":{"footnotes":""},"categories":[19],"tags":[],"class_list":["post-751","post","type-post","status-publish","format-standard","has-post-thumbnail","hentry","category-saude"],"yoast_head":"<!-- This site is optimized with the Yoast SEO plugin v23.2 - https:\/\/yoast.com\/wordpress\/plugins\/seo\/ -->\n<title>MAIS UMA MORTE POR DENGUE SOB A REGIONAL DE SAUDE DE ALFENAS. - Not\u00edcias de Fato<\/title>\n<meta name=\"robots\" content=\"index, follow, max-snippet:-1, max-image-preview:large, max-video-preview:-1\" \/>\n<link rel=\"canonical\" href=\"https:\/\/noticiasdefato.net\/?p=751\" \/>\n<meta property=\"og:locale\" content=\"pt_BR\" \/>\n<meta property=\"og:type\" content=\"article\" \/>\n<meta property=\"og:title\" content=\"MAIS UMA MORTE POR DENGUE SOB A REGIONAL DE SAUDE DE ALFENAS. - Not\u00edcias de Fato\" \/>\n<meta property=\"og:description\" content=\"Marcelo Damas Martelli, 58 anos, faleceu ontem, no munic\u00edpio de Campos Gerais, em decorr\u00eancia da dengue. Os casos de dengue est\u00e3o come\u00e7ando a ficar fora de controle. No boletim da secretaria estadual de sa\u00fade, com data de 05 de fevereiro, haviam 131 casos prov\u00e1veis de dengue em Alfenas. J\u00e1, ontem, segundo informa\u00e7\u00f5es recebidas na reda\u00e7\u00e3o, j\u00e1 s\u00e3o 176 casos (30% a mais em apenas 5 &hellip;\" \/>\n<meta property=\"og:url\" content=\"https:\/\/noticiasdefato.net\/?p=751\" \/>\n<meta property=\"og:site_name\" content=\"Not\u00edcias de Fato\" \/>\n<meta property=\"article:publisher\" content=\"https:\/\/fb.com\/noticiasdefato.jornal\" \/>\n<meta property=\"article:author\" content=\"http:\/\/fb.com\/\/noticiasdefato.jornal\" \/>\n<meta property=\"article:published_time\" content=\"2024-02-11T17:58:47+00:00\" \/>\n<meta property=\"article:modified_time\" content=\"2024-02-23T03:21:31+00:00\" \/>\n<meta property=\"og:image\" content=\"https:\/\/noticiasdefato.net\/wp-content\/uploads\/2024\/02\/foto-falecido.jpg\" \/>\n\t<meta property=\"og:image:width\" content=\"750\" \/>\n\t<meta property=\"og:image:height\" content=\"926\" \/>\n\t<meta property=\"og:image:type\" content=\"image\/jpeg\" \/>\n<meta name=\"author\" content=\"Noticias de Fato\" \/>\n<meta name=\"twitter:card\" content=\"summary_large_image\" \/>\n<meta name=\"twitter:creator\" content=\"@https:\/\/twitter.com\/NoticiasDeFato_\" \/>\n<meta name=\"twitter:site\" content=\"@noticiasdefato_\" \/>\n<meta name=\"twitter:label1\" content=\"Escrito por\" \/>\n\t<meta name=\"twitter:data1\" content=\"Noticias de Fato\" \/>\n<script type=\"application\/ld+json\" class=\"yoast-schema-graph\">{\"@context\":\"https:\/\/schema.org\",\"@graph\":[{\"@type\":\"Article\",\"@id\":\"https:\/\/noticiasdefato.net\/?p=751#article\",\"isPartOf\":{\"@id\":\"https:\/\/noticiasdefato.net\/?p=751\"},\"author\":{\"name\":\"Noticias de Fato\",\"@id\":\"https:\/\/noticiasdefato.net\/#\/schema\/person\/982ce60211d95acf059cd702aa260d08\"},\"headline\":\"MAIS UMA MORTE POR DENGUE SOB A REGIONAL DE SAUDE DE ALFENAS.\",\"datePublished\":\"2024-02-11T17:58:47+00:00\",\"dateModified\":\"2024-02-23T03:21:31+00:00\",\"mainEntityOfPage\":{\"@id\":\"https:\/\/noticiasdefato.net\/?p=751\"},\"wordCount\":109,\"commentCount\":0,\"publisher\":{\"@id\":\"https:\/\/noticiasdefato.net\/#organization\"},\"image\":{\"@id\":\"https:\/\/noticiasdefato.net\/?p=751#primaryimage\"},\"thumbnailUrl\":\"https:\/\/noticiasdefato.net\/wp-content\/uploads\/2024\/02\/foto-falecido.jpg\",\"articleSection\":[\"Sa\u00fade\"],\"inLanguage\":\"pt-BR\",\"potentialAction\":[{\"@type\":\"CommentAction\",\"name\":\"Comment\",\"target\":[\"https:\/\/noticiasdefato.net\/?p=751#respond\"]}]},{\"@type\":\"WebPage\",\"@id\":\"https:\/\/noticiasdefato.net\/?p=751\",\"url\":\"https:\/\/noticiasdefato.net\/?p=751\",\"name\":\"MAIS UMA MORTE POR DENGUE SOB A REGIONAL DE SAUDE DE ALFENAS. - Not\u00edcias de Fato\",\"isPartOf\":{\"@id\":\"https:\/\/noticiasdefato.net\/#website\"},\"primaryImageOfPage\":{\"@id\":\"https:\/\/noticiasdefato.net\/?p=751#primaryimage\"},\"image\":{\"@id\":\"https:\/\/noticiasdefato.net\/?p=751#primaryimage\"},\"thumbnailUrl\":\"https:\/\/noticiasdefato.net\/wp-content\/uploads\/2024\/02\/foto-falecido.jpg\",\"datePublished\":\"2024-02-11T17:58:47+00:00\",\"dateModified\":\"2024-02-23T03:21:31+00:00\",\"breadcrumb\":{\"@id\":\"https:\/\/noticiasdefato.net\/?p=751#breadcrumb\"},\"inLanguage\":\"pt-BR\",\"potentialAction\":[{\"@type\":\"ReadAction\",\"target\":[\"https:\/\/noticiasdefato.net\/?p=751\"]}]},{\"@type\":\"ImageObject\",\"inLanguage\":\"pt-BR\",\"@id\":\"https:\/\/noticiasdefato.net\/?p=751#primaryimage\",\"url\":\"https:\/\/noticiasdefato.net\/wp-content\/uploads\/2024\/02\/foto-falecido.jpg\",\"contentUrl\":\"https:\/\/noticiasdefato.net\/wp-content\/uploads\/2024\/02\/foto-falecido.jpg\",\"width\":750,\"height\":926},{\"@type\":\"BreadcrumbList\",\"@id\":\"https:\/\/noticiasdefato.net\/?p=751#breadcrumb\",\"itemListElement\":[{\"@type\":\"ListItem\",\"position\":1,\"name\":\"In\u00edcio\",\"item\":\"https:\/\/noticiasdefato.net\/\"},{\"@type\":\"ListItem\",\"position\":2,\"name\":\"MAIS UMA MORTE POR DENGUE SOB A REGIONAL DE SAUDE DE ALFENAS.\"}]},{\"@type\":\"WebSite\",\"@id\":\"https:\/\/noticiasdefato.net\/#website\",\"url\":\"https:\/\/noticiasdefato.net\/\",\"name\":\"Not\u00edcias de Fato\",\"description\":\"Trabalhamos com honestidade, seriedade e com a verdade.\",\"publisher\":{\"@id\":\"https:\/\/noticiasdefato.net\/#organization\"},\"potentialAction\":[{\"@type\":\"SearchAction\",\"target\":{\"@type\":\"EntryPoint\",\"urlTemplate\":\"https:\/\/noticiasdefato.net\/?s={search_term_string}\"},\"query-input\":\"required name=search_term_string\"}],\"inLanguage\":\"pt-BR\"},{\"@type\":\"Organization\",\"@id\":\"https:\/\/noticiasdefato.net\/#organization\",\"name\":\"Not\u00edcias de Fato\",\"url\":\"https:\/\/noticiasdefato.net\/\",\"logo\":{\"@type\":\"ImageObject\",\"inLanguage\":\"pt-BR\",\"@id\":\"https:\/\/noticiasdefato.net\/#\/schema\/logo\/image\/\",\"url\":\"https:\/\/noticiasdefato.net\/wp-content\/uploads\/2024\/02\/cropped-logo_topo.png\",\"contentUrl\":\"https:\/\/noticiasdefato.net\/wp-content\/uploads\/2024\/02\/cropped-logo_topo.png\",\"width\":1948,\"height\":665,\"caption\":\"Not\u00edcias de Fato\"},\"image\":{\"@id\":\"https:\/\/noticiasdefato.net\/#\/schema\/logo\/image\/\"},\"sameAs\":[\"https:\/\/fb.com\/noticiasdefato.jornal\",\"https:\/\/x.com\/noticiasdefato_\",\"https:\/\/instagram.com\/noticiasdefato.jornal\",\"https:\/\/youtube.com\/@JornalNoticiasDeFato\"]},{\"@type\":\"Person\",\"@id\":\"https:\/\/noticiasdefato.net\/#\/schema\/person\/982ce60211d95acf059cd702aa260d08\",\"name\":\"Noticias de Fato\",\"image\":{\"@type\":\"ImageObject\",\"inLanguage\":\"pt-BR\",\"@id\":\"https:\/\/noticiasdefato.net\/#\/schema\/person\/image\/\",\"url\":\"https:\/\/secure.gravatar.com\/avatar\/700227fab2316f0366a1b5d4988d10f847249cf13293450527ac9553c994611a?s=96&d=mm&r=g\",\"contentUrl\":\"https:\/\/secure.gravatar.com\/avatar\/700227fab2316f0366a1b5d4988d10f847249cf13293450527ac9553c994611a?s=96&d=mm&r=g\",\"caption\":\"Noticias de Fato\"},\"sameAs\":[\"https:\/\/noticiasdefato.net\",\"http:\/\/fb.com\/\/noticiasdefato.jornal\",\"https:\/\/x.com\/https:\/\/twitter.com\/NoticiasDeFato_\"],\"url\":\"https:\/\/noticiasdefato.net\/?author=1\"}]}<\/script>\n<!-- \/ Yoast SEO plugin. -->","yoast_head_json":{"title":"MAIS UMA MORTE POR DENGUE SOB A REGIONAL DE SAUDE DE ALFENAS. - Not\u00edcias de Fato","robots":{"index":"index","follow":"follow","max-snippet":"max-snippet:-1","max-image-preview":"max-image-preview:large","max-video-preview":"max-video-preview:-1"},"canonical":"https:\/\/noticiasdefato.net\/?p=751","og_locale":"pt_BR","og_type":"article","og_title":"MAIS UMA MORTE POR DENGUE SOB A REGIONAL DE SAUDE DE ALFENAS. - Not\u00edcias de Fato","og_description":"Marcelo Damas Martelli, 58 anos, faleceu ontem, no munic\u00edpio de Campos Gerais, em decorr\u00eancia da dengue. Os casos de dengue est\u00e3o come\u00e7ando a ficar fora de controle. No boletim da secretaria estadual de sa\u00fade, com data de 05 de fevereiro, haviam 131 casos prov\u00e1veis de dengue em Alfenas. J\u00e1, ontem, segundo informa\u00e7\u00f5es recebidas na reda\u00e7\u00e3o, j\u00e1 s\u00e3o 176 casos (30% a mais em apenas 5 &hellip;","og_url":"https:\/\/noticiasdefato.net\/?p=751","og_site_name":"Not\u00edcias de Fato","article_publisher":"https:\/\/fb.com\/noticiasdefato.jornal","article_author":"http:\/\/fb.com\/\/noticiasdefato.jornal","article_published_time":"2024-02-11T17:58:47+00:00","article_modified_time":"2024-02-23T03:21:31+00:00","og_image":[{"width":750,"height":926,"url":"https:\/\/noticiasdefato.net\/wp-content\/uploads\/2024\/02\/foto-falecido.jpg","type":"image\/jpeg"}],"author":"Noticias de Fato","twitter_card":"summary_large_image","twitter_creator":"@https:\/\/twitter.com\/NoticiasDeFato_","twitter_site":"@noticiasdefato_","twitter_misc":{"Escrito por":"Noticias de Fato"},"schema":{"@context":"https:\/\/schema.org","@graph":[{"@type":"Article","@id":"https:\/\/noticiasdefato.net\/?p=751#article","isPartOf":{"@id":"https:\/\/noticiasdefato.net\/?p=751"},"author":{"name":"Noticias de Fato","@id":"https:\/\/noticiasdefato.net\/#\/schema\/person\/982ce60211d95acf059cd702aa260d08"},"headline":"MAIS UMA MORTE POR DENGUE SOB A REGIONAL DE SAUDE DE ALFENAS.","datePublished":"2024-02-11T17:58:47+00:00","dateModified":"2024-02-23T03:21:31+00:00","mainEntityOfPage":{"@id":"https:\/\/noticiasdefato.net\/?p=751"},"wordCount":109,"commentCount":0,"publisher":{"@id":"https:\/\/noticiasdefato.net\/#organization"},"image":{"@id":"https:\/\/noticiasdefato.net\/?p=751#primaryimage"},"thumbnailUrl":"https:\/\/noticiasdefato.net\/wp-content\/uploads\/2024\/02\/foto-falecido.jpg","articleSection":["Sa\u00fade"],"inLanguage":"pt-BR","potentialAction":[{"@type":"CommentAction","name":"Comment","target":["https:\/\/noticiasdefato.net\/?p=751#respond"]}]},{"@type":"WebPage","@id":"https:\/\/noticiasdefato.net\/?p=751","url":"https:\/\/noticiasdefato.net\/?p=751","name":"MAIS UMA MORTE POR DENGUE SOB A REGIONAL DE SAUDE DE ALFENAS. - Not\u00edcias de Fato","isPartOf":{"@id":"https:\/\/noticiasdefato.net\/#website"},"primaryImageOfPage":{"@id":"https:\/\/noticiasdefato.net\/?p=751#primaryimage"},"image":{"@id":"https:\/\/noticiasdefato.net\/?p=751#primaryimage"},"thumbnailUrl":"https:\/\/noticiasdefato.net\/wp-content\/uploads\/2024\/02\/foto-falecido.jpg","datePublished":"2024-02-11T17:58:47+00:00","dateModified":"2024-02-23T03:21:31+00:00","breadcrumb":{"@id":"https:\/\/noticiasdefato.net\/?p=751#breadcrumb"},"inLanguage":"pt-BR","potentialAction":[{"@type":"ReadAction","target":["https:\/\/noticiasdefato.net\/?p=751"]}]},{"@type":"ImageObject","inLanguage":"pt-BR","@id":"https:\/\/noticiasdefato.net\/?p=751#primaryimage","url":"https:\/\/noticiasdefato.net\/wp-content\/uploads\/2024\/02\/foto-falecido.jpg","contentUrl":"https:\/\/noticiasdefato.net\/wp-content\/uploads\/2024\/02\/foto-falecido.jpg","width":750,"height":926},{"@type":"BreadcrumbList","@id":"https:\/\/noticiasdefato.net\/?p=751#breadcrumb","itemListElement":[{"@type":"ListItem","position":1,"name":"In\u00edcio","item":"https:\/\/noticiasdefato.net\/"},{"@type":"ListItem","position":2,"name":"MAIS UMA MORTE POR DENGUE SOB A REGIONAL DE SAUDE DE ALFENAS."}]},{"@type":"WebSite","@id":"https:\/\/noticiasdefato.net\/#website","url":"https:\/\/noticiasdefato.net\/","name":"Not\u00edcias de Fato","description":"Trabalhamos com honestidade, seriedade e com a verdade.","publisher":{"@id":"https:\/\/noticiasdefato.net\/#organization"},"potentialAction":[{"@type":"SearchAction","target":{"@type":"EntryPoint","urlTemplate":"https:\/\/noticiasdefato.net\/?s={search_term_string}"},"query-input":"required name=search_term_string"}],"inLanguage":"pt-BR"},{"@type":"Organization","@id":"https:\/\/noticiasdefato.net\/#organization","name":"Not\u00edcias de Fato","url":"https:\/\/noticiasdefato.net\/","logo":{"@type":"ImageObject","inLanguage":"pt-BR","@id":"https:\/\/noticiasdefato.net\/#\/schema\/logo\/image\/","url":"https:\/\/noticiasdefato.net\/wp-content\/uploads\/2024\/02\/cropped-logo_topo.png","contentUrl":"https:\/\/noticiasdefato.net\/wp-content\/uploads\/2024\/02\/cropped-logo_topo.png","width":1948,"height":665,"caption":"Not\u00edcias de Fato"},"image":{"@id":"https:\/\/noticiasdefato.net\/#\/schema\/logo\/image\/"},"sameAs":["https:\/\/fb.com\/noticiasdefato.jornal","https:\/\/x.com\/noticiasdefato_","https:\/\/instagram.com\/noticiasdefato.jornal","https:\/\/youtube.com\/@JornalNoticiasDeFato"]},{"@type":"Person","@id":"https:\/\/noticiasdefato.net\/#\/schema\/person\/982ce60211d95acf059cd702aa260d08","name":"Noticias de Fato","image":{"@type":"ImageObject","inLanguage":"pt-BR","@id":"https:\/\/noticiasdefato.net\/#\/schema\/person\/image\/","url":"https:\/\/secure.gravatar.com\/avatar\/700227fab2316f0366a1b5d4988d10f847249cf13293450527ac9553c994611a?s=96&d=mm&r=g","contentUrl":"https:\/\/secure.gravatar.com\/avatar\/700227fab2316f0366a1b5d4988d10f847249cf13293450527ac9553c994611a?s=96&d=mm&r=g","caption":"Noticias de Fato"},"sameAs":["https:\/\/noticiasdefato.net","http:\/\/fb.com\/\/noticiasdefato.jornal","https:\/\/x.com\/https:\/\/twitter.com\/NoticiasDeFato_"],"url":"https:\/\/noticiasdefato.net\/?author=1"}]}},"_links":{"self":[{"href":"https:\/\/noticiasdefato.net\/index.php?rest_route=\/wp\/v2\/posts\/751","targetHints":{"allow":["GET"]}}],"collection":[{"href":"https:\/\/noticiasdefato.net\/index.php?rest_route=\/wp\/v2\/posts"}],"about":[{"href":"https:\/\/noticiasdefato.net\/index.php?rest_route=\/wp\/v2\/types\/post"}],"author":[{"embeddable":true,"href":"https:\/\/noticiasdefato.net\/index.php?rest_route=\/wp\/v2\/users\/1"}],"replies":[{"embeddable":true,"href":"https:\/\/noticiasdefato.net\/index.php?rest_route=%2Fwp%2Fv2%2Fcomments&post=751"}],"version-history":[{"count":2,"href":"https:\/\/noticiasdefato.net\/index.php?rest_route=\/wp\/v2\/posts\/751\/revisions"}],"predecessor-version":[{"id":758,"href":"https:\/\/noticiasdefato.net\/index.php?rest_route=\/wp\/v2\/posts\/751\/revisions\/758"}],"wp:featuredmedia":[{"embeddable":true,"href":"https:\/\/noticiasdefato.net\/index.php?rest_route=\/wp\/v2\/media\/752"}],"wp:attachment":[{"href":"https:\/\/noticiasdefato.net\/index.php?rest_route=%2Fwp%2Fv2%2Fmedia&parent=751"}],"wp:term":[{"taxonomy":"category","embeddable":true,"href":"https:\/\/noticiasdefato.net\/index.php?rest_route=%2Fwp%2Fv2%2Fcategories&post=751"},{"taxonomy":"post_tag","embeddable":true,"href":"https:\/\/noticiasdefato.net\/index.php?rest_route=%2Fwp%2Fv2%2Ftags&post=751"}],"curies":[{"name":"wp","href":"https:\/\/api.w.org\/{rel}","templated":true}]}}