{"id":860,"date":"2024-02-20T00:02:23","date_gmt":"2024-02-20T03:02:23","guid":{"rendered":"https:\/\/noticiasdefato.net\/?p=860"},"modified":"2024-02-28T14:43:26","modified_gmt":"2024-02-28T17:43:26","slug":"camara-de-alfenas-afasta-vereador","status":"publish","type":"post","link":"https:\/\/noticiasdefato.net\/?p=860","title":{"rendered":"VEREADOR DO PT \u00c9 AFASTADO POR SUSPEITA DE AGREDIR ESPOSA"},"content":{"rendered":"\n<p>Na reuni\u00e3o ocorrida na C\u00e2mara Municipal de Alfenas, na noite de 19 de fevereiro, estava em pauta o parecer da comiss\u00e3o de \u00e9tica sobre uma suposta agress\u00e3o do vereador Vagner Tarc\u00edsio de Moraes (Guinho do PT) em sua esposa, Camila.<br>O parecer do relator, Braz da m\u00e1quina, foi favor\u00e1vel ao afastamento do vereador Guinho (PT) pelo per\u00edodo de 90 dias. Os demais membros da comiss\u00e3o, vereadores Jaime Daniel e Dunga, acompanharam o relator optando pelo afastamento do vereador Guinho (PT).<br>O parecer da comiss\u00e3o foi colocado em plen\u00e1rio para vota\u00e7\u00e3o, onde os demais vereadores, <strong>por unanimidade<\/strong>, votaram favoravelmente para afastar o vereador Guinho (PT) pelo per\u00edodo de 90 dias. Nem mesmo os seus correligion\u00e1rios de partidos de esquerda, como PDT, PV, PPS e o pr\u00f3prio PT o livraram do afastamento.<\/p>\n\n\n\n<figure class=\"wp-block-image size-full\"><img fetchpriority=\"high\" decoding=\"async\" width=\"741\" height=\"419\" src=\"https:\/\/noticiasdefato.net\/wp-content\/uploads\/2024\/02\/placar.png\" alt=\"\" class=\"wp-image-862\" srcset=\"https:\/\/noticiasdefato.net\/wp-content\/uploads\/2024\/02\/placar.png 741w, https:\/\/noticiasdefato.net\/wp-content\/uploads\/2024\/02\/placar-300x170.png 300w, https:\/\/noticiasdefato.net\/wp-content\/uploads\/2024\/02\/placar-159x90.png 159w\" sizes=\"(max-width: 741px) 100vw, 741px\" \/><\/figure>\n\n\n\n<p>Com o afastamento, o vereador Guinho (PT) ficar\u00e1 tr\u00eas meses sem receber os subs\u00eddios (sal\u00e1rio).<\/p>\n\n\n\n<p>O vereador Guinho (PT) tentou justificar que as suas assessoras estariam sendo prejudicadas pelo seu afastamento, bem como sua filha que cursa odontologia, e \u00e9 ele quem paga o curso, e os seus filhos pequenos, j\u00e1 que ele \u00e9 o provedor da casa. Isso causou uma revolta dos populares que estavam em plen\u00e1rio, e que se manifestaram vaiando o vereador.<\/p>\n\n\n\n<p><strong>POL\u00caMICA<\/strong><br><strong>Ap\u00f3s receber as vaias de populares, o vereador se direcionou para uma das mulheres que estava na plateia vaiando-o e fez agress\u00f5es verbais contra ela, chamando-a de assassina, e dizendo que ela deveria estar presa.<\/strong><\/p>\n\n\n\n<p><strong><br><\/strong>Com essa decis\u00e3o Alfenas passa a ter o primeiro Vereador afastado por uma suposta agress\u00e3o a uma mulher, o que \u00e9 muito grave n\u00e3o somente para imagem da casa legislativa e dos seus vereadores, como tamb\u00e9m para o munic\u00edpio.<br>Apesar do afastamento do vereador ser uma vit\u00f3ria das mulheres, ele ainda seguir\u00e1 o seu mandato at\u00e9 o final ap\u00f3s o per\u00edodo de afastamento.<\/p>\n\n\n\n<p>Vale lembrar que a decis\u00e3o foi tomada baseada em um documento assinado por populares que pedia investiga\u00e7\u00e3o sobre conduta do vereador, documento que foi levado \u00e0 comiss\u00e3o de \u00e9tica.<\/p>\n","protected":false},"excerpt":{"rendered":"<p>Por unanimidade o plen\u00e1rio afastou o vereador Vagner Tarc\u00edsio de Moraes, o Guinho do PT, por 90 dias, por suspeita de agredir esposa <a href=\"https:\/\/noticiasdefato.net\/?p=860\" class=\"more-link\">Continuar lendo <span class=\"screen-reader-text\">VEREADOR DO PT \u00c9 AFASTADO POR SUSPEITA DE AGREDIR ESPOSA<\/span><\/a><\/p>\n","protected":false},"author":1,"featured_media":861,"comment_status":"open","ping_status":"open","sticky":false,"template":"","format":"standard","meta":{"footnotes":""},"categories":[1],"tags":[],"class_list":["post-860","post","type-post","status-publish","format-standard","has-post-thumbnail","hentry","category-geral"],"yoast_head":"<!-- This site is optimized with the Yoast SEO plugin v23.2 - https:\/\/yoast.com\/wordpress\/plugins\/seo\/ -->\n<title>VEREADOR DO PT \u00c9 AFASTADO POR SUSPEITA DE AGREDIR ESPOSA - Not\u00edcias de Fato<\/title>\n<meta name=\"robots\" content=\"index, follow, max-snippet:-1, max-image-preview:large, max-video-preview:-1\" \/>\n<link rel=\"canonical\" href=\"https:\/\/noticiasdefato.net\/?p=860\" \/>\n<meta property=\"og:locale\" content=\"pt_BR\" \/>\n<meta property=\"og:type\" content=\"article\" \/>\n<meta property=\"og:title\" content=\"VEREADOR DO PT \u00c9 AFASTADO POR SUSPEITA DE AGREDIR ESPOSA - Not\u00edcias de Fato\" \/>\n<meta property=\"og:description\" content=\"Por unanimidade o plen\u00e1rio afastou o vereador Vagner Tarc\u00edsio de Moraes, o Guinho do PT, por 90 dias, por suspeita de agredir esposa\" \/>\n<meta property=\"og:url\" content=\"https:\/\/noticiasdefato.net\/?p=860\" \/>\n<meta property=\"og:site_name\" content=\"Not\u00edcias de Fato\" \/>\n<meta property=\"article:publisher\" content=\"https:\/\/fb.com\/noticiasdefato.jornal\" \/>\n<meta property=\"article:author\" content=\"http:\/\/fb.com\/\/noticiasdefato.jornal\" \/>\n<meta property=\"article:published_time\" content=\"2024-02-20T03:02:23+00:00\" \/>\n<meta property=\"article:modified_time\" content=\"2024-02-28T17:43:26+00:00\" \/>\n<meta property=\"og:image\" content=\"https:\/\/noticiasdefato.net\/wp-content\/uploads\/2024\/02\/guinho.png\" \/>\n\t<meta property=\"og:image:width\" content=\"717\" \/>\n\t<meta property=\"og:image:height\" content=\"550\" \/>\n\t<meta property=\"og:image:type\" content=\"image\/png\" \/>\n<meta name=\"author\" content=\"Noticias de Fato\" \/>\n<meta name=\"twitter:card\" content=\"summary_large_image\" \/>\n<meta name=\"twitter:creator\" content=\"@https:\/\/twitter.com\/NoticiasDeFato_\" \/>\n<meta name=\"twitter:site\" content=\"@noticiasdefato_\" \/>\n<meta name=\"twitter:label1\" content=\"Escrito por\" \/>\n\t<meta name=\"twitter:data1\" content=\"Noticias de Fato\" \/>\n\t<meta name=\"twitter:label2\" content=\"Est. tempo de leitura\" \/>\n\t<meta name=\"twitter:data2\" content=\"3 minutos\" \/>\n<script type=\"application\/ld+json\" class=\"yoast-schema-graph\">{\"@context\":\"https:\/\/schema.org\",\"@graph\":[{\"@type\":\"Article\",\"@id\":\"https:\/\/noticiasdefato.net\/?p=860#article\",\"isPartOf\":{\"@id\":\"https:\/\/noticiasdefato.net\/?p=860\"},\"author\":{\"name\":\"Noticias de Fato\",\"@id\":\"https:\/\/noticiasdefato.net\/#\/schema\/person\/982ce60211d95acf059cd702aa260d08\"},\"headline\":\"VEREADOR DO PT \u00c9 AFASTADO POR SUSPEITA DE AGREDIR ESPOSA\",\"datePublished\":\"2024-02-20T03:02:23+00:00\",\"dateModified\":\"2024-02-28T17:43:26+00:00\",\"mainEntityOfPage\":{\"@id\":\"https:\/\/noticiasdefato.net\/?p=860\"},\"wordCount\":368,\"commentCount\":0,\"publisher\":{\"@id\":\"https:\/\/noticiasdefato.net\/#organization\"},\"image\":{\"@id\":\"https:\/\/noticiasdefato.net\/?p=860#primaryimage\"},\"thumbnailUrl\":\"https:\/\/noticiasdefato.net\/wp-content\/uploads\/2024\/02\/guinho.png\",\"articleSection\":[\"Geral\"],\"inLanguage\":\"pt-BR\",\"potentialAction\":[{\"@type\":\"CommentAction\",\"name\":\"Comment\",\"target\":[\"https:\/\/noticiasdefato.net\/?p=860#respond\"]}]},{\"@type\":\"WebPage\",\"@id\":\"https:\/\/noticiasdefato.net\/?p=860\",\"url\":\"https:\/\/noticiasdefato.net\/?p=860\",\"name\":\"VEREADOR DO PT \u00c9 AFASTADO POR SUSPEITA DE AGREDIR ESPOSA - Not\u00edcias de Fato\",\"isPartOf\":{\"@id\":\"https:\/\/noticiasdefato.net\/#website\"},\"primaryImageOfPage\":{\"@id\":\"https:\/\/noticiasdefato.net\/?p=860#primaryimage\"},\"image\":{\"@id\":\"https:\/\/noticiasdefato.net\/?p=860#primaryimage\"},\"thumbnailUrl\":\"https:\/\/noticiasdefato.net\/wp-content\/uploads\/2024\/02\/guinho.png\",\"datePublished\":\"2024-02-20T03:02:23+00:00\",\"dateModified\":\"2024-02-28T17:43:26+00:00\",\"breadcrumb\":{\"@id\":\"https:\/\/noticiasdefato.net\/?p=860#breadcrumb\"},\"inLanguage\":\"pt-BR\",\"potentialAction\":[{\"@type\":\"ReadAction\",\"target\":[\"https:\/\/noticiasdefato.net\/?p=860\"]}]},{\"@type\":\"ImageObject\",\"inLanguage\":\"pt-BR\",\"@id\":\"https:\/\/noticiasdefato.net\/?p=860#primaryimage\",\"url\":\"https:\/\/noticiasdefato.net\/wp-content\/uploads\/2024\/02\/guinho.png\",\"contentUrl\":\"https:\/\/noticiasdefato.net\/wp-content\/uploads\/2024\/02\/guinho.png\",\"width\":717,\"height\":550},{\"@type\":\"BreadcrumbList\",\"@id\":\"https:\/\/noticiasdefato.net\/?p=860#breadcrumb\",\"itemListElement\":[{\"@type\":\"ListItem\",\"position\":1,\"name\":\"In\u00edcio\",\"item\":\"https:\/\/noticiasdefato.net\/\"},{\"@type\":\"ListItem\",\"position\":2,\"name\":\"VEREADOR DO PT \u00c9 AFASTADO POR SUSPEITA DE AGREDIR ESPOSA\"}]},{\"@type\":\"WebSite\",\"@id\":\"https:\/\/noticiasdefato.net\/#website\",\"url\":\"https:\/\/noticiasdefato.net\/\",\"name\":\"Not\u00edcias de Fato\",\"description\":\"Trabalhamos com honestidade, seriedade e com a verdade.\",\"publisher\":{\"@id\":\"https:\/\/noticiasdefato.net\/#organization\"},\"potentialAction\":[{\"@type\":\"SearchAction\",\"target\":{\"@type\":\"EntryPoint\",\"urlTemplate\":\"https:\/\/noticiasdefato.net\/?s={search_term_string}\"},\"query-input\":\"required name=search_term_string\"}],\"inLanguage\":\"pt-BR\"},{\"@type\":\"Organization\",\"@id\":\"https:\/\/noticiasdefato.net\/#organization\",\"name\":\"Not\u00edcias de Fato\",\"url\":\"https:\/\/noticiasdefato.net\/\",\"logo\":{\"@type\":\"ImageObject\",\"inLanguage\":\"pt-BR\",\"@id\":\"https:\/\/noticiasdefato.net\/#\/schema\/logo\/image\/\",\"url\":\"https:\/\/noticiasdefato.net\/wp-content\/uploads\/2024\/02\/cropped-logo_topo.png\",\"contentUrl\":\"https:\/\/noticiasdefato.net\/wp-content\/uploads\/2024\/02\/cropped-logo_topo.png\",\"width\":1948,\"height\":665,\"caption\":\"Not\u00edcias de Fato\"},\"image\":{\"@id\":\"https:\/\/noticiasdefato.net\/#\/schema\/logo\/image\/\"},\"sameAs\":[\"https:\/\/fb.com\/noticiasdefato.jornal\",\"https:\/\/x.com\/noticiasdefato_\",\"https:\/\/instagram.com\/noticiasdefato.jornal\",\"https:\/\/youtube.com\/@JornalNoticiasDeFato\"]},{\"@type\":\"Person\",\"@id\":\"https:\/\/noticiasdefato.net\/#\/schema\/person\/982ce60211d95acf059cd702aa260d08\",\"name\":\"Noticias de Fato\",\"image\":{\"@type\":\"ImageObject\",\"inLanguage\":\"pt-BR\",\"@id\":\"https:\/\/noticiasdefato.net\/#\/schema\/person\/image\/\",\"url\":\"https:\/\/secure.gravatar.com\/avatar\/700227fab2316f0366a1b5d4988d10f847249cf13293450527ac9553c994611a?s=96&d=mm&r=g\",\"contentUrl\":\"https:\/\/secure.gravatar.com\/avatar\/700227fab2316f0366a1b5d4988d10f847249cf13293450527ac9553c994611a?s=96&d=mm&r=g\",\"caption\":\"Noticias de Fato\"},\"sameAs\":[\"https:\/\/noticiasdefato.net\",\"http:\/\/fb.com\/\/noticiasdefato.jornal\",\"https:\/\/x.com\/https:\/\/twitter.com\/NoticiasDeFato_\"],\"url\":\"https:\/\/noticiasdefato.net\/?author=1\"}]}<\/script>\n<!-- \/ Yoast SEO plugin. -->","yoast_head_json":{"title":"VEREADOR DO PT \u00c9 AFASTADO POR SUSPEITA DE AGREDIR ESPOSA - Not\u00edcias de Fato","robots":{"index":"index","follow":"follow","max-snippet":"max-snippet:-1","max-image-preview":"max-image-preview:large","max-video-preview":"max-video-preview:-1"},"canonical":"https:\/\/noticiasdefato.net\/?p=860","og_locale":"pt_BR","og_type":"article","og_title":"VEREADOR DO PT \u00c9 AFASTADO POR SUSPEITA DE AGREDIR ESPOSA - Not\u00edcias de Fato","og_description":"Por unanimidade o plen\u00e1rio afastou o vereador Vagner Tarc\u00edsio de Moraes, o Guinho do PT, por 90 dias, por suspeita de agredir esposa","og_url":"https:\/\/noticiasdefato.net\/?p=860","og_site_name":"Not\u00edcias de Fato","article_publisher":"https:\/\/fb.com\/noticiasdefato.jornal","article_author":"http:\/\/fb.com\/\/noticiasdefato.jornal","article_published_time":"2024-02-20T03:02:23+00:00","article_modified_time":"2024-02-28T17:43:26+00:00","og_image":[{"width":717,"height":550,"url":"https:\/\/noticiasdefato.net\/wp-content\/uploads\/2024\/02\/guinho.png","type":"image\/png"}],"author":"Noticias de Fato","twitter_card":"summary_large_image","twitter_creator":"@https:\/\/twitter.com\/NoticiasDeFato_","twitter_site":"@noticiasdefato_","twitter_misc":{"Escrito por":"Noticias de Fato","Est. tempo de leitura":"3 minutos"},"schema":{"@context":"https:\/\/schema.org","@graph":[{"@type":"Article","@id":"https:\/\/noticiasdefato.net\/?p=860#article","isPartOf":{"@id":"https:\/\/noticiasdefato.net\/?p=860"},"author":{"name":"Noticias de Fato","@id":"https:\/\/noticiasdefato.net\/#\/schema\/person\/982ce60211d95acf059cd702aa260d08"},"headline":"VEREADOR DO PT \u00c9 AFASTADO POR SUSPEITA DE AGREDIR ESPOSA","datePublished":"2024-02-20T03:02:23+00:00","dateModified":"2024-02-28T17:43:26+00:00","mainEntityOfPage":{"@id":"https:\/\/noticiasdefato.net\/?p=860"},"wordCount":368,"commentCount":0,"publisher":{"@id":"https:\/\/noticiasdefato.net\/#organization"},"image":{"@id":"https:\/\/noticiasdefato.net\/?p=860#primaryimage"},"thumbnailUrl":"https:\/\/noticiasdefato.net\/wp-content\/uploads\/2024\/02\/guinho.png","articleSection":["Geral"],"inLanguage":"pt-BR","potentialAction":[{"@type":"CommentAction","name":"Comment","target":["https:\/\/noticiasdefato.net\/?p=860#respond"]}]},{"@type":"WebPage","@id":"https:\/\/noticiasdefato.net\/?p=860","url":"https:\/\/noticiasdefato.net\/?p=860","name":"VEREADOR DO PT \u00c9 AFASTADO POR SUSPEITA DE AGREDIR ESPOSA - Not\u00edcias de Fato","isPartOf":{"@id":"https:\/\/noticiasdefato.net\/#website"},"primaryImageOfPage":{"@id":"https:\/\/noticiasdefato.net\/?p=860#primaryimage"},"image":{"@id":"https:\/\/noticiasdefato.net\/?p=860#primaryimage"},"thumbnailUrl":"https:\/\/noticiasdefato.net\/wp-content\/uploads\/2024\/02\/guinho.png","datePublished":"2024-02-20T03:02:23+00:00","dateModified":"2024-02-28T17:43:26+00:00","breadcrumb":{"@id":"https:\/\/noticiasdefato.net\/?p=860#breadcrumb"},"inLanguage":"pt-BR","potentialAction":[{"@type":"ReadAction","target":["https:\/\/noticiasdefato.net\/?p=860"]}]},{"@type":"ImageObject","inLanguage":"pt-BR","@id":"https:\/\/noticiasdefato.net\/?p=860#primaryimage","url":"https:\/\/noticiasdefato.net\/wp-content\/uploads\/2024\/02\/guinho.png","contentUrl":"https:\/\/noticiasdefato.net\/wp-content\/uploads\/2024\/02\/guinho.png","width":717,"height":550},{"@type":"BreadcrumbList","@id":"https:\/\/noticiasdefato.net\/?p=860#breadcrumb","itemListElement":[{"@type":"ListItem","position":1,"name":"In\u00edcio","item":"https:\/\/noticiasdefato.net\/"},{"@type":"ListItem","position":2,"name":"VEREADOR DO PT \u00c9 AFASTADO POR SUSPEITA DE AGREDIR ESPOSA"}]},{"@type":"WebSite","@id":"https:\/\/noticiasdefato.net\/#website","url":"https:\/\/noticiasdefato.net\/","name":"Not\u00edcias de Fato","description":"Trabalhamos com honestidade, seriedade e com a verdade.","publisher":{"@id":"https:\/\/noticiasdefato.net\/#organization"},"potentialAction":[{"@type":"SearchAction","target":{"@type":"EntryPoint","urlTemplate":"https:\/\/noticiasdefato.net\/?s={search_term_string}"},"query-input":"required name=search_term_string"}],"inLanguage":"pt-BR"},{"@type":"Organization","@id":"https:\/\/noticiasdefato.net\/#organization","name":"Not\u00edcias de Fato","url":"https:\/\/noticiasdefato.net\/","logo":{"@type":"ImageObject","inLanguage":"pt-BR","@id":"https:\/\/noticiasdefato.net\/#\/schema\/logo\/image\/","url":"https:\/\/noticiasdefato.net\/wp-content\/uploads\/2024\/02\/cropped-logo_topo.png","contentUrl":"https:\/\/noticiasdefato.net\/wp-content\/uploads\/2024\/02\/cropped-logo_topo.png","width":1948,"height":665,"caption":"Not\u00edcias de Fato"},"image":{"@id":"https:\/\/noticiasdefato.net\/#\/schema\/logo\/image\/"},"sameAs":["https:\/\/fb.com\/noticiasdefato.jornal","https:\/\/x.com\/noticiasdefato_","https:\/\/instagram.com\/noticiasdefato.jornal","https:\/\/youtube.com\/@JornalNoticiasDeFato"]},{"@type":"Person","@id":"https:\/\/noticiasdefato.net\/#\/schema\/person\/982ce60211d95acf059cd702aa260d08","name":"Noticias de Fato","image":{"@type":"ImageObject","inLanguage":"pt-BR","@id":"https:\/\/noticiasdefato.net\/#\/schema\/person\/image\/","url":"https:\/\/secure.gravatar.com\/avatar\/700227fab2316f0366a1b5d4988d10f847249cf13293450527ac9553c994611a?s=96&d=mm&r=g","contentUrl":"https:\/\/secure.gravatar.com\/avatar\/700227fab2316f0366a1b5d4988d10f847249cf13293450527ac9553c994611a?s=96&d=mm&r=g","caption":"Noticias de Fato"},"sameAs":["https:\/\/noticiasdefato.net","http:\/\/fb.com\/\/noticiasdefato.jornal","https:\/\/x.com\/https:\/\/twitter.com\/NoticiasDeFato_"],"url":"https:\/\/noticiasdefato.net\/?author=1"}]}},"_links":{"self":[{"href":"https:\/\/noticiasdefato.net\/index.php?rest_route=\/wp\/v2\/posts\/860","targetHints":{"allow":["GET"]}}],"collection":[{"href":"https:\/\/noticiasdefato.net\/index.php?rest_route=\/wp\/v2\/posts"}],"about":[{"href":"https:\/\/noticiasdefato.net\/index.php?rest_route=\/wp\/v2\/types\/post"}],"author":[{"embeddable":true,"href":"https:\/\/noticiasdefato.net\/index.php?rest_route=\/wp\/v2\/users\/1"}],"replies":[{"embeddable":true,"href":"https:\/\/noticiasdefato.net\/index.php?rest_route=%2Fwp%2Fv2%2Fcomments&post=860"}],"version-history":[{"count":6,"href":"https:\/\/noticiasdefato.net\/index.php?rest_route=\/wp\/v2\/posts\/860\/revisions"}],"predecessor-version":[{"id":869,"href":"https:\/\/noticiasdefato.net\/index.php?rest_route=\/wp\/v2\/posts\/860\/revisions\/869"}],"wp:featuredmedia":[{"embeddable":true,"href":"https:\/\/noticiasdefato.net\/index.php?rest_route=\/wp\/v2\/media\/861"}],"wp:attachment":[{"href":"https:\/\/noticiasdefato.net\/index.php?rest_route=%2Fwp%2Fv2%2Fmedia&parent=860"}],"wp:term":[{"taxonomy":"category","embeddable":true,"href":"https:\/\/noticiasdefato.net\/index.php?rest_route=%2Fwp%2Fv2%2Fcategories&post=860"},{"taxonomy":"post_tag","embeddable":true,"href":"https:\/\/noticiasdefato.net\/index.php?rest_route=%2Fwp%2Fv2%2Ftags&post=860"}],"curies":[{"name":"wp","href":"https:\/\/api.w.org\/{rel}","templated":true}]}}