{"id":910,"date":"2024-02-27T20:47:26","date_gmt":"2024-02-27T23:47:26","guid":{"rendered":"https:\/\/noticiasdefato.net\/?p=910"},"modified":"2024-06-27T12:08:03","modified_gmt":"2024-06-27T15:08:03","slug":"vem-ai-a-1a-corrida-da-policia-militar-alfenas","status":"publish","type":"post","link":"https:\/\/noticiasdefato.net\/?p=910","title":{"rendered":"VEM A\u00cd A 1\u00aa CORRIDA DA POLICIA MILITAR ALFENAS"},"content":{"rendered":"\n<p>O <strong>64\u00ba Batalh\u00e3o de Pol\u00edcia Militar de Alfenas<\/strong> avisa que ser\u00e1 realizada a <strong>I CORRIDA DA POL\u00cdCIA MILITAR DE ALFENAS<\/strong>, no dia <strong>21 de abril<\/strong>. Ser\u00e1 um evento esportivo de corrida de rua, 5 Km e 10 km, nas modalidades feminino e masculino.<\/p>\n\n\n\n<p>As inscri\u00e7\u00f5es se encerram no dia 12 de abril.<\/p>\n\n\n\n<p><strong>LOCAL DE INSCRI\u00c7\u00c3O:<\/strong> Site da Asseemg Eventos<br><em>www.asseemgeventos.com.br<\/em><\/p>\n\n\n\n<ul class=\"wp-block-list\">\n<li>Todos os inscritos receber\u00e3o medalha personalizada do evento.<\/li>\n\n\n\n<li>No dia do evento, n\u00e3o ser\u00e3o realizadas inscri\u00e7\u00f5es<\/li>\n<\/ul>\n\n\n\n<p><strong>O EVENTO<\/strong><br>A CORRIDA DA POL\u00cdCIA MILITAR DE ALFENAS\/MG ser\u00e1 disputado no dia 21 de ABRIL DE 2024, com largada a partir das 08:00 horas, no local \u00e0 ser determinado.<\/p>\n\n\n\n<p><strong>PREMIA\u00c7\u00c3O GERAL<\/strong> em trof\u00e9us para os 05 (cincos) primeiros colocados nos 10 km e nos 5 km, para os dois g\u00eaneros (masculino e feminino).<br><strong>PREMIA\u00c7\u00c3O CATEGORIAS<\/strong> em trof\u00e9us para os 3 (tr\u00eas) primeiros das subcategorias da Corrida de Rua 5 km e 10 km, tanto masculino como feminino.<br><strong>PREMIA\u00c7\u00c3O EQUIPES<\/strong> em trof\u00e9us para as 03 (tr\u00eas) que inscreverem mais atletas.<br><\/p>\n\n\n\n<p>Ser\u00e1 considerado a idade do atleta at\u00e9 o dia 31\/12\/2023 para a defini\u00e7\u00e3o das categorias.<\/p>\n\n\n\n<p><br><strong>CATEGORIAS:<\/strong><br>Masculino \/ Feminino (05 KM E 10 KM)<br>De 14 \u00e0 19 anos<br>De 20 \u00e0 24 anos<br>De 25 \u00e0 29 anos<br>De 30 \u00e0 34 anos<br>De 35 \u00e0 39 anos<br>De 40 \u00e0 44 anos<br>De 45 \u00e0 49 anos<br>De 50 \u00e0 54 anos<br>De 55 \u00e0 59 anos<br>De 60 \u00e0 64 anos<br>De 65 \u00e0 69 anos<br>Acima de 70 anos<\/p>\n\n\n\n<p><strong>Kids:<\/strong><br>02 \u00e0 05 anos \u2013 50 metros<br>06 \u00e0 08 anos \u2013 200 metros<br>09 \u00e0 11 anos \u2013 800 metros<br>12 \u00e0 15 anos \u2013 1000 metros<\/p>\n\n\n\n<p><strong>INSCRI\u00c7\u00d5ES E TRANSFER\u00caNCIAS<\/strong><br>&#8211; A prova \u00e9 indicada para atletas amadores e profissionais.<br>&#8211; As inscri\u00e7\u00f5es para o Atletas ser\u00e3o realizadas mediante preenchimento de formul\u00e1rio online<br>dispon\u00edvel no site (<em>https:\/\/www.asseemgeventos.com.br<\/em>). O atleta dever\u00e1 preencher<br>corretamente o formul\u00e1rio com seus dados pessoais, devendo se atentar para n\u00e3o cometer<br>erros e preencher todos os campos.<br>&#8211; Ap\u00f3s o preenchimento do formul\u00e1rio, o atleta realizar\u00e1 o pagamento via boleto ou por pix<br>(gerados automaticamente pelo sistema).<br>&#8211; A inscri\u00e7\u00e3o do atleta somente estar\u00e1 confirmada ap\u00f3s o processamento do pagamento pelo<br>banco, na op\u00e7\u00e3o de boleto banc\u00e1rio, demoram at\u00e9 02 dias \u00fateis para compensa\u00e7\u00e3o.<br>&#8211; O atleta receber\u00e1 um e-mail de confirma\u00e7\u00e3o da inscri\u00e7\u00e3o, VERIFICAR O lixo eletr\u00f4nico<br>ou caixa de spam.<br>&#8211; O atleta dever\u00e1 conferir a lista de inscritos dispon\u00edvel no site quarta-feira anterior a data da<br>corrida (<em>www.asseemgeventos.com.br<\/em>) para confirmar, caso haja qualquer problema, fazer<br>contato pelo e-mail asseemg@hotmail.com at\u00e9 a quinta-feira anterior ao evento, data limite.<\/p>\n","protected":false},"excerpt":{"rendered":"<p>Inscri\u00e7\u00f5es at\u00e9 o dia 12 de abril.  <a href=\"https:\/\/noticiasdefato.net\/?p=910\" class=\"more-link\">Continuar lendo <span class=\"screen-reader-text\">VEM A\u00cd A 1\u00aa CORRIDA DA POLICIA MILITAR ALFENAS<\/span><\/a><\/p>\n","protected":false},"author":1,"featured_media":911,"comment_status":"open","ping_status":"open","sticky":false,"template":"","format":"standard","meta":{"footnotes":""},"categories":[25],"tags":[],"class_list":["post-910","post","type-post","status-publish","format-standard","has-post-thumbnail","hentry","category-policial"],"yoast_head":"<!-- This site is optimized with the Yoast SEO plugin v23.2 - https:\/\/yoast.com\/wordpress\/plugins\/seo\/ -->\n<title>VEM A\u00cd A 1\u00aa CORRIDA DA POLICIA MILITAR ALFENAS - Not\u00edcias de Fato<\/title>\n<meta name=\"robots\" content=\"index, follow, max-snippet:-1, max-image-preview:large, max-video-preview:-1\" \/>\n<link rel=\"canonical\" href=\"https:\/\/noticiasdefato.net\/?p=910\" \/>\n<meta property=\"og:locale\" content=\"pt_BR\" \/>\n<meta property=\"og:type\" content=\"article\" \/>\n<meta property=\"og:title\" content=\"VEM A\u00cd A 1\u00aa CORRIDA DA POLICIA MILITAR ALFENAS - Not\u00edcias de Fato\" \/>\n<meta property=\"og:description\" content=\"Inscri\u00e7\u00f5es at\u00e9 o dia 12 de abril.\" \/>\n<meta property=\"og:url\" content=\"https:\/\/noticiasdefato.net\/?p=910\" \/>\n<meta property=\"og:site_name\" content=\"Not\u00edcias de Fato\" \/>\n<meta property=\"article:publisher\" content=\"https:\/\/fb.com\/noticiasdefato.jornal\" \/>\n<meta property=\"article:author\" content=\"http:\/\/fb.com\/\/noticiasdefato.jornal\" \/>\n<meta property=\"article:published_time\" content=\"2024-02-27T23:47:26+00:00\" \/>\n<meta property=\"article:modified_time\" content=\"2024-06-27T15:08:03+00:00\" \/>\n<meta property=\"og:image\" content=\"https:\/\/noticiasdefato.net\/wp-content\/uploads\/2024\/02\/WhatsApp-Image-2024-02-27-at-20.28.34.jpeg\" \/>\n\t<meta property=\"og:image:width\" content=\"1080\" \/>\n\t<meta property=\"og:image:height\" content=\"1080\" \/>\n\t<meta property=\"og:image:type\" content=\"image\/jpeg\" \/>\n<meta name=\"author\" content=\"Noticias de Fato\" \/>\n<meta name=\"twitter:card\" content=\"summary_large_image\" \/>\n<meta name=\"twitter:creator\" content=\"@https:\/\/twitter.com\/NoticiasDeFato_\" \/>\n<meta name=\"twitter:site\" content=\"@noticiasdefato_\" \/>\n<meta name=\"twitter:label1\" content=\"Escrito por\" \/>\n\t<meta name=\"twitter:data1\" content=\"Noticias de Fato\" \/>\n\t<meta name=\"twitter:label2\" content=\"Est. tempo de leitura\" \/>\n\t<meta name=\"twitter:data2\" content=\"3 minutos\" \/>\n<script type=\"application\/ld+json\" class=\"yoast-schema-graph\">{\"@context\":\"https:\/\/schema.org\",\"@graph\":[{\"@type\":\"Article\",\"@id\":\"https:\/\/noticiasdefato.net\/?p=910#article\",\"isPartOf\":{\"@id\":\"https:\/\/noticiasdefato.net\/?p=910\"},\"author\":{\"name\":\"Noticias de Fato\",\"@id\":\"https:\/\/noticiasdefato.net\/#\/schema\/person\/982ce60211d95acf059cd702aa260d08\"},\"headline\":\"VEM A\u00cd A 1\u00aa CORRIDA DA POLICIA MILITAR ALFENAS\",\"datePublished\":\"2024-02-27T23:47:26+00:00\",\"dateModified\":\"2024-06-27T15:08:03+00:00\",\"mainEntityOfPage\":{\"@id\":\"https:\/\/noticiasdefato.net\/?p=910\"},\"wordCount\":400,\"commentCount\":0,\"publisher\":{\"@id\":\"https:\/\/noticiasdefato.net\/#organization\"},\"image\":{\"@id\":\"https:\/\/noticiasdefato.net\/?p=910#primaryimage\"},\"thumbnailUrl\":\"https:\/\/noticiasdefato.net\/wp-content\/uploads\/2024\/02\/WhatsApp-Image-2024-02-27-at-20.28.34.jpeg\",\"articleSection\":[\"Policial\"],\"inLanguage\":\"pt-BR\",\"potentialAction\":[{\"@type\":\"CommentAction\",\"name\":\"Comment\",\"target\":[\"https:\/\/noticiasdefato.net\/?p=910#respond\"]}]},{\"@type\":\"WebPage\",\"@id\":\"https:\/\/noticiasdefato.net\/?p=910\",\"url\":\"https:\/\/noticiasdefato.net\/?p=910\",\"name\":\"VEM A\u00cd A 1\u00aa CORRIDA DA POLICIA MILITAR ALFENAS - Not\u00edcias de Fato\",\"isPartOf\":{\"@id\":\"https:\/\/noticiasdefato.net\/#website\"},\"primaryImageOfPage\":{\"@id\":\"https:\/\/noticiasdefato.net\/?p=910#primaryimage\"},\"image\":{\"@id\":\"https:\/\/noticiasdefato.net\/?p=910#primaryimage\"},\"thumbnailUrl\":\"https:\/\/noticiasdefato.net\/wp-content\/uploads\/2024\/02\/WhatsApp-Image-2024-02-27-at-20.28.34.jpeg\",\"datePublished\":\"2024-02-27T23:47:26+00:00\",\"dateModified\":\"2024-06-27T15:08:03+00:00\",\"breadcrumb\":{\"@id\":\"https:\/\/noticiasdefato.net\/?p=910#breadcrumb\"},\"inLanguage\":\"pt-BR\",\"potentialAction\":[{\"@type\":\"ReadAction\",\"target\":[\"https:\/\/noticiasdefato.net\/?p=910\"]}]},{\"@type\":\"ImageObject\",\"inLanguage\":\"pt-BR\",\"@id\":\"https:\/\/noticiasdefato.net\/?p=910#primaryimage\",\"url\":\"https:\/\/noticiasdefato.net\/wp-content\/uploads\/2024\/02\/WhatsApp-Image-2024-02-27-at-20.28.34.jpeg\",\"contentUrl\":\"https:\/\/noticiasdefato.net\/wp-content\/uploads\/2024\/02\/WhatsApp-Image-2024-02-27-at-20.28.34.jpeg\",\"width\":1080,\"height\":1080},{\"@type\":\"BreadcrumbList\",\"@id\":\"https:\/\/noticiasdefato.net\/?p=910#breadcrumb\",\"itemListElement\":[{\"@type\":\"ListItem\",\"position\":1,\"name\":\"In\u00edcio\",\"item\":\"https:\/\/noticiasdefato.net\/\"},{\"@type\":\"ListItem\",\"position\":2,\"name\":\"VEM A\u00cd A 1\u00aa CORRIDA DA POLICIA MILITAR ALFENAS\"}]},{\"@type\":\"WebSite\",\"@id\":\"https:\/\/noticiasdefato.net\/#website\",\"url\":\"https:\/\/noticiasdefato.net\/\",\"name\":\"Not\u00edcias de Fato\",\"description\":\"Trabalhamos com honestidade, seriedade e com a verdade.\",\"publisher\":{\"@id\":\"https:\/\/noticiasdefato.net\/#organization\"},\"potentialAction\":[{\"@type\":\"SearchAction\",\"target\":{\"@type\":\"EntryPoint\",\"urlTemplate\":\"https:\/\/noticiasdefato.net\/?s={search_term_string}\"},\"query-input\":\"required name=search_term_string\"}],\"inLanguage\":\"pt-BR\"},{\"@type\":\"Organization\",\"@id\":\"https:\/\/noticiasdefato.net\/#organization\",\"name\":\"Not\u00edcias de Fato\",\"url\":\"https:\/\/noticiasdefato.net\/\",\"logo\":{\"@type\":\"ImageObject\",\"inLanguage\":\"pt-BR\",\"@id\":\"https:\/\/noticiasdefato.net\/#\/schema\/logo\/image\/\",\"url\":\"https:\/\/noticiasdefato.net\/wp-content\/uploads\/2024\/02\/cropped-logo_topo.png\",\"contentUrl\":\"https:\/\/noticiasdefato.net\/wp-content\/uploads\/2024\/02\/cropped-logo_topo.png\",\"width\":1948,\"height\":665,\"caption\":\"Not\u00edcias de Fato\"},\"image\":{\"@id\":\"https:\/\/noticiasdefato.net\/#\/schema\/logo\/image\/\"},\"sameAs\":[\"https:\/\/fb.com\/noticiasdefato.jornal\",\"https:\/\/x.com\/noticiasdefato_\",\"https:\/\/instagram.com\/noticiasdefato.jornal\",\"https:\/\/youtube.com\/@JornalNoticiasDeFato\"]},{\"@type\":\"Person\",\"@id\":\"https:\/\/noticiasdefato.net\/#\/schema\/person\/982ce60211d95acf059cd702aa260d08\",\"name\":\"Noticias de Fato\",\"image\":{\"@type\":\"ImageObject\",\"inLanguage\":\"pt-BR\",\"@id\":\"https:\/\/noticiasdefato.net\/#\/schema\/person\/image\/\",\"url\":\"https:\/\/secure.gravatar.com\/avatar\/700227fab2316f0366a1b5d4988d10f847249cf13293450527ac9553c994611a?s=96&d=mm&r=g\",\"contentUrl\":\"https:\/\/secure.gravatar.com\/avatar\/700227fab2316f0366a1b5d4988d10f847249cf13293450527ac9553c994611a?s=96&d=mm&r=g\",\"caption\":\"Noticias de Fato\"},\"sameAs\":[\"https:\/\/noticiasdefato.net\",\"http:\/\/fb.com\/\/noticiasdefato.jornal\",\"https:\/\/x.com\/https:\/\/twitter.com\/NoticiasDeFato_\"],\"url\":\"https:\/\/noticiasdefato.net\/?author=1\"}]}<\/script>\n<!-- \/ Yoast SEO plugin. -->","yoast_head_json":{"title":"VEM A\u00cd A 1\u00aa CORRIDA DA POLICIA MILITAR ALFENAS - Not\u00edcias de Fato","robots":{"index":"index","follow":"follow","max-snippet":"max-snippet:-1","max-image-preview":"max-image-preview:large","max-video-preview":"max-video-preview:-1"},"canonical":"https:\/\/noticiasdefato.net\/?p=910","og_locale":"pt_BR","og_type":"article","og_title":"VEM A\u00cd A 1\u00aa CORRIDA DA POLICIA MILITAR ALFENAS - Not\u00edcias de Fato","og_description":"Inscri\u00e7\u00f5es at\u00e9 o dia 12 de abril.","og_url":"https:\/\/noticiasdefato.net\/?p=910","og_site_name":"Not\u00edcias de Fato","article_publisher":"https:\/\/fb.com\/noticiasdefato.jornal","article_author":"http:\/\/fb.com\/\/noticiasdefato.jornal","article_published_time":"2024-02-27T23:47:26+00:00","article_modified_time":"2024-06-27T15:08:03+00:00","og_image":[{"width":1080,"height":1080,"url":"https:\/\/noticiasdefato.net\/wp-content\/uploads\/2024\/02\/WhatsApp-Image-2024-02-27-at-20.28.34.jpeg","type":"image\/jpeg"}],"author":"Noticias de Fato","twitter_card":"summary_large_image","twitter_creator":"@https:\/\/twitter.com\/NoticiasDeFato_","twitter_site":"@noticiasdefato_","twitter_misc":{"Escrito por":"Noticias de Fato","Est. tempo de leitura":"3 minutos"},"schema":{"@context":"https:\/\/schema.org","@graph":[{"@type":"Article","@id":"https:\/\/noticiasdefato.net\/?p=910#article","isPartOf":{"@id":"https:\/\/noticiasdefato.net\/?p=910"},"author":{"name":"Noticias de Fato","@id":"https:\/\/noticiasdefato.net\/#\/schema\/person\/982ce60211d95acf059cd702aa260d08"},"headline":"VEM A\u00cd A 1\u00aa CORRIDA DA POLICIA MILITAR ALFENAS","datePublished":"2024-02-27T23:47:26+00:00","dateModified":"2024-06-27T15:08:03+00:00","mainEntityOfPage":{"@id":"https:\/\/noticiasdefato.net\/?p=910"},"wordCount":400,"commentCount":0,"publisher":{"@id":"https:\/\/noticiasdefato.net\/#organization"},"image":{"@id":"https:\/\/noticiasdefato.net\/?p=910#primaryimage"},"thumbnailUrl":"https:\/\/noticiasdefato.net\/wp-content\/uploads\/2024\/02\/WhatsApp-Image-2024-02-27-at-20.28.34.jpeg","articleSection":["Policial"],"inLanguage":"pt-BR","potentialAction":[{"@type":"CommentAction","name":"Comment","target":["https:\/\/noticiasdefato.net\/?p=910#respond"]}]},{"@type":"WebPage","@id":"https:\/\/noticiasdefato.net\/?p=910","url":"https:\/\/noticiasdefato.net\/?p=910","name":"VEM A\u00cd A 1\u00aa CORRIDA DA POLICIA MILITAR ALFENAS - Not\u00edcias de Fato","isPartOf":{"@id":"https:\/\/noticiasdefato.net\/#website"},"primaryImageOfPage":{"@id":"https:\/\/noticiasdefato.net\/?p=910#primaryimage"},"image":{"@id":"https:\/\/noticiasdefato.net\/?p=910#primaryimage"},"thumbnailUrl":"https:\/\/noticiasdefato.net\/wp-content\/uploads\/2024\/02\/WhatsApp-Image-2024-02-27-at-20.28.34.jpeg","datePublished":"2024-02-27T23:47:26+00:00","dateModified":"2024-06-27T15:08:03+00:00","breadcrumb":{"@id":"https:\/\/noticiasdefato.net\/?p=910#breadcrumb"},"inLanguage":"pt-BR","potentialAction":[{"@type":"ReadAction","target":["https:\/\/noticiasdefato.net\/?p=910"]}]},{"@type":"ImageObject","inLanguage":"pt-BR","@id":"https:\/\/noticiasdefato.net\/?p=910#primaryimage","url":"https:\/\/noticiasdefato.net\/wp-content\/uploads\/2024\/02\/WhatsApp-Image-2024-02-27-at-20.28.34.jpeg","contentUrl":"https:\/\/noticiasdefato.net\/wp-content\/uploads\/2024\/02\/WhatsApp-Image-2024-02-27-at-20.28.34.jpeg","width":1080,"height":1080},{"@type":"BreadcrumbList","@id":"https:\/\/noticiasdefato.net\/?p=910#breadcrumb","itemListElement":[{"@type":"ListItem","position":1,"name":"In\u00edcio","item":"https:\/\/noticiasdefato.net\/"},{"@type":"ListItem","position":2,"name":"VEM A\u00cd A 1\u00aa CORRIDA DA POLICIA MILITAR ALFENAS"}]},{"@type":"WebSite","@id":"https:\/\/noticiasdefato.net\/#website","url":"https:\/\/noticiasdefato.net\/","name":"Not\u00edcias de Fato","description":"Trabalhamos com honestidade, seriedade e com a verdade.","publisher":{"@id":"https:\/\/noticiasdefato.net\/#organization"},"potentialAction":[{"@type":"SearchAction","target":{"@type":"EntryPoint","urlTemplate":"https:\/\/noticiasdefato.net\/?s={search_term_string}"},"query-input":"required name=search_term_string"}],"inLanguage":"pt-BR"},{"@type":"Organization","@id":"https:\/\/noticiasdefato.net\/#organization","name":"Not\u00edcias de Fato","url":"https:\/\/noticiasdefato.net\/","logo":{"@type":"ImageObject","inLanguage":"pt-BR","@id":"https:\/\/noticiasdefato.net\/#\/schema\/logo\/image\/","url":"https:\/\/noticiasdefato.net\/wp-content\/uploads\/2024\/02\/cropped-logo_topo.png","contentUrl":"https:\/\/noticiasdefato.net\/wp-content\/uploads\/2024\/02\/cropped-logo_topo.png","width":1948,"height":665,"caption":"Not\u00edcias de Fato"},"image":{"@id":"https:\/\/noticiasdefato.net\/#\/schema\/logo\/image\/"},"sameAs":["https:\/\/fb.com\/noticiasdefato.jornal","https:\/\/x.com\/noticiasdefato_","https:\/\/instagram.com\/noticiasdefato.jornal","https:\/\/youtube.com\/@JornalNoticiasDeFato"]},{"@type":"Person","@id":"https:\/\/noticiasdefato.net\/#\/schema\/person\/982ce60211d95acf059cd702aa260d08","name":"Noticias de Fato","image":{"@type":"ImageObject","inLanguage":"pt-BR","@id":"https:\/\/noticiasdefato.net\/#\/schema\/person\/image\/","url":"https:\/\/secure.gravatar.com\/avatar\/700227fab2316f0366a1b5d4988d10f847249cf13293450527ac9553c994611a?s=96&d=mm&r=g","contentUrl":"https:\/\/secure.gravatar.com\/avatar\/700227fab2316f0366a1b5d4988d10f847249cf13293450527ac9553c994611a?s=96&d=mm&r=g","caption":"Noticias de Fato"},"sameAs":["https:\/\/noticiasdefato.net","http:\/\/fb.com\/\/noticiasdefato.jornal","https:\/\/x.com\/https:\/\/twitter.com\/NoticiasDeFato_"],"url":"https:\/\/noticiasdefato.net\/?author=1"}]}},"_links":{"self":[{"href":"https:\/\/noticiasdefato.net\/index.php?rest_route=\/wp\/v2\/posts\/910","targetHints":{"allow":["GET"]}}],"collection":[{"href":"https:\/\/noticiasdefato.net\/index.php?rest_route=\/wp\/v2\/posts"}],"about":[{"href":"https:\/\/noticiasdefato.net\/index.php?rest_route=\/wp\/v2\/types\/post"}],"author":[{"embeddable":true,"href":"https:\/\/noticiasdefato.net\/index.php?rest_route=\/wp\/v2\/users\/1"}],"replies":[{"embeddable":true,"href":"https:\/\/noticiasdefato.net\/index.php?rest_route=%2Fwp%2Fv2%2Fcomments&post=910"}],"version-history":[{"count":4,"href":"https:\/\/noticiasdefato.net\/index.php?rest_route=\/wp\/v2\/posts\/910\/revisions"}],"predecessor-version":[{"id":916,"href":"https:\/\/noticiasdefato.net\/index.php?rest_route=\/wp\/v2\/posts\/910\/revisions\/916"}],"wp:featuredmedia":[{"embeddable":true,"href":"https:\/\/noticiasdefato.net\/index.php?rest_route=\/wp\/v2\/media\/911"}],"wp:attachment":[{"href":"https:\/\/noticiasdefato.net\/index.php?rest_route=%2Fwp%2Fv2%2Fmedia&parent=910"}],"wp:term":[{"taxonomy":"category","embeddable":true,"href":"https:\/\/noticiasdefato.net\/index.php?rest_route=%2Fwp%2Fv2%2Fcategories&post=910"},{"taxonomy":"post_tag","embeddable":true,"href":"https:\/\/noticiasdefato.net\/index.php?rest_route=%2Fwp%2Fv2%2Ftags&post=910"}],"curies":[{"name":"wp","href":"https:\/\/api.w.org\/{rel}","templated":true}]}}