{"id":931,"date":"2024-03-04T14:48:06","date_gmt":"2024-03-04T17:48:06","guid":{"rendered":"https:\/\/noticiasdefato.net\/?p=931"},"modified":"2024-03-14T11:47:43","modified_gmt":"2024-03-14T14:47:43","slug":"caos-no-cemiterio-de-alfenas","status":"publish","type":"post","link":"https:\/\/noticiasdefato.net\/?p=931","title":{"rendered":"CAOS NO CEMIT\u00c9RIO DE ALFENAS"},"content":{"rendered":"\n<p>Um caso inusitado ocorreu na manh\u00e3 desta segunda-feira (04\/03) em Alfenas. Um homem (cuja identidade iremos preservar) publicou um v\u00eddeo na rede social Facebook narrando que estava reformando o t\u00famulo de sua m\u00e3e, e que a administra\u00e7\u00e3o do cemit\u00e9rio havia avisado que derrubaria as altera\u00e7\u00f5es que ele havia feito no t\u00famulo.<\/p>\n\n\n\n<p>Em outro v\u00eddeo, tamb\u00e9m publicado na rede social Facebook o mesmo homem mostra o t\u00famulo alterado, com as laterais removidas, onde ele alega que a administra\u00e7\u00e3o do cemit\u00e9rio derrubou a obra que ele havia feito.<\/p>\n\n\n\n<p>Num terceiro v\u00eddeo, tamb\u00e9m publicado na rede social Facebook, o homem exibe os corredores e vielas entre os t\u00famulos no cemit\u00e9rio, tomados por mato, onde reclama que a administra\u00e7\u00e3o do cemit\u00e9rio publica v\u00eddeos apenas dos locais em que est\u00e1 limpo, mas que em v\u00e1rios outros locais o cemit\u00e9rio est\u00e1 tomado por mato.<\/p>\n\n\n\n<figure class=\"wp-block-embed is-type-video is-provider-youtube wp-block-embed-youtube wp-embed-aspect-16-9 wp-has-aspect-ratio\"><div class=\"wp-block-embed__wrapper\">\n<iframe title=\"ALFENAS- Homem reclama que administra\u00e7\u00e3o de cemit\u00e9rio destruiu t\u00famulo de sua m\u00e3e, e denuncia sujeira\" width=\"720\" height=\"405\" src=\"https:\/\/www.youtube.com\/embed\/upZhXgHyYrI?feature=oembed\" frameborder=\"0\" allow=\"accelerometer; autoplay; clipboard-write; encrypted-media; gyroscope; picture-in-picture; web-share\" allowfullscreen><\/iframe>\n<\/div><\/figure>\n\n\n\n<p>Tamb\u00e9m, uma das reclama\u00e7\u00f5es dele \u00e9 sobre a quantidade de escorpi\u00f5es encontrados no cemit\u00e9rio. Para ilustrar a reclama\u00e7\u00e3o ele postou 3 fotos em seu perfil de Facebook, as quais reproduzimos abaixo:<\/p>\n\n\n\n<figure class=\"wp-block-image size-large\"><img fetchpriority=\"high\" decoding=\"async\" width=\"1024\" height=\"343\" src=\"https:\/\/noticiasdefato.net\/wp-content\/uploads\/2024\/03\/escorpioes-1024x343.png\" alt=\"\" class=\"wp-image-932\" srcset=\"https:\/\/noticiasdefato.net\/wp-content\/uploads\/2024\/03\/escorpioes-1024x343.png 1024w, https:\/\/noticiasdefato.net\/wp-content\/uploads\/2024\/03\/escorpioes-300x100.png 300w, https:\/\/noticiasdefato.net\/wp-content\/uploads\/2024\/03\/escorpioes-768x257.png 768w, https:\/\/noticiasdefato.net\/wp-content\/uploads\/2024\/03\/escorpioes-269x90.png 269w, https:\/\/noticiasdefato.net\/wp-content\/uploads\/2024\/03\/escorpioes.png 1312w\" sizes=\"(max-width: 1024px) 100vw, 1024px\" \/><\/figure>\n\n\n\n<p>A reportagem entrou em contato por WhatsApp com a dire\u00e7\u00e3o da vigil\u00e2ncia epidemiol\u00f3gica do munic\u00edpio para obter informa\u00e7\u00f5es sobre a prolifera\u00e7\u00e3o de escorpi\u00f5es no cemit\u00e9rio. Fizemos, inclusive, liga\u00e7\u00e3o \u00e0s 13h39 e n\u00e3o fomos atendidos. Aguardamos resposta dos \u00f3rg\u00e3os competentes para atualizarmos a mat\u00e9ria.<\/p>\n\n\n\n<p>A reportagem tamb\u00e9m enviou a quest\u00e3o para a chefia de Gabinete do Prefeito, por meio de sua assessoria de comunica\u00e7\u00e3o, e ainda n\u00e3o obtivemos resposta. Assim que se pronunciarem acrescentaremos a resposta \u00e0 mat\u00e9ria.<\/p>\n\n\n\n<p>Tamb\u00e9m, tentamos contato com o autor dos v\u00eddeos, por\u00e9m, sem resposta at\u00e9 o momento da publica\u00e7\u00e3o da mat\u00e9ria. Caso haja um posicionamento do mesmo, constar\u00e1 na atualiza\u00e7\u00e3o da mat\u00e9ria.<\/p>\n\n\n\n<p>Enquanto esta mat\u00e9ria estava sendo redigida, o autor apagou as postagens de sua rede social Facebook.<\/p>\n\n\n\n<p><\/p>\n","protected":false},"excerpt":{"rendered":"<p>Homem reformava o t\u00famulo da m\u00e3e e teve obra derrubada por administra\u00e7\u00e3o do cemit\u00e9rio. Ele tamb\u00e9m denuncia sujeira e escorpi\u00e3o. <a href=\"https:\/\/noticiasdefato.net\/?p=931\" class=\"more-link\">Continuar lendo <span class=\"screen-reader-text\">CAOS NO CEMIT\u00c9RIO DE ALFENAS<\/span><\/a><\/p>\n","protected":false},"author":3,"featured_media":932,"comment_status":"open","ping_status":"open","sticky":false,"template":"","format":"standard","meta":{"footnotes":""},"categories":[1],"tags":[],"class_list":["post-931","post","type-post","status-publish","format-standard","has-post-thumbnail","hentry","category-geral"],"yoast_head":"<!-- This site is optimized with the Yoast SEO plugin v23.2 - https:\/\/yoast.com\/wordpress\/plugins\/seo\/ -->\n<title>CAOS NO CEMIT\u00c9RIO DE ALFENAS - Not\u00edcias de Fato<\/title>\n<meta name=\"robots\" content=\"index, follow, max-snippet:-1, max-image-preview:large, max-video-preview:-1\" \/>\n<link rel=\"canonical\" href=\"https:\/\/noticiasdefato.net\/?p=931\" \/>\n<meta property=\"og:locale\" content=\"pt_BR\" \/>\n<meta property=\"og:type\" content=\"article\" \/>\n<meta property=\"og:title\" content=\"CAOS NO CEMIT\u00c9RIO DE ALFENAS - Not\u00edcias de Fato\" \/>\n<meta property=\"og:description\" content=\"Homem reformava o t\u00famulo da m\u00e3e e teve obra derrubada por administra\u00e7\u00e3o do cemit\u00e9rio. Ele tamb\u00e9m denuncia sujeira e escorpi\u00e3o.\" \/>\n<meta property=\"og:url\" content=\"https:\/\/noticiasdefato.net\/?p=931\" \/>\n<meta property=\"og:site_name\" content=\"Not\u00edcias de Fato\" \/>\n<meta property=\"article:publisher\" content=\"https:\/\/fb.com\/noticiasdefato.jornal\" \/>\n<meta property=\"article:published_time\" content=\"2024-03-04T17:48:06+00:00\" \/>\n<meta property=\"article:modified_time\" content=\"2024-03-14T14:47:43+00:00\" \/>\n<meta property=\"og:image\" content=\"https:\/\/noticiasdefato.net\/wp-content\/uploads\/2024\/03\/escorpioes.png\" \/>\n\t<meta property=\"og:image:width\" content=\"1312\" \/>\n\t<meta property=\"og:image:height\" content=\"439\" \/>\n\t<meta property=\"og:image:type\" content=\"image\/png\" \/>\n<meta name=\"author\" content=\"Thiago Eduardo\" \/>\n<meta name=\"twitter:card\" content=\"summary_large_image\" \/>\n<meta name=\"twitter:creator\" content=\"@noticiasdefato_\" \/>\n<meta name=\"twitter:site\" content=\"@noticiasdefato_\" \/>\n<meta name=\"twitter:label1\" content=\"Escrito por\" \/>\n\t<meta name=\"twitter:data1\" content=\"Thiago Eduardo\" \/>\n\t<meta name=\"twitter:label2\" content=\"Est. tempo de leitura\" \/>\n\t<meta name=\"twitter:data2\" content=\"3 minutos\" \/>\n<script type=\"application\/ld+json\" class=\"yoast-schema-graph\">{\"@context\":\"https:\/\/schema.org\",\"@graph\":[{\"@type\":\"Article\",\"@id\":\"https:\/\/noticiasdefato.net\/?p=931#article\",\"isPartOf\":{\"@id\":\"https:\/\/noticiasdefato.net\/?p=931\"},\"author\":{\"name\":\"Thiago Eduardo\",\"@id\":\"https:\/\/noticiasdefato.net\/#\/schema\/person\/991aa25c94399b45050a06ad540c702f\"},\"headline\":\"CAOS NO CEMIT\u00c9RIO DE ALFENAS\",\"datePublished\":\"2024-03-04T17:48:06+00:00\",\"dateModified\":\"2024-03-14T14:47:43+00:00\",\"mainEntityOfPage\":{\"@id\":\"https:\/\/noticiasdefato.net\/?p=931\"},\"wordCount\":348,\"commentCount\":0,\"publisher\":{\"@id\":\"https:\/\/noticiasdefato.net\/#organization\"},\"image\":{\"@id\":\"https:\/\/noticiasdefato.net\/?p=931#primaryimage\"},\"thumbnailUrl\":\"https:\/\/noticiasdefato.net\/wp-content\/uploads\/2024\/03\/escorpioes.png\",\"articleSection\":[\"Geral\"],\"inLanguage\":\"pt-BR\",\"potentialAction\":[{\"@type\":\"CommentAction\",\"name\":\"Comment\",\"target\":[\"https:\/\/noticiasdefato.net\/?p=931#respond\"]}]},{\"@type\":\"WebPage\",\"@id\":\"https:\/\/noticiasdefato.net\/?p=931\",\"url\":\"https:\/\/noticiasdefato.net\/?p=931\",\"name\":\"CAOS NO CEMIT\u00c9RIO DE ALFENAS - Not\u00edcias de Fato\",\"isPartOf\":{\"@id\":\"https:\/\/noticiasdefato.net\/#website\"},\"primaryImageOfPage\":{\"@id\":\"https:\/\/noticiasdefato.net\/?p=931#primaryimage\"},\"image\":{\"@id\":\"https:\/\/noticiasdefato.net\/?p=931#primaryimage\"},\"thumbnailUrl\":\"https:\/\/noticiasdefato.net\/wp-content\/uploads\/2024\/03\/escorpioes.png\",\"datePublished\":\"2024-03-04T17:48:06+00:00\",\"dateModified\":\"2024-03-14T14:47:43+00:00\",\"breadcrumb\":{\"@id\":\"https:\/\/noticiasdefato.net\/?p=931#breadcrumb\"},\"inLanguage\":\"pt-BR\",\"potentialAction\":[{\"@type\":\"ReadAction\",\"target\":[\"https:\/\/noticiasdefato.net\/?p=931\"]}]},{\"@type\":\"ImageObject\",\"inLanguage\":\"pt-BR\",\"@id\":\"https:\/\/noticiasdefato.net\/?p=931#primaryimage\",\"url\":\"https:\/\/noticiasdefato.net\/wp-content\/uploads\/2024\/03\/escorpioes.png\",\"contentUrl\":\"https:\/\/noticiasdefato.net\/wp-content\/uploads\/2024\/03\/escorpioes.png\",\"width\":1312,\"height\":439},{\"@type\":\"BreadcrumbList\",\"@id\":\"https:\/\/noticiasdefato.net\/?p=931#breadcrumb\",\"itemListElement\":[{\"@type\":\"ListItem\",\"position\":1,\"name\":\"In\u00edcio\",\"item\":\"https:\/\/noticiasdefato.net\/\"},{\"@type\":\"ListItem\",\"position\":2,\"name\":\"CAOS NO CEMIT\u00c9RIO DE ALFENAS\"}]},{\"@type\":\"WebSite\",\"@id\":\"https:\/\/noticiasdefato.net\/#website\",\"url\":\"https:\/\/noticiasdefato.net\/\",\"name\":\"Not\u00edcias de Fato\",\"description\":\"Trabalhamos com honestidade, seriedade e com a verdade.\",\"publisher\":{\"@id\":\"https:\/\/noticiasdefato.net\/#organization\"},\"potentialAction\":[{\"@type\":\"SearchAction\",\"target\":{\"@type\":\"EntryPoint\",\"urlTemplate\":\"https:\/\/noticiasdefato.net\/?s={search_term_string}\"},\"query-input\":\"required name=search_term_string\"}],\"inLanguage\":\"pt-BR\"},{\"@type\":\"Organization\",\"@id\":\"https:\/\/noticiasdefato.net\/#organization\",\"name\":\"Not\u00edcias de Fato\",\"url\":\"https:\/\/noticiasdefato.net\/\",\"logo\":{\"@type\":\"ImageObject\",\"inLanguage\":\"pt-BR\",\"@id\":\"https:\/\/noticiasdefato.net\/#\/schema\/logo\/image\/\",\"url\":\"https:\/\/noticiasdefato.net\/wp-content\/uploads\/2024\/02\/cropped-logo_topo.png\",\"contentUrl\":\"https:\/\/noticiasdefato.net\/wp-content\/uploads\/2024\/02\/cropped-logo_topo.png\",\"width\":1948,\"height\":665,\"caption\":\"Not\u00edcias de Fato\"},\"image\":{\"@id\":\"https:\/\/noticiasdefato.net\/#\/schema\/logo\/image\/\"},\"sameAs\":[\"https:\/\/fb.com\/noticiasdefato.jornal\",\"https:\/\/x.com\/noticiasdefato_\",\"https:\/\/instagram.com\/noticiasdefato.jornal\",\"https:\/\/youtube.com\/@JornalNoticiasDeFato\"]},{\"@type\":\"Person\",\"@id\":\"https:\/\/noticiasdefato.net\/#\/schema\/person\/991aa25c94399b45050a06ad540c702f\",\"name\":\"Thiago Eduardo\",\"image\":{\"@type\":\"ImageObject\",\"inLanguage\":\"pt-BR\",\"@id\":\"https:\/\/noticiasdefato.net\/#\/schema\/person\/image\/\",\"url\":\"https:\/\/secure.gravatar.com\/avatar\/b565c072bf1bd0d79efe2c48ab82d1a8df93488df89f920926d6ea2e77d319ba?s=96&d=mm&r=g\",\"contentUrl\":\"https:\/\/secure.gravatar.com\/avatar\/b565c072bf1bd0d79efe2c48ab82d1a8df93488df89f920926d6ea2e77d319ba?s=96&d=mm&r=g\",\"caption\":\"Thiago Eduardo\"},\"url\":\"https:\/\/noticiasdefato.net\/?author=3\"}]}<\/script>\n<!-- \/ Yoast SEO plugin. -->","yoast_head_json":{"title":"CAOS NO CEMIT\u00c9RIO DE ALFENAS - Not\u00edcias de Fato","robots":{"index":"index","follow":"follow","max-snippet":"max-snippet:-1","max-image-preview":"max-image-preview:large","max-video-preview":"max-video-preview:-1"},"canonical":"https:\/\/noticiasdefato.net\/?p=931","og_locale":"pt_BR","og_type":"article","og_title":"CAOS NO CEMIT\u00c9RIO DE ALFENAS - Not\u00edcias de Fato","og_description":"Homem reformava o t\u00famulo da m\u00e3e e teve obra derrubada por administra\u00e7\u00e3o do cemit\u00e9rio. Ele tamb\u00e9m denuncia sujeira e escorpi\u00e3o.","og_url":"https:\/\/noticiasdefato.net\/?p=931","og_site_name":"Not\u00edcias de Fato","article_publisher":"https:\/\/fb.com\/noticiasdefato.jornal","article_published_time":"2024-03-04T17:48:06+00:00","article_modified_time":"2024-03-14T14:47:43+00:00","og_image":[{"width":1312,"height":439,"url":"https:\/\/noticiasdefato.net\/wp-content\/uploads\/2024\/03\/escorpioes.png","type":"image\/png"}],"author":"Thiago Eduardo","twitter_card":"summary_large_image","twitter_creator":"@noticiasdefato_","twitter_site":"@noticiasdefato_","twitter_misc":{"Escrito por":"Thiago Eduardo","Est. tempo de leitura":"3 minutos"},"schema":{"@context":"https:\/\/schema.org","@graph":[{"@type":"Article","@id":"https:\/\/noticiasdefato.net\/?p=931#article","isPartOf":{"@id":"https:\/\/noticiasdefato.net\/?p=931"},"author":{"name":"Thiago Eduardo","@id":"https:\/\/noticiasdefato.net\/#\/schema\/person\/991aa25c94399b45050a06ad540c702f"},"headline":"CAOS NO CEMIT\u00c9RIO DE ALFENAS","datePublished":"2024-03-04T17:48:06+00:00","dateModified":"2024-03-14T14:47:43+00:00","mainEntityOfPage":{"@id":"https:\/\/noticiasdefato.net\/?p=931"},"wordCount":348,"commentCount":0,"publisher":{"@id":"https:\/\/noticiasdefato.net\/#organization"},"image":{"@id":"https:\/\/noticiasdefato.net\/?p=931#primaryimage"},"thumbnailUrl":"https:\/\/noticiasdefato.net\/wp-content\/uploads\/2024\/03\/escorpioes.png","articleSection":["Geral"],"inLanguage":"pt-BR","potentialAction":[{"@type":"CommentAction","name":"Comment","target":["https:\/\/noticiasdefato.net\/?p=931#respond"]}]},{"@type":"WebPage","@id":"https:\/\/noticiasdefato.net\/?p=931","url":"https:\/\/noticiasdefato.net\/?p=931","name":"CAOS NO CEMIT\u00c9RIO DE ALFENAS - Not\u00edcias de Fato","isPartOf":{"@id":"https:\/\/noticiasdefato.net\/#website"},"primaryImageOfPage":{"@id":"https:\/\/noticiasdefato.net\/?p=931#primaryimage"},"image":{"@id":"https:\/\/noticiasdefato.net\/?p=931#primaryimage"},"thumbnailUrl":"https:\/\/noticiasdefato.net\/wp-content\/uploads\/2024\/03\/escorpioes.png","datePublished":"2024-03-04T17:48:06+00:00","dateModified":"2024-03-14T14:47:43+00:00","breadcrumb":{"@id":"https:\/\/noticiasdefato.net\/?p=931#breadcrumb"},"inLanguage":"pt-BR","potentialAction":[{"@type":"ReadAction","target":["https:\/\/noticiasdefato.net\/?p=931"]}]},{"@type":"ImageObject","inLanguage":"pt-BR","@id":"https:\/\/noticiasdefato.net\/?p=931#primaryimage","url":"https:\/\/noticiasdefato.net\/wp-content\/uploads\/2024\/03\/escorpioes.png","contentUrl":"https:\/\/noticiasdefato.net\/wp-content\/uploads\/2024\/03\/escorpioes.png","width":1312,"height":439},{"@type":"BreadcrumbList","@id":"https:\/\/noticiasdefato.net\/?p=931#breadcrumb","itemListElement":[{"@type":"ListItem","position":1,"name":"In\u00edcio","item":"https:\/\/noticiasdefato.net\/"},{"@type":"ListItem","position":2,"name":"CAOS NO CEMIT\u00c9RIO DE ALFENAS"}]},{"@type":"WebSite","@id":"https:\/\/noticiasdefato.net\/#website","url":"https:\/\/noticiasdefato.net\/","name":"Not\u00edcias de Fato","description":"Trabalhamos com honestidade, seriedade e com a verdade.","publisher":{"@id":"https:\/\/noticiasdefato.net\/#organization"},"potentialAction":[{"@type":"SearchAction","target":{"@type":"EntryPoint","urlTemplate":"https:\/\/noticiasdefato.net\/?s={search_term_string}"},"query-input":"required name=search_term_string"}],"inLanguage":"pt-BR"},{"@type":"Organization","@id":"https:\/\/noticiasdefato.net\/#organization","name":"Not\u00edcias de Fato","url":"https:\/\/noticiasdefato.net\/","logo":{"@type":"ImageObject","inLanguage":"pt-BR","@id":"https:\/\/noticiasdefato.net\/#\/schema\/logo\/image\/","url":"https:\/\/noticiasdefato.net\/wp-content\/uploads\/2024\/02\/cropped-logo_topo.png","contentUrl":"https:\/\/noticiasdefato.net\/wp-content\/uploads\/2024\/02\/cropped-logo_topo.png","width":1948,"height":665,"caption":"Not\u00edcias de Fato"},"image":{"@id":"https:\/\/noticiasdefato.net\/#\/schema\/logo\/image\/"},"sameAs":["https:\/\/fb.com\/noticiasdefato.jornal","https:\/\/x.com\/noticiasdefato_","https:\/\/instagram.com\/noticiasdefato.jornal","https:\/\/youtube.com\/@JornalNoticiasDeFato"]},{"@type":"Person","@id":"https:\/\/noticiasdefato.net\/#\/schema\/person\/991aa25c94399b45050a06ad540c702f","name":"Thiago Eduardo","image":{"@type":"ImageObject","inLanguage":"pt-BR","@id":"https:\/\/noticiasdefato.net\/#\/schema\/person\/image\/","url":"https:\/\/secure.gravatar.com\/avatar\/b565c072bf1bd0d79efe2c48ab82d1a8df93488df89f920926d6ea2e77d319ba?s=96&d=mm&r=g","contentUrl":"https:\/\/secure.gravatar.com\/avatar\/b565c072bf1bd0d79efe2c48ab82d1a8df93488df89f920926d6ea2e77d319ba?s=96&d=mm&r=g","caption":"Thiago Eduardo"},"url":"https:\/\/noticiasdefato.net\/?author=3"}]}},"_links":{"self":[{"href":"https:\/\/noticiasdefato.net\/index.php?rest_route=\/wp\/v2\/posts\/931","targetHints":{"allow":["GET"]}}],"collection":[{"href":"https:\/\/noticiasdefato.net\/index.php?rest_route=\/wp\/v2\/posts"}],"about":[{"href":"https:\/\/noticiasdefato.net\/index.php?rest_route=\/wp\/v2\/types\/post"}],"author":[{"embeddable":true,"href":"https:\/\/noticiasdefato.net\/index.php?rest_route=\/wp\/v2\/users\/3"}],"replies":[{"embeddable":true,"href":"https:\/\/noticiasdefato.net\/index.php?rest_route=%2Fwp%2Fv2%2Fcomments&post=931"}],"version-history":[{"count":4,"href":"https:\/\/noticiasdefato.net\/index.php?rest_route=\/wp\/v2\/posts\/931\/revisions"}],"predecessor-version":[{"id":939,"href":"https:\/\/noticiasdefato.net\/index.php?rest_route=\/wp\/v2\/posts\/931\/revisions\/939"}],"wp:featuredmedia":[{"embeddable":true,"href":"https:\/\/noticiasdefato.net\/index.php?rest_route=\/wp\/v2\/media\/932"}],"wp:attachment":[{"href":"https:\/\/noticiasdefato.net\/index.php?rest_route=%2Fwp%2Fv2%2Fmedia&parent=931"}],"wp:term":[{"taxonomy":"category","embeddable":true,"href":"https:\/\/noticiasdefato.net\/index.php?rest_route=%2Fwp%2Fv2%2Fcategories&post=931"},{"taxonomy":"post_tag","embeddable":true,"href":"https:\/\/noticiasdefato.net\/index.php?rest_route=%2Fwp%2Fv2%2Ftags&post=931"}],"curies":[{"name":"wp","href":"https:\/\/api.w.org\/{rel}","templated":true}]}}