{"id":951,"date":"2024-03-06T10:16:52","date_gmt":"2024-03-06T13:16:52","guid":{"rendered":"https:\/\/noticiasdefato.net\/?p=951"},"modified":"2024-03-06T11:44:40","modified_gmt":"2024-03-06T14:44:40","slug":"motoristas-por-aplicativo-querem-mudancas-na-lei","status":"publish","type":"post","link":"https:\/\/noticiasdefato.net\/?p=951","title":{"rendered":"MOTORISTAS POR APLICATIVO QUEREM MUDAN\u00c7AS NA LEI"},"content":{"rendered":"\n<p>Na reuni\u00e3o de segunda-feira, o vereador Jaime Daniel alfinetou a Guarda Municipal, relatando que, durante uma festa realizada no trevo, no \u00faltimo final de semana, os motoristas por aplicativo teriam sido \u201cconstrangidos pela fiscaliza\u00e7\u00e3o da guarda municipal.\u201d<br>Jaime ironizou: \u201cAt\u00e9 me surpreende muito a guarda trabalhar no s\u00e1bado, porque as vezes, nem na feira de domingo v\u00eam aqui dar um socorro para as pessoas que est\u00e3o fazendo suas compras.\u201d<\/p>\n\n\n\n<p>O vereador se referiu a lei que foi aprovada no munic\u00edpio em que os ve\u00edculos usados por aplicativos devem ter no m\u00e1ximo dez anos de uso, e seus propriet\u00e1rios teriam que se adequar a esta lei at\u00e9 o final deste m\u00eas.<\/p>\n\n\n\n<p>Jaime avisou que enviar\u00e1 of\u00edcio \u00e0 divis\u00e3o de tr\u00e2nsito para que os motoristas de aplicativo sejam ouvidos, uma vez que tal inciativa n\u00e3o \u00e9 de prerrogativa do legislativo.<\/p>\n\n\n\n<figure class=\"wp-block-image size-large\"><img fetchpriority=\"high\" decoding=\"async\" width=\"1024\" height=\"565\" src=\"https:\/\/noticiasdefato.net\/wp-content\/uploads\/2024\/03\/jaime-daniel-1024x565.png\" alt=\"\" class=\"wp-image-952\" srcset=\"https:\/\/noticiasdefato.net\/wp-content\/uploads\/2024\/03\/jaime-daniel-1024x565.png 1024w, https:\/\/noticiasdefato.net\/wp-content\/uploads\/2024\/03\/jaime-daniel-300x165.png 300w, https:\/\/noticiasdefato.net\/wp-content\/uploads\/2024\/03\/jaime-daniel-768x424.png 768w, https:\/\/noticiasdefato.net\/wp-content\/uploads\/2024\/03\/jaime-daniel-163x90.png 163w, https:\/\/noticiasdefato.net\/wp-content\/uploads\/2024\/03\/jaime-daniel.png 1162w\" sizes=\"(max-width: 1024px) 100vw, 1024px\" \/><\/figure>\n\n\n\n<p><strong>&#8220;MENTIROSO&#8221;<\/strong><\/p>\n\n\n\n<p>Ratinho suscitou coment\u00e1rios de populares que assistiam \u00e0 reuni\u00e3o. O vereador Ratinho tamb\u00e9m falou da lei de ve\u00edculos por aplicativos e disse que o prefeito vai readequar a lei, momento em que um popular gritou: \u201cMentiroso\u201d.<\/p>\n\n\n\n<figure class=\"wp-block-image size-large\"><img decoding=\"async\" width=\"1024\" height=\"527\" src=\"https:\/\/noticiasdefato.net\/wp-content\/uploads\/2024\/03\/ratinho-1024x527.png\" alt=\"\" class=\"wp-image-953\" srcset=\"https:\/\/noticiasdefato.net\/wp-content\/uploads\/2024\/03\/ratinho-1024x527.png 1024w, https:\/\/noticiasdefato.net\/wp-content\/uploads\/2024\/03\/ratinho-300x154.png 300w, https:\/\/noticiasdefato.net\/wp-content\/uploads\/2024\/03\/ratinho-768x395.png 768w, https:\/\/noticiasdefato.net\/wp-content\/uploads\/2024\/03\/ratinho-175x90.png 175w, https:\/\/noticiasdefato.net\/wp-content\/uploads\/2024\/03\/ratinho.png 1260w\" sizes=\"(max-width: 1024px) 100vw, 1024px\" \/><\/figure>\n","protected":false},"excerpt":{"rendered":"<p>Lei foi aprovada no munic\u00edpio em que os ve\u00edculos usados por aplicativos devem ter no m\u00e1ximo dez anos de uso <a href=\"https:\/\/noticiasdefato.net\/?p=951\" class=\"more-link\">Continuar lendo <span class=\"screen-reader-text\">MOTORISTAS POR APLICATIVO QUEREM MUDAN\u00c7AS NA LEI<\/span><\/a><\/p>\n","protected":false},"author":3,"featured_media":955,"comment_status":"open","ping_status":"open","sticky":false,"template":"","format":"standard","meta":{"footnotes":""},"categories":[1],"tags":[],"class_list":["post-951","post","type-post","status-publish","format-standard","has-post-thumbnail","hentry","category-geral"],"yoast_head":"<!-- This site is optimized with the Yoast SEO plugin v23.2 - https:\/\/yoast.com\/wordpress\/plugins\/seo\/ -->\n<title>MOTORISTAS POR APLICATIVO QUEREM MUDAN\u00c7AS NA LEI - Not\u00edcias de Fato<\/title>\n<meta name=\"description\" content=\"Lei foi aprovada no munic\u00edpio em que os ve\u00edculos usados por aplicativos devem ter no m\u00e1ximo dez anos de uso\" \/>\n<meta name=\"robots\" content=\"index, follow, max-snippet:-1, max-image-preview:large, max-video-preview:-1\" \/>\n<link rel=\"canonical\" href=\"https:\/\/noticiasdefato.net\/?p=951\" \/>\n<meta property=\"og:locale\" content=\"pt_BR\" \/>\n<meta property=\"og:type\" content=\"article\" \/>\n<meta property=\"og:title\" content=\"MOTORISTAS POR APLICATIVO QUEREM MUDAN\u00c7AS NA LEI - Not\u00edcias de Fato\" \/>\n<meta property=\"og:description\" content=\"Lei foi aprovada no munic\u00edpio em que os ve\u00edculos usados por aplicativos devem ter no m\u00e1ximo dez anos de uso\" \/>\n<meta property=\"og:url\" content=\"https:\/\/noticiasdefato.net\/?p=951\" \/>\n<meta property=\"og:site_name\" content=\"Not\u00edcias de Fato\" \/>\n<meta property=\"article:publisher\" content=\"https:\/\/fb.com\/noticiasdefato.jornal\" \/>\n<meta property=\"article:published_time\" content=\"2024-03-06T13:16:52+00:00\" \/>\n<meta property=\"article:modified_time\" content=\"2024-03-06T14:44:40+00:00\" \/>\n<meta property=\"og:image\" content=\"https:\/\/noticiasdefato.net\/wp-content\/uploads\/2024\/03\/motorista-aplicativo.png\" \/>\n\t<meta property=\"og:image:width\" content=\"984\" \/>\n\t<meta property=\"og:image:height\" content=\"655\" \/>\n\t<meta property=\"og:image:type\" content=\"image\/png\" \/>\n<meta name=\"author\" content=\"Thiago Eduardo\" \/>\n<meta name=\"twitter:card\" content=\"summary_large_image\" \/>\n<meta name=\"twitter:creator\" content=\"@noticiasdefato_\" \/>\n<meta name=\"twitter:site\" content=\"@noticiasdefato_\" \/>\n<meta name=\"twitter:label1\" content=\"Escrito por\" \/>\n\t<meta name=\"twitter:data1\" content=\"Thiago Eduardo\" \/>\n\t<meta name=\"twitter:label2\" content=\"Est. tempo de leitura\" \/>\n\t<meta name=\"twitter:data2\" content=\"2 minutos\" \/>\n<script type=\"application\/ld+json\" class=\"yoast-schema-graph\">{\"@context\":\"https:\/\/schema.org\",\"@graph\":[{\"@type\":\"Article\",\"@id\":\"https:\/\/noticiasdefato.net\/?p=951#article\",\"isPartOf\":{\"@id\":\"https:\/\/noticiasdefato.net\/?p=951\"},\"author\":{\"name\":\"Thiago Eduardo\",\"@id\":\"https:\/\/noticiasdefato.net\/#\/schema\/person\/991aa25c94399b45050a06ad540c702f\"},\"headline\":\"MOTORISTAS POR APLICATIVO QUEREM MUDAN\u00c7AS NA LEI\",\"datePublished\":\"2024-03-06T13:16:52+00:00\",\"dateModified\":\"2024-03-06T14:44:40+00:00\",\"mainEntityOfPage\":{\"@id\":\"https:\/\/noticiasdefato.net\/?p=951\"},\"wordCount\":198,\"commentCount\":0,\"publisher\":{\"@id\":\"https:\/\/noticiasdefato.net\/#organization\"},\"image\":{\"@id\":\"https:\/\/noticiasdefato.net\/?p=951#primaryimage\"},\"thumbnailUrl\":\"https:\/\/noticiasdefato.net\/wp-content\/uploads\/2024\/03\/motorista-aplicativo.png\",\"articleSection\":[\"Geral\"],\"inLanguage\":\"pt-BR\",\"potentialAction\":[{\"@type\":\"CommentAction\",\"name\":\"Comment\",\"target\":[\"https:\/\/noticiasdefato.net\/?p=951#respond\"]}]},{\"@type\":\"WebPage\",\"@id\":\"https:\/\/noticiasdefato.net\/?p=951\",\"url\":\"https:\/\/noticiasdefato.net\/?p=951\",\"name\":\"MOTORISTAS POR APLICATIVO QUEREM MUDAN\u00c7AS NA LEI - Not\u00edcias de Fato\",\"isPartOf\":{\"@id\":\"https:\/\/noticiasdefato.net\/#website\"},\"primaryImageOfPage\":{\"@id\":\"https:\/\/noticiasdefato.net\/?p=951#primaryimage\"},\"image\":{\"@id\":\"https:\/\/noticiasdefato.net\/?p=951#primaryimage\"},\"thumbnailUrl\":\"https:\/\/noticiasdefato.net\/wp-content\/uploads\/2024\/03\/motorista-aplicativo.png\",\"datePublished\":\"2024-03-06T13:16:52+00:00\",\"dateModified\":\"2024-03-06T14:44:40+00:00\",\"description\":\"Lei foi aprovada no munic\u00edpio em que os ve\u00edculos usados por aplicativos devem ter no m\u00e1ximo dez anos de uso\",\"breadcrumb\":{\"@id\":\"https:\/\/noticiasdefato.net\/?p=951#breadcrumb\"},\"inLanguage\":\"pt-BR\",\"potentialAction\":[{\"@type\":\"ReadAction\",\"target\":[\"https:\/\/noticiasdefato.net\/?p=951\"]}]},{\"@type\":\"ImageObject\",\"inLanguage\":\"pt-BR\",\"@id\":\"https:\/\/noticiasdefato.net\/?p=951#primaryimage\",\"url\":\"https:\/\/noticiasdefato.net\/wp-content\/uploads\/2024\/03\/motorista-aplicativo.png\",\"contentUrl\":\"https:\/\/noticiasdefato.net\/wp-content\/uploads\/2024\/03\/motorista-aplicativo.png\",\"width\":984,\"height\":655},{\"@type\":\"BreadcrumbList\",\"@id\":\"https:\/\/noticiasdefato.net\/?p=951#breadcrumb\",\"itemListElement\":[{\"@type\":\"ListItem\",\"position\":1,\"name\":\"In\u00edcio\",\"item\":\"https:\/\/noticiasdefato.net\/\"},{\"@type\":\"ListItem\",\"position\":2,\"name\":\"MOTORISTAS POR APLICATIVO QUEREM MUDAN\u00c7AS NA LEI\"}]},{\"@type\":\"WebSite\",\"@id\":\"https:\/\/noticiasdefato.net\/#website\",\"url\":\"https:\/\/noticiasdefato.net\/\",\"name\":\"Not\u00edcias de Fato\",\"description\":\"Trabalhamos com honestidade, seriedade e com a verdade.\",\"publisher\":{\"@id\":\"https:\/\/noticiasdefato.net\/#organization\"},\"potentialAction\":[{\"@type\":\"SearchAction\",\"target\":{\"@type\":\"EntryPoint\",\"urlTemplate\":\"https:\/\/noticiasdefato.net\/?s={search_term_string}\"},\"query-input\":\"required name=search_term_string\"}],\"inLanguage\":\"pt-BR\"},{\"@type\":\"Organization\",\"@id\":\"https:\/\/noticiasdefato.net\/#organization\",\"name\":\"Not\u00edcias de Fato\",\"url\":\"https:\/\/noticiasdefato.net\/\",\"logo\":{\"@type\":\"ImageObject\",\"inLanguage\":\"pt-BR\",\"@id\":\"https:\/\/noticiasdefato.net\/#\/schema\/logo\/image\/\",\"url\":\"https:\/\/noticiasdefato.net\/wp-content\/uploads\/2024\/02\/cropped-logo_topo.png\",\"contentUrl\":\"https:\/\/noticiasdefato.net\/wp-content\/uploads\/2024\/02\/cropped-logo_topo.png\",\"width\":1948,\"height\":665,\"caption\":\"Not\u00edcias de Fato\"},\"image\":{\"@id\":\"https:\/\/noticiasdefato.net\/#\/schema\/logo\/image\/\"},\"sameAs\":[\"https:\/\/fb.com\/noticiasdefato.jornal\",\"https:\/\/x.com\/noticiasdefato_\",\"https:\/\/instagram.com\/noticiasdefato.jornal\",\"https:\/\/youtube.com\/@JornalNoticiasDeFato\"]},{\"@type\":\"Person\",\"@id\":\"https:\/\/noticiasdefato.net\/#\/schema\/person\/991aa25c94399b45050a06ad540c702f\",\"name\":\"Thiago Eduardo\",\"image\":{\"@type\":\"ImageObject\",\"inLanguage\":\"pt-BR\",\"@id\":\"https:\/\/noticiasdefato.net\/#\/schema\/person\/image\/\",\"url\":\"https:\/\/secure.gravatar.com\/avatar\/b565c072bf1bd0d79efe2c48ab82d1a8df93488df89f920926d6ea2e77d319ba?s=96&d=mm&r=g\",\"contentUrl\":\"https:\/\/secure.gravatar.com\/avatar\/b565c072bf1bd0d79efe2c48ab82d1a8df93488df89f920926d6ea2e77d319ba?s=96&d=mm&r=g\",\"caption\":\"Thiago Eduardo\"},\"url\":\"https:\/\/noticiasdefato.net\/?author=3\"}]}<\/script>\n<!-- \/ Yoast SEO plugin. -->","yoast_head_json":{"title":"MOTORISTAS POR APLICATIVO QUEREM MUDAN\u00c7AS NA LEI - Not\u00edcias de Fato","description":"Lei foi aprovada no munic\u00edpio em que os ve\u00edculos usados por aplicativos devem ter no m\u00e1ximo dez anos de uso","robots":{"index":"index","follow":"follow","max-snippet":"max-snippet:-1","max-image-preview":"max-image-preview:large","max-video-preview":"max-video-preview:-1"},"canonical":"https:\/\/noticiasdefato.net\/?p=951","og_locale":"pt_BR","og_type":"article","og_title":"MOTORISTAS POR APLICATIVO QUEREM MUDAN\u00c7AS NA LEI - Not\u00edcias de Fato","og_description":"Lei foi aprovada no munic\u00edpio em que os ve\u00edculos usados por aplicativos devem ter no m\u00e1ximo dez anos de uso","og_url":"https:\/\/noticiasdefato.net\/?p=951","og_site_name":"Not\u00edcias de Fato","article_publisher":"https:\/\/fb.com\/noticiasdefato.jornal","article_published_time":"2024-03-06T13:16:52+00:00","article_modified_time":"2024-03-06T14:44:40+00:00","og_image":[{"width":984,"height":655,"url":"https:\/\/noticiasdefato.net\/wp-content\/uploads\/2024\/03\/motorista-aplicativo.png","type":"image\/png"}],"author":"Thiago Eduardo","twitter_card":"summary_large_image","twitter_creator":"@noticiasdefato_","twitter_site":"@noticiasdefato_","twitter_misc":{"Escrito por":"Thiago Eduardo","Est. tempo de leitura":"2 minutos"},"schema":{"@context":"https:\/\/schema.org","@graph":[{"@type":"Article","@id":"https:\/\/noticiasdefato.net\/?p=951#article","isPartOf":{"@id":"https:\/\/noticiasdefato.net\/?p=951"},"author":{"name":"Thiago Eduardo","@id":"https:\/\/noticiasdefato.net\/#\/schema\/person\/991aa25c94399b45050a06ad540c702f"},"headline":"MOTORISTAS POR APLICATIVO QUEREM MUDAN\u00c7AS NA LEI","datePublished":"2024-03-06T13:16:52+00:00","dateModified":"2024-03-06T14:44:40+00:00","mainEntityOfPage":{"@id":"https:\/\/noticiasdefato.net\/?p=951"},"wordCount":198,"commentCount":0,"publisher":{"@id":"https:\/\/noticiasdefato.net\/#organization"},"image":{"@id":"https:\/\/noticiasdefato.net\/?p=951#primaryimage"},"thumbnailUrl":"https:\/\/noticiasdefato.net\/wp-content\/uploads\/2024\/03\/motorista-aplicativo.png","articleSection":["Geral"],"inLanguage":"pt-BR","potentialAction":[{"@type":"CommentAction","name":"Comment","target":["https:\/\/noticiasdefato.net\/?p=951#respond"]}]},{"@type":"WebPage","@id":"https:\/\/noticiasdefato.net\/?p=951","url":"https:\/\/noticiasdefato.net\/?p=951","name":"MOTORISTAS POR APLICATIVO QUEREM MUDAN\u00c7AS NA LEI - Not\u00edcias de Fato","isPartOf":{"@id":"https:\/\/noticiasdefato.net\/#website"},"primaryImageOfPage":{"@id":"https:\/\/noticiasdefato.net\/?p=951#primaryimage"},"image":{"@id":"https:\/\/noticiasdefato.net\/?p=951#primaryimage"},"thumbnailUrl":"https:\/\/noticiasdefato.net\/wp-content\/uploads\/2024\/03\/motorista-aplicativo.png","datePublished":"2024-03-06T13:16:52+00:00","dateModified":"2024-03-06T14:44:40+00:00","description":"Lei foi aprovada no munic\u00edpio em que os ve\u00edculos usados por aplicativos devem ter no m\u00e1ximo dez anos de uso","breadcrumb":{"@id":"https:\/\/noticiasdefato.net\/?p=951#breadcrumb"},"inLanguage":"pt-BR","potentialAction":[{"@type":"ReadAction","target":["https:\/\/noticiasdefato.net\/?p=951"]}]},{"@type":"ImageObject","inLanguage":"pt-BR","@id":"https:\/\/noticiasdefato.net\/?p=951#primaryimage","url":"https:\/\/noticiasdefato.net\/wp-content\/uploads\/2024\/03\/motorista-aplicativo.png","contentUrl":"https:\/\/noticiasdefato.net\/wp-content\/uploads\/2024\/03\/motorista-aplicativo.png","width":984,"height":655},{"@type":"BreadcrumbList","@id":"https:\/\/noticiasdefato.net\/?p=951#breadcrumb","itemListElement":[{"@type":"ListItem","position":1,"name":"In\u00edcio","item":"https:\/\/noticiasdefato.net\/"},{"@type":"ListItem","position":2,"name":"MOTORISTAS POR APLICATIVO QUEREM MUDAN\u00c7AS NA LEI"}]},{"@type":"WebSite","@id":"https:\/\/noticiasdefato.net\/#website","url":"https:\/\/noticiasdefato.net\/","name":"Not\u00edcias de Fato","description":"Trabalhamos com honestidade, seriedade e com a verdade.","publisher":{"@id":"https:\/\/noticiasdefato.net\/#organization"},"potentialAction":[{"@type":"SearchAction","target":{"@type":"EntryPoint","urlTemplate":"https:\/\/noticiasdefato.net\/?s={search_term_string}"},"query-input":"required name=search_term_string"}],"inLanguage":"pt-BR"},{"@type":"Organization","@id":"https:\/\/noticiasdefato.net\/#organization","name":"Not\u00edcias de Fato","url":"https:\/\/noticiasdefato.net\/","logo":{"@type":"ImageObject","inLanguage":"pt-BR","@id":"https:\/\/noticiasdefato.net\/#\/schema\/logo\/image\/","url":"https:\/\/noticiasdefato.net\/wp-content\/uploads\/2024\/02\/cropped-logo_topo.png","contentUrl":"https:\/\/noticiasdefato.net\/wp-content\/uploads\/2024\/02\/cropped-logo_topo.png","width":1948,"height":665,"caption":"Not\u00edcias de Fato"},"image":{"@id":"https:\/\/noticiasdefato.net\/#\/schema\/logo\/image\/"},"sameAs":["https:\/\/fb.com\/noticiasdefato.jornal","https:\/\/x.com\/noticiasdefato_","https:\/\/instagram.com\/noticiasdefato.jornal","https:\/\/youtube.com\/@JornalNoticiasDeFato"]},{"@type":"Person","@id":"https:\/\/noticiasdefato.net\/#\/schema\/person\/991aa25c94399b45050a06ad540c702f","name":"Thiago Eduardo","image":{"@type":"ImageObject","inLanguage":"pt-BR","@id":"https:\/\/noticiasdefato.net\/#\/schema\/person\/image\/","url":"https:\/\/secure.gravatar.com\/avatar\/b565c072bf1bd0d79efe2c48ab82d1a8df93488df89f920926d6ea2e77d319ba?s=96&d=mm&r=g","contentUrl":"https:\/\/secure.gravatar.com\/avatar\/b565c072bf1bd0d79efe2c48ab82d1a8df93488df89f920926d6ea2e77d319ba?s=96&d=mm&r=g","caption":"Thiago Eduardo"},"url":"https:\/\/noticiasdefato.net\/?author=3"}]}},"_links":{"self":[{"href":"https:\/\/noticiasdefato.net\/index.php?rest_route=\/wp\/v2\/posts\/951","targetHints":{"allow":["GET"]}}],"collection":[{"href":"https:\/\/noticiasdefato.net\/index.php?rest_route=\/wp\/v2\/posts"}],"about":[{"href":"https:\/\/noticiasdefato.net\/index.php?rest_route=\/wp\/v2\/types\/post"}],"author":[{"embeddable":true,"href":"https:\/\/noticiasdefato.net\/index.php?rest_route=\/wp\/v2\/users\/3"}],"replies":[{"embeddable":true,"href":"https:\/\/noticiasdefato.net\/index.php?rest_route=%2Fwp%2Fv2%2Fcomments&post=951"}],"version-history":[{"count":1,"href":"https:\/\/noticiasdefato.net\/index.php?rest_route=\/wp\/v2\/posts\/951\/revisions"}],"predecessor-version":[{"id":954,"href":"https:\/\/noticiasdefato.net\/index.php?rest_route=\/wp\/v2\/posts\/951\/revisions\/954"}],"wp:featuredmedia":[{"embeddable":true,"href":"https:\/\/noticiasdefato.net\/index.php?rest_route=\/wp\/v2\/media\/955"}],"wp:attachment":[{"href":"https:\/\/noticiasdefato.net\/index.php?rest_route=%2Fwp%2Fv2%2Fmedia&parent=951"}],"wp:term":[{"taxonomy":"category","embeddable":true,"href":"https:\/\/noticiasdefato.net\/index.php?rest_route=%2Fwp%2Fv2%2Fcategories&post=951"},{"taxonomy":"post_tag","embeddable":true,"href":"https:\/\/noticiasdefato.net\/index.php?rest_route=%2Fwp%2Fv2%2Ftags&post=951"}],"curies":[{"name":"wp","href":"https:\/\/api.w.org\/{rel}","templated":true}]}}