{"id":962,"date":"2024-03-06T20:06:02","date_gmt":"2024-03-06T23:06:02","guid":{"rendered":"https:\/\/noticiasdefato.net\/?p=962"},"modified":"2024-03-06T20:06:03","modified_gmt":"2024-03-06T23:06:03","slug":"vereador-cobra-aplicacao-de-emendas","status":"publish","type":"post","link":"https:\/\/noticiasdefato.net\/?p=962","title":{"rendered":"VEREADOR COBRA APLICA\u00c7\u00c3O DE EMENDAS"},"content":{"rendered":"\n<p>Vereador M\u00e1rcio Dunga (PDT) reclamou das emendas impositivas de sua autoria e que ainda n\u00e3o foram empenhadas para benfeitorias nas quadras. Ele disse que desde 2021 est\u00e1 cobrando a instala\u00e7\u00e3o de um bebedouro e de um vesti\u00e1rio da quadra de Gaspar Lopes e n\u00e3o obteve \u00eaxito. Ele avisa que estas benfeitorias (bebedouro e vestu\u00e1rio) ficam em oito mil reais e reclamou que \u201cse gasta muito com festas\u201d e que \u00e9 preciso rever a aplica\u00e7\u00e3o do dinheiro.<\/p>\n\n\n\n<p>Dunga tamb\u00e9m reclamou de terreno cheio de mato, que fica na Rua S\u00e3o Jorge, no bairro Santa Clara, em Alfenas.<\/p>\n\n\n\n<figure class=\"wp-block-image size-large\"><img fetchpriority=\"high\" decoding=\"async\" width=\"1024\" height=\"579\" src=\"https:\/\/noticiasdefato.net\/wp-content\/uploads\/2024\/03\/dunga-1024x579.png\" alt=\"\" class=\"wp-image-963\" srcset=\"https:\/\/noticiasdefato.net\/wp-content\/uploads\/2024\/03\/dunga-1024x579.png 1024w, https:\/\/noticiasdefato.net\/wp-content\/uploads\/2024\/03\/dunga-300x170.png 300w, https:\/\/noticiasdefato.net\/wp-content\/uploads\/2024\/03\/dunga-768x434.png 768w, https:\/\/noticiasdefato.net\/wp-content\/uploads\/2024\/03\/dunga-159x90.png 159w, https:\/\/noticiasdefato.net\/wp-content\/uploads\/2024\/03\/dunga.png 1073w\" sizes=\"(max-width: 1024px) 100vw, 1024px\" \/><\/figure>\n","protected":false},"excerpt":{"rendered":"<p>Vereador reclama que desde 2021 est\u00e1 cobrando a instala\u00e7\u00e3o de um bebedouro e de um vesti\u00e1rio da quadra de Gaspar Lopes <a href=\"https:\/\/noticiasdefato.net\/?p=962\" class=\"more-link\">Continuar lendo <span class=\"screen-reader-text\">VEREADOR COBRA APLICA\u00c7\u00c3O DE EMENDAS<\/span><\/a><\/p>\n","protected":false},"author":3,"featured_media":963,"comment_status":"open","ping_status":"open","sticky":false,"template":"","format":"standard","meta":{"footnotes":""},"categories":[18],"tags":[],"class_list":["post-962","post","type-post","status-publish","format-standard","has-post-thumbnail","hentry","category-politica"],"yoast_head":"<!-- This site is optimized with the Yoast SEO plugin v23.2 - https:\/\/yoast.com\/wordpress\/plugins\/seo\/ -->\n<title>VEREADOR COBRA APLICA\u00c7\u00c3O DE EMENDAS - Not\u00edcias de Fato<\/title>\n<meta name=\"description\" content=\"Vereador reclama que desde 2021 est\u00e1 cobrando a instala\u00e7\u00e3o de um bebedouro e de um vesti\u00e1rio da quadra de Gaspar Lopes\" \/>\n<meta name=\"robots\" content=\"index, follow, max-snippet:-1, max-image-preview:large, max-video-preview:-1\" \/>\n<link rel=\"canonical\" href=\"https:\/\/noticiasdefato.net\/?p=962\" \/>\n<meta property=\"og:locale\" content=\"pt_BR\" \/>\n<meta property=\"og:type\" content=\"article\" \/>\n<meta property=\"og:title\" content=\"VEREADOR COBRA APLICA\u00c7\u00c3O DE EMENDAS - Not\u00edcias de Fato\" \/>\n<meta property=\"og:description\" content=\"Vereador reclama que desde 2021 est\u00e1 cobrando a instala\u00e7\u00e3o de um bebedouro e de um vesti\u00e1rio da quadra de Gaspar Lopes\" \/>\n<meta property=\"og:url\" content=\"https:\/\/noticiasdefato.net\/?p=962\" \/>\n<meta property=\"og:site_name\" content=\"Not\u00edcias de Fato\" \/>\n<meta property=\"article:publisher\" content=\"https:\/\/fb.com\/noticiasdefato.jornal\" \/>\n<meta property=\"article:published_time\" content=\"2024-03-06T23:06:02+00:00\" \/>\n<meta property=\"article:modified_time\" content=\"2024-03-06T23:06:03+00:00\" \/>\n<meta property=\"og:image\" content=\"https:\/\/noticiasdefato.net\/wp-content\/uploads\/2024\/03\/dunga.png\" \/>\n\t<meta property=\"og:image:width\" content=\"1073\" \/>\n\t<meta property=\"og:image:height\" content=\"607\" \/>\n\t<meta property=\"og:image:type\" content=\"image\/png\" \/>\n<meta name=\"author\" content=\"Thiago Eduardo\" \/>\n<meta name=\"twitter:card\" content=\"summary_large_image\" \/>\n<meta name=\"twitter:creator\" content=\"@noticiasdefato_\" \/>\n<meta name=\"twitter:site\" content=\"@noticiasdefato_\" \/>\n<meta name=\"twitter:label1\" content=\"Escrito por\" \/>\n\t<meta name=\"twitter:data1\" content=\"Thiago Eduardo\" \/>\n\t<meta name=\"twitter:label2\" content=\"Est. tempo de leitura\" \/>\n\t<meta name=\"twitter:data2\" content=\"1 minuto\" \/>\n<script type=\"application\/ld+json\" class=\"yoast-schema-graph\">{\"@context\":\"https:\/\/schema.org\",\"@graph\":[{\"@type\":\"Article\",\"@id\":\"https:\/\/noticiasdefato.net\/?p=962#article\",\"isPartOf\":{\"@id\":\"https:\/\/noticiasdefato.net\/?p=962\"},\"author\":{\"name\":\"Thiago Eduardo\",\"@id\":\"https:\/\/noticiasdefato.net\/#\/schema\/person\/991aa25c94399b45050a06ad540c702f\"},\"headline\":\"VEREADOR COBRA APLICA\u00c7\u00c3O DE EMENDAS\",\"datePublished\":\"2024-03-06T23:06:02+00:00\",\"dateModified\":\"2024-03-06T23:06:03+00:00\",\"mainEntityOfPage\":{\"@id\":\"https:\/\/noticiasdefato.net\/?p=962\"},\"wordCount\":109,\"commentCount\":0,\"publisher\":{\"@id\":\"https:\/\/noticiasdefato.net\/#organization\"},\"image\":{\"@id\":\"https:\/\/noticiasdefato.net\/?p=962#primaryimage\"},\"thumbnailUrl\":\"https:\/\/noticiasdefato.net\/wp-content\/uploads\/2024\/03\/dunga.png\",\"articleSection\":[\"Pol\u00edtica\"],\"inLanguage\":\"pt-BR\",\"potentialAction\":[{\"@type\":\"CommentAction\",\"name\":\"Comment\",\"target\":[\"https:\/\/noticiasdefato.net\/?p=962#respond\"]}]},{\"@type\":\"WebPage\",\"@id\":\"https:\/\/noticiasdefato.net\/?p=962\",\"url\":\"https:\/\/noticiasdefato.net\/?p=962\",\"name\":\"VEREADOR COBRA APLICA\u00c7\u00c3O DE EMENDAS - Not\u00edcias de Fato\",\"isPartOf\":{\"@id\":\"https:\/\/noticiasdefato.net\/#website\"},\"primaryImageOfPage\":{\"@id\":\"https:\/\/noticiasdefato.net\/?p=962#primaryimage\"},\"image\":{\"@id\":\"https:\/\/noticiasdefato.net\/?p=962#primaryimage\"},\"thumbnailUrl\":\"https:\/\/noticiasdefato.net\/wp-content\/uploads\/2024\/03\/dunga.png\",\"datePublished\":\"2024-03-06T23:06:02+00:00\",\"dateModified\":\"2024-03-06T23:06:03+00:00\",\"description\":\"Vereador reclama que desde 2021 est\u00e1 cobrando a instala\u00e7\u00e3o de um bebedouro e de um vesti\u00e1rio da quadra de Gaspar Lopes\",\"breadcrumb\":{\"@id\":\"https:\/\/noticiasdefato.net\/?p=962#breadcrumb\"},\"inLanguage\":\"pt-BR\",\"potentialAction\":[{\"@type\":\"ReadAction\",\"target\":[\"https:\/\/noticiasdefato.net\/?p=962\"]}]},{\"@type\":\"ImageObject\",\"inLanguage\":\"pt-BR\",\"@id\":\"https:\/\/noticiasdefato.net\/?p=962#primaryimage\",\"url\":\"https:\/\/noticiasdefato.net\/wp-content\/uploads\/2024\/03\/dunga.png\",\"contentUrl\":\"https:\/\/noticiasdefato.net\/wp-content\/uploads\/2024\/03\/dunga.png\",\"width\":1073,\"height\":607},{\"@type\":\"BreadcrumbList\",\"@id\":\"https:\/\/noticiasdefato.net\/?p=962#breadcrumb\",\"itemListElement\":[{\"@type\":\"ListItem\",\"position\":1,\"name\":\"In\u00edcio\",\"item\":\"https:\/\/noticiasdefato.net\/\"},{\"@type\":\"ListItem\",\"position\":2,\"name\":\"VEREADOR COBRA APLICA\u00c7\u00c3O DE EMENDAS\"}]},{\"@type\":\"WebSite\",\"@id\":\"https:\/\/noticiasdefato.net\/#website\",\"url\":\"https:\/\/noticiasdefato.net\/\",\"name\":\"Not\u00edcias de Fato\",\"description\":\"Trabalhamos com honestidade, seriedade e com a verdade.\",\"publisher\":{\"@id\":\"https:\/\/noticiasdefato.net\/#organization\"},\"potentialAction\":[{\"@type\":\"SearchAction\",\"target\":{\"@type\":\"EntryPoint\",\"urlTemplate\":\"https:\/\/noticiasdefato.net\/?s={search_term_string}\"},\"query-input\":\"required name=search_term_string\"}],\"inLanguage\":\"pt-BR\"},{\"@type\":\"Organization\",\"@id\":\"https:\/\/noticiasdefato.net\/#organization\",\"name\":\"Not\u00edcias de Fato\",\"url\":\"https:\/\/noticiasdefato.net\/\",\"logo\":{\"@type\":\"ImageObject\",\"inLanguage\":\"pt-BR\",\"@id\":\"https:\/\/noticiasdefato.net\/#\/schema\/logo\/image\/\",\"url\":\"https:\/\/noticiasdefato.net\/wp-content\/uploads\/2024\/02\/cropped-logo_topo.png\",\"contentUrl\":\"https:\/\/noticiasdefato.net\/wp-content\/uploads\/2024\/02\/cropped-logo_topo.png\",\"width\":1948,\"height\":665,\"caption\":\"Not\u00edcias de Fato\"},\"image\":{\"@id\":\"https:\/\/noticiasdefato.net\/#\/schema\/logo\/image\/\"},\"sameAs\":[\"https:\/\/fb.com\/noticiasdefato.jornal\",\"https:\/\/x.com\/noticiasdefato_\",\"https:\/\/instagram.com\/noticiasdefato.jornal\",\"https:\/\/youtube.com\/@JornalNoticiasDeFato\"]},{\"@type\":\"Person\",\"@id\":\"https:\/\/noticiasdefato.net\/#\/schema\/person\/991aa25c94399b45050a06ad540c702f\",\"name\":\"Thiago Eduardo\",\"image\":{\"@type\":\"ImageObject\",\"inLanguage\":\"pt-BR\",\"@id\":\"https:\/\/noticiasdefato.net\/#\/schema\/person\/image\/\",\"url\":\"https:\/\/secure.gravatar.com\/avatar\/b565c072bf1bd0d79efe2c48ab82d1a8df93488df89f920926d6ea2e77d319ba?s=96&d=mm&r=g\",\"contentUrl\":\"https:\/\/secure.gravatar.com\/avatar\/b565c072bf1bd0d79efe2c48ab82d1a8df93488df89f920926d6ea2e77d319ba?s=96&d=mm&r=g\",\"caption\":\"Thiago Eduardo\"},\"url\":\"https:\/\/noticiasdefato.net\/?author=3\"}]}<\/script>\n<!-- \/ Yoast SEO plugin. -->","yoast_head_json":{"title":"VEREADOR COBRA APLICA\u00c7\u00c3O DE EMENDAS - Not\u00edcias de Fato","description":"Vereador reclama que desde 2021 est\u00e1 cobrando a instala\u00e7\u00e3o de um bebedouro e de um vesti\u00e1rio da quadra de Gaspar Lopes","robots":{"index":"index","follow":"follow","max-snippet":"max-snippet:-1","max-image-preview":"max-image-preview:large","max-video-preview":"max-video-preview:-1"},"canonical":"https:\/\/noticiasdefato.net\/?p=962","og_locale":"pt_BR","og_type":"article","og_title":"VEREADOR COBRA APLICA\u00c7\u00c3O DE EMENDAS - Not\u00edcias de Fato","og_description":"Vereador reclama que desde 2021 est\u00e1 cobrando a instala\u00e7\u00e3o de um bebedouro e de um vesti\u00e1rio da quadra de Gaspar Lopes","og_url":"https:\/\/noticiasdefato.net\/?p=962","og_site_name":"Not\u00edcias de Fato","article_publisher":"https:\/\/fb.com\/noticiasdefato.jornal","article_published_time":"2024-03-06T23:06:02+00:00","article_modified_time":"2024-03-06T23:06:03+00:00","og_image":[{"width":1073,"height":607,"url":"https:\/\/noticiasdefato.net\/wp-content\/uploads\/2024\/03\/dunga.png","type":"image\/png"}],"author":"Thiago Eduardo","twitter_card":"summary_large_image","twitter_creator":"@noticiasdefato_","twitter_site":"@noticiasdefato_","twitter_misc":{"Escrito por":"Thiago Eduardo","Est. tempo de leitura":"1 minuto"},"schema":{"@context":"https:\/\/schema.org","@graph":[{"@type":"Article","@id":"https:\/\/noticiasdefato.net\/?p=962#article","isPartOf":{"@id":"https:\/\/noticiasdefato.net\/?p=962"},"author":{"name":"Thiago Eduardo","@id":"https:\/\/noticiasdefato.net\/#\/schema\/person\/991aa25c94399b45050a06ad540c702f"},"headline":"VEREADOR COBRA APLICA\u00c7\u00c3O DE EMENDAS","datePublished":"2024-03-06T23:06:02+00:00","dateModified":"2024-03-06T23:06:03+00:00","mainEntityOfPage":{"@id":"https:\/\/noticiasdefato.net\/?p=962"},"wordCount":109,"commentCount":0,"publisher":{"@id":"https:\/\/noticiasdefato.net\/#organization"},"image":{"@id":"https:\/\/noticiasdefato.net\/?p=962#primaryimage"},"thumbnailUrl":"https:\/\/noticiasdefato.net\/wp-content\/uploads\/2024\/03\/dunga.png","articleSection":["Pol\u00edtica"],"inLanguage":"pt-BR","potentialAction":[{"@type":"CommentAction","name":"Comment","target":["https:\/\/noticiasdefato.net\/?p=962#respond"]}]},{"@type":"WebPage","@id":"https:\/\/noticiasdefato.net\/?p=962","url":"https:\/\/noticiasdefato.net\/?p=962","name":"VEREADOR COBRA APLICA\u00c7\u00c3O DE EMENDAS - Not\u00edcias de Fato","isPartOf":{"@id":"https:\/\/noticiasdefato.net\/#website"},"primaryImageOfPage":{"@id":"https:\/\/noticiasdefato.net\/?p=962#primaryimage"},"image":{"@id":"https:\/\/noticiasdefato.net\/?p=962#primaryimage"},"thumbnailUrl":"https:\/\/noticiasdefato.net\/wp-content\/uploads\/2024\/03\/dunga.png","datePublished":"2024-03-06T23:06:02+00:00","dateModified":"2024-03-06T23:06:03+00:00","description":"Vereador reclama que desde 2021 est\u00e1 cobrando a instala\u00e7\u00e3o de um bebedouro e de um vesti\u00e1rio da quadra de Gaspar Lopes","breadcrumb":{"@id":"https:\/\/noticiasdefato.net\/?p=962#breadcrumb"},"inLanguage":"pt-BR","potentialAction":[{"@type":"ReadAction","target":["https:\/\/noticiasdefato.net\/?p=962"]}]},{"@type":"ImageObject","inLanguage":"pt-BR","@id":"https:\/\/noticiasdefato.net\/?p=962#primaryimage","url":"https:\/\/noticiasdefato.net\/wp-content\/uploads\/2024\/03\/dunga.png","contentUrl":"https:\/\/noticiasdefato.net\/wp-content\/uploads\/2024\/03\/dunga.png","width":1073,"height":607},{"@type":"BreadcrumbList","@id":"https:\/\/noticiasdefato.net\/?p=962#breadcrumb","itemListElement":[{"@type":"ListItem","position":1,"name":"In\u00edcio","item":"https:\/\/noticiasdefato.net\/"},{"@type":"ListItem","position":2,"name":"VEREADOR COBRA APLICA\u00c7\u00c3O DE EMENDAS"}]},{"@type":"WebSite","@id":"https:\/\/noticiasdefato.net\/#website","url":"https:\/\/noticiasdefato.net\/","name":"Not\u00edcias de Fato","description":"Trabalhamos com honestidade, seriedade e com a verdade.","publisher":{"@id":"https:\/\/noticiasdefato.net\/#organization"},"potentialAction":[{"@type":"SearchAction","target":{"@type":"EntryPoint","urlTemplate":"https:\/\/noticiasdefato.net\/?s={search_term_string}"},"query-input":"required name=search_term_string"}],"inLanguage":"pt-BR"},{"@type":"Organization","@id":"https:\/\/noticiasdefato.net\/#organization","name":"Not\u00edcias de Fato","url":"https:\/\/noticiasdefato.net\/","logo":{"@type":"ImageObject","inLanguage":"pt-BR","@id":"https:\/\/noticiasdefato.net\/#\/schema\/logo\/image\/","url":"https:\/\/noticiasdefato.net\/wp-content\/uploads\/2024\/02\/cropped-logo_topo.png","contentUrl":"https:\/\/noticiasdefato.net\/wp-content\/uploads\/2024\/02\/cropped-logo_topo.png","width":1948,"height":665,"caption":"Not\u00edcias de Fato"},"image":{"@id":"https:\/\/noticiasdefato.net\/#\/schema\/logo\/image\/"},"sameAs":["https:\/\/fb.com\/noticiasdefato.jornal","https:\/\/x.com\/noticiasdefato_","https:\/\/instagram.com\/noticiasdefato.jornal","https:\/\/youtube.com\/@JornalNoticiasDeFato"]},{"@type":"Person","@id":"https:\/\/noticiasdefato.net\/#\/schema\/person\/991aa25c94399b45050a06ad540c702f","name":"Thiago Eduardo","image":{"@type":"ImageObject","inLanguage":"pt-BR","@id":"https:\/\/noticiasdefato.net\/#\/schema\/person\/image\/","url":"https:\/\/secure.gravatar.com\/avatar\/b565c072bf1bd0d79efe2c48ab82d1a8df93488df89f920926d6ea2e77d319ba?s=96&d=mm&r=g","contentUrl":"https:\/\/secure.gravatar.com\/avatar\/b565c072bf1bd0d79efe2c48ab82d1a8df93488df89f920926d6ea2e77d319ba?s=96&d=mm&r=g","caption":"Thiago Eduardo"},"url":"https:\/\/noticiasdefato.net\/?author=3"}]}},"_links":{"self":[{"href":"https:\/\/noticiasdefato.net\/index.php?rest_route=\/wp\/v2\/posts\/962","targetHints":{"allow":["GET"]}}],"collection":[{"href":"https:\/\/noticiasdefato.net\/index.php?rest_route=\/wp\/v2\/posts"}],"about":[{"href":"https:\/\/noticiasdefato.net\/index.php?rest_route=\/wp\/v2\/types\/post"}],"author":[{"embeddable":true,"href":"https:\/\/noticiasdefato.net\/index.php?rest_route=\/wp\/v2\/users\/3"}],"replies":[{"embeddable":true,"href":"https:\/\/noticiasdefato.net\/index.php?rest_route=%2Fwp%2Fv2%2Fcomments&post=962"}],"version-history":[{"count":1,"href":"https:\/\/noticiasdefato.net\/index.php?rest_route=\/wp\/v2\/posts\/962\/revisions"}],"predecessor-version":[{"id":964,"href":"https:\/\/noticiasdefato.net\/index.php?rest_route=\/wp\/v2\/posts\/962\/revisions\/964"}],"wp:featuredmedia":[{"embeddable":true,"href":"https:\/\/noticiasdefato.net\/index.php?rest_route=\/wp\/v2\/media\/963"}],"wp:attachment":[{"href":"https:\/\/noticiasdefato.net\/index.php?rest_route=%2Fwp%2Fv2%2Fmedia&parent=962"}],"wp:term":[{"taxonomy":"category","embeddable":true,"href":"https:\/\/noticiasdefato.net\/index.php?rest_route=%2Fwp%2Fv2%2Fcategories&post=962"},{"taxonomy":"post_tag","embeddable":true,"href":"https:\/\/noticiasdefato.net\/index.php?rest_route=%2Fwp%2Fv2%2Ftags&post=962"}],"curies":[{"name":"wp","href":"https:\/\/api.w.org\/{rel}","templated":true}]}}