{"id":965,"date":"2024-03-06T20:31:34","date_gmt":"2024-03-06T23:31:34","guid":{"rendered":"https:\/\/noticiasdefato.net\/?p=965"},"modified":"2024-03-06T21:02:50","modified_gmt":"2024-03-07T00:02:50","slug":"orgaos-voltados-para-atendimento-a-mulher-falharam","status":"publish","type":"post","link":"https:\/\/noticiasdefato.net\/?p=965","title":{"rendered":"\u00d3RG\u00c3OS PARA ATENDIMENTO \u00c0 MULHER FALHARAM. FALTAM VAGAS NAS CRECHES."},"content":{"rendered":"\n<p>Na semana da mulher, todos os parlamentares lamentaram o fato da funcion\u00e1ria da prefeitura, do setor de varri\u00e7\u00e3o, ter sido violentada, enquanto trabalhava, nas primeiras horas da manh\u00e3, pr\u00f3ximo ao bairro Boa Esperan\u00e7a.<\/p>\n\n\n\n<p>Durante a reuni\u00e3o, K\u00e1tia Goyat\u00e1 (PDT) fez grave den\u00fancia sobre o caso da servidora que foi violentada. Segundo a vereadora, ela ouviu uma assistente social do munic\u00edpio, que acompanhou a servidora v\u00edtima de estupro, e esta assistente social alegou que, alguns dos aparelhos que s\u00e3o destinados ao cuidado da mulher e que deveriam auxiliar esta servidora, naquele dia, n\u00e3o funcionaram. \u201cAs portas de entrada n\u00e3o funcionaram naquele momento\u201d, denunciou Goyat\u00e1. Ela afirmou que ser\u00e1 realizada uma reuni\u00e3o para averiguar tais fatos.<\/p>\n\n\n\n<p>Goyat\u00e1 sugeriu ao prefeito, por meio de indica\u00e7\u00e3o, que seja criada a Secretaria da Mulher. \u201cSe esta secretaria especializada existisse, a servidora que sofreu a viol\u00eancia, teria sido atendida e resolvido seus problemas em um s\u00f3 lugar,\u201d sentenciou a vereadora.<\/p>\n\n\n\n<figure class=\"wp-block-image size-full\"><img fetchpriority=\"high\" decoding=\"async\" width=\"935\" height=\"483\" src=\"https:\/\/noticiasdefato.net\/wp-content\/uploads\/2024\/03\/katya.png\" alt=\"\" class=\"wp-image-966\" srcset=\"https:\/\/noticiasdefato.net\/wp-content\/uploads\/2024\/03\/katya.png 935w, https:\/\/noticiasdefato.net\/wp-content\/uploads\/2024\/03\/katya-300x155.png 300w, https:\/\/noticiasdefato.net\/wp-content\/uploads\/2024\/03\/katya-768x397.png 768w, https:\/\/noticiasdefato.net\/wp-content\/uploads\/2024\/03\/katya-174x90.png 174w\" sizes=\"(max-width: 935px) 100vw, 935px\" \/><\/figure>\n\n\n\n<p><strong>FALTAM VAGAS EM CRECHES<\/strong><\/p>\n\n\n\n<p>A den\u00fancia foi feita pela vereadora pedetista: \u201cFaltam vagas para crian\u00e7as menores de cinco anos.\u201d. Ela citou o secret\u00e1rio de educa\u00e7\u00e3o, Eliacim do Carmo Louren\u00e7o, e pediu que ele aumente o n\u00famero de creches e\/ou o n\u00famero de vagas.<\/p>\n","protected":false},"excerpt":{"rendered":"<p>\u201cAs portas de entrada n\u00e3o funcionaram naquele momento\u201d, diz vereadora <a href=\"https:\/\/noticiasdefato.net\/?p=965\" class=\"more-link\">Continuar lendo <span class=\"screen-reader-text\">\u00d3RG\u00c3OS PARA ATENDIMENTO \u00c0 MULHER FALHARAM. FALTAM VAGAS NAS CRECHES.<\/span><\/a><\/p>\n","protected":false},"author":3,"featured_media":966,"comment_status":"open","ping_status":"open","sticky":false,"template":"","format":"standard","meta":{"footnotes":""},"categories":[18],"tags":[],"class_list":["post-965","post","type-post","status-publish","format-standard","has-post-thumbnail","hentry","category-politica"],"yoast_head":"<!-- This site is optimized with the Yoast SEO plugin v23.2 - https:\/\/yoast.com\/wordpress\/plugins\/seo\/ -->\n<title>\u00d3RG\u00c3OS PARA ATENDIMENTO \u00c0 MULHER FALHARAM. FALTAM VAGAS NAS CRECHES. - Not\u00edcias de Fato<\/title>\n<meta name=\"description\" content=\"\u201cAs portas de entrada n\u00e3o funcionaram naquele momento\u201d, diz vereadora\" \/>\n<meta name=\"robots\" content=\"index, follow, max-snippet:-1, max-image-preview:large, max-video-preview:-1\" \/>\n<link rel=\"canonical\" href=\"https:\/\/noticiasdefato.net\/?p=965\" \/>\n<meta property=\"og:locale\" content=\"pt_BR\" \/>\n<meta property=\"og:type\" content=\"article\" \/>\n<meta property=\"og:title\" content=\"\u00d3RG\u00c3OS PARA ATENDIMENTO \u00c0 MULHER FALHARAM. FALTAM VAGAS NAS CRECHES. - Not\u00edcias de Fato\" \/>\n<meta property=\"og:description\" content=\"\u201cAs portas de entrada n\u00e3o funcionaram naquele momento\u201d, diz vereadora\" \/>\n<meta property=\"og:url\" content=\"https:\/\/noticiasdefato.net\/?p=965\" \/>\n<meta property=\"og:site_name\" content=\"Not\u00edcias de Fato\" \/>\n<meta property=\"article:publisher\" content=\"https:\/\/fb.com\/noticiasdefato.jornal\" \/>\n<meta property=\"article:published_time\" content=\"2024-03-06T23:31:34+00:00\" \/>\n<meta property=\"article:modified_time\" content=\"2024-03-07T00:02:50+00:00\" \/>\n<meta property=\"og:image\" content=\"https:\/\/noticiasdefato.net\/wp-content\/uploads\/2024\/03\/katya.png\" \/>\n\t<meta property=\"og:image:width\" content=\"935\" \/>\n\t<meta property=\"og:image:height\" content=\"483\" \/>\n\t<meta property=\"og:image:type\" content=\"image\/png\" \/>\n<meta name=\"author\" content=\"Thiago Eduardo\" \/>\n<meta name=\"twitter:card\" content=\"summary_large_image\" \/>\n<meta name=\"twitter:creator\" content=\"@noticiasdefato_\" \/>\n<meta name=\"twitter:site\" content=\"@noticiasdefato_\" \/>\n<meta name=\"twitter:label1\" content=\"Escrito por\" \/>\n\t<meta name=\"twitter:data1\" content=\"Thiago Eduardo\" \/>\n\t<meta name=\"twitter:label2\" content=\"Est. tempo de leitura\" \/>\n\t<meta name=\"twitter:data2\" content=\"2 minutos\" \/>\n<script type=\"application\/ld+json\" class=\"yoast-schema-graph\">{\"@context\":\"https:\/\/schema.org\",\"@graph\":[{\"@type\":\"Article\",\"@id\":\"https:\/\/noticiasdefato.net\/?p=965#article\",\"isPartOf\":{\"@id\":\"https:\/\/noticiasdefato.net\/?p=965\"},\"author\":{\"name\":\"Thiago Eduardo\",\"@id\":\"https:\/\/noticiasdefato.net\/#\/schema\/person\/991aa25c94399b45050a06ad540c702f\"},\"headline\":\"\u00d3RG\u00c3OS PARA ATENDIMENTO \u00c0 MULHER FALHARAM. FALTAM VAGAS NAS CRECHES.\",\"datePublished\":\"2024-03-06T23:31:34+00:00\",\"dateModified\":\"2024-03-07T00:02:50+00:00\",\"mainEntityOfPage\":{\"@id\":\"https:\/\/noticiasdefato.net\/?p=965\"},\"wordCount\":230,\"commentCount\":0,\"publisher\":{\"@id\":\"https:\/\/noticiasdefato.net\/#organization\"},\"image\":{\"@id\":\"https:\/\/noticiasdefato.net\/?p=965#primaryimage\"},\"thumbnailUrl\":\"https:\/\/noticiasdefato.net\/wp-content\/uploads\/2024\/03\/katya.png\",\"articleSection\":[\"Pol\u00edtica\"],\"inLanguage\":\"pt-BR\",\"potentialAction\":[{\"@type\":\"CommentAction\",\"name\":\"Comment\",\"target\":[\"https:\/\/noticiasdefato.net\/?p=965#respond\"]}]},{\"@type\":\"WebPage\",\"@id\":\"https:\/\/noticiasdefato.net\/?p=965\",\"url\":\"https:\/\/noticiasdefato.net\/?p=965\",\"name\":\"\u00d3RG\u00c3OS PARA ATENDIMENTO \u00c0 MULHER FALHARAM. FALTAM VAGAS NAS CRECHES. - Not\u00edcias de Fato\",\"isPartOf\":{\"@id\":\"https:\/\/noticiasdefato.net\/#website\"},\"primaryImageOfPage\":{\"@id\":\"https:\/\/noticiasdefato.net\/?p=965#primaryimage\"},\"image\":{\"@id\":\"https:\/\/noticiasdefato.net\/?p=965#primaryimage\"},\"thumbnailUrl\":\"https:\/\/noticiasdefato.net\/wp-content\/uploads\/2024\/03\/katya.png\",\"datePublished\":\"2024-03-06T23:31:34+00:00\",\"dateModified\":\"2024-03-07T00:02:50+00:00\",\"description\":\"\u201cAs portas de entrada n\u00e3o funcionaram naquele momento\u201d, diz vereadora\",\"breadcrumb\":{\"@id\":\"https:\/\/noticiasdefato.net\/?p=965#breadcrumb\"},\"inLanguage\":\"pt-BR\",\"potentialAction\":[{\"@type\":\"ReadAction\",\"target\":[\"https:\/\/noticiasdefato.net\/?p=965\"]}]},{\"@type\":\"ImageObject\",\"inLanguage\":\"pt-BR\",\"@id\":\"https:\/\/noticiasdefato.net\/?p=965#primaryimage\",\"url\":\"https:\/\/noticiasdefato.net\/wp-content\/uploads\/2024\/03\/katya.png\",\"contentUrl\":\"https:\/\/noticiasdefato.net\/wp-content\/uploads\/2024\/03\/katya.png\",\"width\":935,\"height\":483},{\"@type\":\"BreadcrumbList\",\"@id\":\"https:\/\/noticiasdefato.net\/?p=965#breadcrumb\",\"itemListElement\":[{\"@type\":\"ListItem\",\"position\":1,\"name\":\"In\u00edcio\",\"item\":\"https:\/\/noticiasdefato.net\/\"},{\"@type\":\"ListItem\",\"position\":2,\"name\":\"\u00d3RG\u00c3OS PARA ATENDIMENTO \u00c0 MULHER FALHARAM. FALTAM VAGAS NAS CRECHES.\"}]},{\"@type\":\"WebSite\",\"@id\":\"https:\/\/noticiasdefato.net\/#website\",\"url\":\"https:\/\/noticiasdefato.net\/\",\"name\":\"Not\u00edcias de Fato\",\"description\":\"Trabalhamos com honestidade, seriedade e com a verdade.\",\"publisher\":{\"@id\":\"https:\/\/noticiasdefato.net\/#organization\"},\"potentialAction\":[{\"@type\":\"SearchAction\",\"target\":{\"@type\":\"EntryPoint\",\"urlTemplate\":\"https:\/\/noticiasdefato.net\/?s={search_term_string}\"},\"query-input\":\"required name=search_term_string\"}],\"inLanguage\":\"pt-BR\"},{\"@type\":\"Organization\",\"@id\":\"https:\/\/noticiasdefato.net\/#organization\",\"name\":\"Not\u00edcias de Fato\",\"url\":\"https:\/\/noticiasdefato.net\/\",\"logo\":{\"@type\":\"ImageObject\",\"inLanguage\":\"pt-BR\",\"@id\":\"https:\/\/noticiasdefato.net\/#\/schema\/logo\/image\/\",\"url\":\"https:\/\/noticiasdefato.net\/wp-content\/uploads\/2024\/02\/cropped-logo_topo.png\",\"contentUrl\":\"https:\/\/noticiasdefato.net\/wp-content\/uploads\/2024\/02\/cropped-logo_topo.png\",\"width\":1948,\"height\":665,\"caption\":\"Not\u00edcias de Fato\"},\"image\":{\"@id\":\"https:\/\/noticiasdefato.net\/#\/schema\/logo\/image\/\"},\"sameAs\":[\"https:\/\/fb.com\/noticiasdefato.jornal\",\"https:\/\/x.com\/noticiasdefato_\",\"https:\/\/instagram.com\/noticiasdefato.jornal\",\"https:\/\/youtube.com\/@JornalNoticiasDeFato\"]},{\"@type\":\"Person\",\"@id\":\"https:\/\/noticiasdefato.net\/#\/schema\/person\/991aa25c94399b45050a06ad540c702f\",\"name\":\"Thiago Eduardo\",\"image\":{\"@type\":\"ImageObject\",\"inLanguage\":\"pt-BR\",\"@id\":\"https:\/\/noticiasdefato.net\/#\/schema\/person\/image\/\",\"url\":\"https:\/\/secure.gravatar.com\/avatar\/b565c072bf1bd0d79efe2c48ab82d1a8df93488df89f920926d6ea2e77d319ba?s=96&d=mm&r=g\",\"contentUrl\":\"https:\/\/secure.gravatar.com\/avatar\/b565c072bf1bd0d79efe2c48ab82d1a8df93488df89f920926d6ea2e77d319ba?s=96&d=mm&r=g\",\"caption\":\"Thiago Eduardo\"},\"url\":\"https:\/\/noticiasdefato.net\/?author=3\"}]}<\/script>\n<!-- \/ Yoast SEO plugin. -->","yoast_head_json":{"title":"\u00d3RG\u00c3OS PARA ATENDIMENTO \u00c0 MULHER FALHARAM. FALTAM VAGAS NAS CRECHES. - Not\u00edcias de Fato","description":"\u201cAs portas de entrada n\u00e3o funcionaram naquele momento\u201d, diz vereadora","robots":{"index":"index","follow":"follow","max-snippet":"max-snippet:-1","max-image-preview":"max-image-preview:large","max-video-preview":"max-video-preview:-1"},"canonical":"https:\/\/noticiasdefato.net\/?p=965","og_locale":"pt_BR","og_type":"article","og_title":"\u00d3RG\u00c3OS PARA ATENDIMENTO \u00c0 MULHER FALHARAM. FALTAM VAGAS NAS CRECHES. - Not\u00edcias de Fato","og_description":"\u201cAs portas de entrada n\u00e3o funcionaram naquele momento\u201d, diz vereadora","og_url":"https:\/\/noticiasdefato.net\/?p=965","og_site_name":"Not\u00edcias de Fato","article_publisher":"https:\/\/fb.com\/noticiasdefato.jornal","article_published_time":"2024-03-06T23:31:34+00:00","article_modified_time":"2024-03-07T00:02:50+00:00","og_image":[{"width":935,"height":483,"url":"https:\/\/noticiasdefato.net\/wp-content\/uploads\/2024\/03\/katya.png","type":"image\/png"}],"author":"Thiago Eduardo","twitter_card":"summary_large_image","twitter_creator":"@noticiasdefato_","twitter_site":"@noticiasdefato_","twitter_misc":{"Escrito por":"Thiago Eduardo","Est. tempo de leitura":"2 minutos"},"schema":{"@context":"https:\/\/schema.org","@graph":[{"@type":"Article","@id":"https:\/\/noticiasdefato.net\/?p=965#article","isPartOf":{"@id":"https:\/\/noticiasdefato.net\/?p=965"},"author":{"name":"Thiago Eduardo","@id":"https:\/\/noticiasdefato.net\/#\/schema\/person\/991aa25c94399b45050a06ad540c702f"},"headline":"\u00d3RG\u00c3OS PARA ATENDIMENTO \u00c0 MULHER FALHARAM. FALTAM VAGAS NAS CRECHES.","datePublished":"2024-03-06T23:31:34+00:00","dateModified":"2024-03-07T00:02:50+00:00","mainEntityOfPage":{"@id":"https:\/\/noticiasdefato.net\/?p=965"},"wordCount":230,"commentCount":0,"publisher":{"@id":"https:\/\/noticiasdefato.net\/#organization"},"image":{"@id":"https:\/\/noticiasdefato.net\/?p=965#primaryimage"},"thumbnailUrl":"https:\/\/noticiasdefato.net\/wp-content\/uploads\/2024\/03\/katya.png","articleSection":["Pol\u00edtica"],"inLanguage":"pt-BR","potentialAction":[{"@type":"CommentAction","name":"Comment","target":["https:\/\/noticiasdefato.net\/?p=965#respond"]}]},{"@type":"WebPage","@id":"https:\/\/noticiasdefato.net\/?p=965","url":"https:\/\/noticiasdefato.net\/?p=965","name":"\u00d3RG\u00c3OS PARA ATENDIMENTO \u00c0 MULHER FALHARAM. FALTAM VAGAS NAS CRECHES. - Not\u00edcias de Fato","isPartOf":{"@id":"https:\/\/noticiasdefato.net\/#website"},"primaryImageOfPage":{"@id":"https:\/\/noticiasdefato.net\/?p=965#primaryimage"},"image":{"@id":"https:\/\/noticiasdefato.net\/?p=965#primaryimage"},"thumbnailUrl":"https:\/\/noticiasdefato.net\/wp-content\/uploads\/2024\/03\/katya.png","datePublished":"2024-03-06T23:31:34+00:00","dateModified":"2024-03-07T00:02:50+00:00","description":"\u201cAs portas de entrada n\u00e3o funcionaram naquele momento\u201d, diz vereadora","breadcrumb":{"@id":"https:\/\/noticiasdefato.net\/?p=965#breadcrumb"},"inLanguage":"pt-BR","potentialAction":[{"@type":"ReadAction","target":["https:\/\/noticiasdefato.net\/?p=965"]}]},{"@type":"ImageObject","inLanguage":"pt-BR","@id":"https:\/\/noticiasdefato.net\/?p=965#primaryimage","url":"https:\/\/noticiasdefato.net\/wp-content\/uploads\/2024\/03\/katya.png","contentUrl":"https:\/\/noticiasdefato.net\/wp-content\/uploads\/2024\/03\/katya.png","width":935,"height":483},{"@type":"BreadcrumbList","@id":"https:\/\/noticiasdefato.net\/?p=965#breadcrumb","itemListElement":[{"@type":"ListItem","position":1,"name":"In\u00edcio","item":"https:\/\/noticiasdefato.net\/"},{"@type":"ListItem","position":2,"name":"\u00d3RG\u00c3OS PARA ATENDIMENTO \u00c0 MULHER FALHARAM. FALTAM VAGAS NAS CRECHES."}]},{"@type":"WebSite","@id":"https:\/\/noticiasdefato.net\/#website","url":"https:\/\/noticiasdefato.net\/","name":"Not\u00edcias de Fato","description":"Trabalhamos com honestidade, seriedade e com a verdade.","publisher":{"@id":"https:\/\/noticiasdefato.net\/#organization"},"potentialAction":[{"@type":"SearchAction","target":{"@type":"EntryPoint","urlTemplate":"https:\/\/noticiasdefato.net\/?s={search_term_string}"},"query-input":"required name=search_term_string"}],"inLanguage":"pt-BR"},{"@type":"Organization","@id":"https:\/\/noticiasdefato.net\/#organization","name":"Not\u00edcias de Fato","url":"https:\/\/noticiasdefato.net\/","logo":{"@type":"ImageObject","inLanguage":"pt-BR","@id":"https:\/\/noticiasdefato.net\/#\/schema\/logo\/image\/","url":"https:\/\/noticiasdefato.net\/wp-content\/uploads\/2024\/02\/cropped-logo_topo.png","contentUrl":"https:\/\/noticiasdefato.net\/wp-content\/uploads\/2024\/02\/cropped-logo_topo.png","width":1948,"height":665,"caption":"Not\u00edcias de Fato"},"image":{"@id":"https:\/\/noticiasdefato.net\/#\/schema\/logo\/image\/"},"sameAs":["https:\/\/fb.com\/noticiasdefato.jornal","https:\/\/x.com\/noticiasdefato_","https:\/\/instagram.com\/noticiasdefato.jornal","https:\/\/youtube.com\/@JornalNoticiasDeFato"]},{"@type":"Person","@id":"https:\/\/noticiasdefato.net\/#\/schema\/person\/991aa25c94399b45050a06ad540c702f","name":"Thiago Eduardo","image":{"@type":"ImageObject","inLanguage":"pt-BR","@id":"https:\/\/noticiasdefato.net\/#\/schema\/person\/image\/","url":"https:\/\/secure.gravatar.com\/avatar\/b565c072bf1bd0d79efe2c48ab82d1a8df93488df89f920926d6ea2e77d319ba?s=96&d=mm&r=g","contentUrl":"https:\/\/secure.gravatar.com\/avatar\/b565c072bf1bd0d79efe2c48ab82d1a8df93488df89f920926d6ea2e77d319ba?s=96&d=mm&r=g","caption":"Thiago Eduardo"},"url":"https:\/\/noticiasdefato.net\/?author=3"}]}},"_links":{"self":[{"href":"https:\/\/noticiasdefato.net\/index.php?rest_route=\/wp\/v2\/posts\/965","targetHints":{"allow":["GET"]}}],"collection":[{"href":"https:\/\/noticiasdefato.net\/index.php?rest_route=\/wp\/v2\/posts"}],"about":[{"href":"https:\/\/noticiasdefato.net\/index.php?rest_route=\/wp\/v2\/types\/post"}],"author":[{"embeddable":true,"href":"https:\/\/noticiasdefato.net\/index.php?rest_route=\/wp\/v2\/users\/3"}],"replies":[{"embeddable":true,"href":"https:\/\/noticiasdefato.net\/index.php?rest_route=%2Fwp%2Fv2%2Fcomments&post=965"}],"version-history":[{"count":2,"href":"https:\/\/noticiasdefato.net\/index.php?rest_route=\/wp\/v2\/posts\/965\/revisions"}],"predecessor-version":[{"id":980,"href":"https:\/\/noticiasdefato.net\/index.php?rest_route=\/wp\/v2\/posts\/965\/revisions\/980"}],"wp:featuredmedia":[{"embeddable":true,"href":"https:\/\/noticiasdefato.net\/index.php?rest_route=\/wp\/v2\/media\/966"}],"wp:attachment":[{"href":"https:\/\/noticiasdefato.net\/index.php?rest_route=%2Fwp%2Fv2%2Fmedia&parent=965"}],"wp:term":[{"taxonomy":"category","embeddable":true,"href":"https:\/\/noticiasdefato.net\/index.php?rest_route=%2Fwp%2Fv2%2Fcategories&post=965"},{"taxonomy":"post_tag","embeddable":true,"href":"https:\/\/noticiasdefato.net\/index.php?rest_route=%2Fwp%2Fv2%2Ftags&post=965"}],"curies":[{"name":"wp","href":"https:\/\/api.w.org\/{rel}","templated":true}]}}