{"id":968,"date":"2024-03-06T20:38:43","date_gmt":"2024-03-06T23:38:43","guid":{"rendered":"https:\/\/noticiasdefato.net\/?p=968"},"modified":"2024-03-06T20:51:41","modified_gmt":"2024-03-06T23:51:41","slug":"dominguinhos-pede-fumace-contra-a-dengue","status":"publish","type":"post","link":"https:\/\/noticiasdefato.net\/?p=968","title":{"rendered":"FUMAC\u00ca CONTRA A DENGUE E VERBAS N\u00c3O EMPENHADAS"},"content":{"rendered":"\n<p>Preocupado com o aumento dos casos de dengue, Dominguinhos sugeriu \u00e0 secretaria de sa\u00fade que j\u00e1 \u00e9 hora de fazer o fumac\u00ea, \u201cAntes que as coisas piorem.\u201d. Dominguinhos tamb\u00e9m apontou que existem muitos lotes sujos na cidade e pediu provid\u00eancias do executivo.<\/p>\n\n\n\n<p>Dominguinhos chama a aten\u00e7\u00e3o dos dirigentes da secretaria de obras e de agricultura para que a sua emenda impositiva, no valor de 329 mil reais, seja destinada para a reforma dos caminh\u00f5es e m\u00e1quinas que est\u00e3o parados, entre elas uma retroescavadeira. \u201cQue fa\u00e7am a licita\u00e7\u00e3o para arrumar estas m\u00e1quinas a serem utilizadas para na reforma das estradas rurais\u201d, recomendou o vereador.<\/p>\n\n\n\n<figure class=\"wp-block-image size-full\"><img fetchpriority=\"high\" decoding=\"async\" width=\"985\" height=\"443\" src=\"https:\/\/noticiasdefato.net\/wp-content\/uploads\/2024\/03\/dominguinhos.png\" alt=\"\" class=\"wp-image-969\" srcset=\"https:\/\/noticiasdefato.net\/wp-content\/uploads\/2024\/03\/dominguinhos.png 985w, https:\/\/noticiasdefato.net\/wp-content\/uploads\/2024\/03\/dominguinhos-300x135.png 300w, https:\/\/noticiasdefato.net\/wp-content\/uploads\/2024\/03\/dominguinhos-768x345.png 768w, https:\/\/noticiasdefato.net\/wp-content\/uploads\/2024\/03\/dominguinhos-200x90.png 200w\" sizes=\"(max-width: 985px) 100vw, 985px\" \/><\/figure>\n","protected":false},"excerpt":{"rendered":"<p>\u201cAntes que as coisas piorem.\u201d, diz vereador <a href=\"https:\/\/noticiasdefato.net\/?p=968\" class=\"more-link\">Continuar lendo <span class=\"screen-reader-text\">FUMAC\u00ca CONTRA A DENGUE E VERBAS N\u00c3O EMPENHADAS<\/span><\/a><\/p>\n","protected":false},"author":3,"featured_media":969,"comment_status":"open","ping_status":"open","sticky":false,"template":"","format":"standard","meta":{"footnotes":""},"categories":[18],"tags":[],"class_list":["post-968","post","type-post","status-publish","format-standard","has-post-thumbnail","hentry","category-politica"],"yoast_head":"<!-- This site is optimized with the Yoast SEO plugin v23.2 - https:\/\/yoast.com\/wordpress\/plugins\/seo\/ -->\n<title>FUMAC\u00ca CONTRA A DENGUE E VERBAS N\u00c3O EMPENHADAS - Not\u00edcias de Fato<\/title>\n<meta name=\"description\" content=\"\u201cAntes que as coisas piorem.\u201d, diz vereador\" \/>\n<meta name=\"robots\" content=\"index, follow, max-snippet:-1, max-image-preview:large, max-video-preview:-1\" \/>\n<link rel=\"canonical\" href=\"https:\/\/noticiasdefato.net\/?p=968\" \/>\n<meta property=\"og:locale\" content=\"pt_BR\" \/>\n<meta property=\"og:type\" content=\"article\" \/>\n<meta property=\"og:title\" content=\"FUMAC\u00ca CONTRA A DENGUE E VERBAS N\u00c3O EMPENHADAS - Not\u00edcias de Fato\" \/>\n<meta property=\"og:description\" content=\"\u201cAntes que as coisas piorem.\u201d, diz vereador\" \/>\n<meta property=\"og:url\" content=\"https:\/\/noticiasdefato.net\/?p=968\" \/>\n<meta property=\"og:site_name\" content=\"Not\u00edcias de Fato\" \/>\n<meta property=\"article:publisher\" content=\"https:\/\/fb.com\/noticiasdefato.jornal\" \/>\n<meta property=\"article:published_time\" content=\"2024-03-06T23:38:43+00:00\" \/>\n<meta property=\"article:modified_time\" content=\"2024-03-06T23:51:41+00:00\" \/>\n<meta property=\"og:image\" content=\"https:\/\/noticiasdefato.net\/wp-content\/uploads\/2024\/03\/dominguinhos.png\" \/>\n\t<meta property=\"og:image:width\" content=\"985\" \/>\n\t<meta property=\"og:image:height\" content=\"443\" \/>\n\t<meta property=\"og:image:type\" content=\"image\/png\" \/>\n<meta name=\"author\" content=\"Thiago Eduardo\" \/>\n<meta name=\"twitter:card\" content=\"summary_large_image\" \/>\n<meta name=\"twitter:creator\" content=\"@noticiasdefato_\" \/>\n<meta name=\"twitter:site\" content=\"@noticiasdefato_\" \/>\n<meta name=\"twitter:label1\" content=\"Escrito por\" \/>\n\t<meta name=\"twitter:data1\" content=\"Thiago Eduardo\" \/>\n\t<meta name=\"twitter:label2\" content=\"Est. tempo de leitura\" \/>\n\t<meta name=\"twitter:data2\" content=\"1 minuto\" \/>\n<script type=\"application\/ld+json\" class=\"yoast-schema-graph\">{\"@context\":\"https:\/\/schema.org\",\"@graph\":[{\"@type\":\"Article\",\"@id\":\"https:\/\/noticiasdefato.net\/?p=968#article\",\"isPartOf\":{\"@id\":\"https:\/\/noticiasdefato.net\/?p=968\"},\"author\":{\"name\":\"Thiago Eduardo\",\"@id\":\"https:\/\/noticiasdefato.net\/#\/schema\/person\/991aa25c94399b45050a06ad540c702f\"},\"headline\":\"FUMAC\u00ca CONTRA A DENGUE E VERBAS N\u00c3O EMPENHADAS\",\"datePublished\":\"2024-03-06T23:38:43+00:00\",\"dateModified\":\"2024-03-06T23:51:41+00:00\",\"mainEntityOfPage\":{\"@id\":\"https:\/\/noticiasdefato.net\/?p=968\"},\"wordCount\":119,\"commentCount\":0,\"publisher\":{\"@id\":\"https:\/\/noticiasdefato.net\/#organization\"},\"image\":{\"@id\":\"https:\/\/noticiasdefato.net\/?p=968#primaryimage\"},\"thumbnailUrl\":\"https:\/\/noticiasdefato.net\/wp-content\/uploads\/2024\/03\/dominguinhos.png\",\"articleSection\":[\"Pol\u00edtica\"],\"inLanguage\":\"pt-BR\",\"potentialAction\":[{\"@type\":\"CommentAction\",\"name\":\"Comment\",\"target\":[\"https:\/\/noticiasdefato.net\/?p=968#respond\"]}]},{\"@type\":\"WebPage\",\"@id\":\"https:\/\/noticiasdefato.net\/?p=968\",\"url\":\"https:\/\/noticiasdefato.net\/?p=968\",\"name\":\"FUMAC\u00ca CONTRA A DENGUE E VERBAS N\u00c3O EMPENHADAS - Not\u00edcias de Fato\",\"isPartOf\":{\"@id\":\"https:\/\/noticiasdefato.net\/#website\"},\"primaryImageOfPage\":{\"@id\":\"https:\/\/noticiasdefato.net\/?p=968#primaryimage\"},\"image\":{\"@id\":\"https:\/\/noticiasdefato.net\/?p=968#primaryimage\"},\"thumbnailUrl\":\"https:\/\/noticiasdefato.net\/wp-content\/uploads\/2024\/03\/dominguinhos.png\",\"datePublished\":\"2024-03-06T23:38:43+00:00\",\"dateModified\":\"2024-03-06T23:51:41+00:00\",\"description\":\"\u201cAntes que as coisas piorem.\u201d, diz vereador\",\"breadcrumb\":{\"@id\":\"https:\/\/noticiasdefato.net\/?p=968#breadcrumb\"},\"inLanguage\":\"pt-BR\",\"potentialAction\":[{\"@type\":\"ReadAction\",\"target\":[\"https:\/\/noticiasdefato.net\/?p=968\"]}]},{\"@type\":\"ImageObject\",\"inLanguage\":\"pt-BR\",\"@id\":\"https:\/\/noticiasdefato.net\/?p=968#primaryimage\",\"url\":\"https:\/\/noticiasdefato.net\/wp-content\/uploads\/2024\/03\/dominguinhos.png\",\"contentUrl\":\"https:\/\/noticiasdefato.net\/wp-content\/uploads\/2024\/03\/dominguinhos.png\",\"width\":985,\"height\":443},{\"@type\":\"BreadcrumbList\",\"@id\":\"https:\/\/noticiasdefato.net\/?p=968#breadcrumb\",\"itemListElement\":[{\"@type\":\"ListItem\",\"position\":1,\"name\":\"In\u00edcio\",\"item\":\"https:\/\/noticiasdefato.net\/\"},{\"@type\":\"ListItem\",\"position\":2,\"name\":\"FUMAC\u00ca CONTRA A DENGUE E VERBAS N\u00c3O EMPENHADAS\"}]},{\"@type\":\"WebSite\",\"@id\":\"https:\/\/noticiasdefato.net\/#website\",\"url\":\"https:\/\/noticiasdefato.net\/\",\"name\":\"Not\u00edcias de Fato\",\"description\":\"Trabalhamos com honestidade, seriedade e com a verdade.\",\"publisher\":{\"@id\":\"https:\/\/noticiasdefato.net\/#organization\"},\"potentialAction\":[{\"@type\":\"SearchAction\",\"target\":{\"@type\":\"EntryPoint\",\"urlTemplate\":\"https:\/\/noticiasdefato.net\/?s={search_term_string}\"},\"query-input\":\"required name=search_term_string\"}],\"inLanguage\":\"pt-BR\"},{\"@type\":\"Organization\",\"@id\":\"https:\/\/noticiasdefato.net\/#organization\",\"name\":\"Not\u00edcias de Fato\",\"url\":\"https:\/\/noticiasdefato.net\/\",\"logo\":{\"@type\":\"ImageObject\",\"inLanguage\":\"pt-BR\",\"@id\":\"https:\/\/noticiasdefato.net\/#\/schema\/logo\/image\/\",\"url\":\"https:\/\/noticiasdefato.net\/wp-content\/uploads\/2024\/02\/cropped-logo_topo.png\",\"contentUrl\":\"https:\/\/noticiasdefato.net\/wp-content\/uploads\/2024\/02\/cropped-logo_topo.png\",\"width\":1948,\"height\":665,\"caption\":\"Not\u00edcias de Fato\"},\"image\":{\"@id\":\"https:\/\/noticiasdefato.net\/#\/schema\/logo\/image\/\"},\"sameAs\":[\"https:\/\/fb.com\/noticiasdefato.jornal\",\"https:\/\/x.com\/noticiasdefato_\",\"https:\/\/instagram.com\/noticiasdefato.jornal\",\"https:\/\/youtube.com\/@JornalNoticiasDeFato\"]},{\"@type\":\"Person\",\"@id\":\"https:\/\/noticiasdefato.net\/#\/schema\/person\/991aa25c94399b45050a06ad540c702f\",\"name\":\"Thiago Eduardo\",\"image\":{\"@type\":\"ImageObject\",\"inLanguage\":\"pt-BR\",\"@id\":\"https:\/\/noticiasdefato.net\/#\/schema\/person\/image\/\",\"url\":\"https:\/\/secure.gravatar.com\/avatar\/b565c072bf1bd0d79efe2c48ab82d1a8df93488df89f920926d6ea2e77d319ba?s=96&d=mm&r=g\",\"contentUrl\":\"https:\/\/secure.gravatar.com\/avatar\/b565c072bf1bd0d79efe2c48ab82d1a8df93488df89f920926d6ea2e77d319ba?s=96&d=mm&r=g\",\"caption\":\"Thiago Eduardo\"},\"url\":\"https:\/\/noticiasdefato.net\/?author=3\"}]}<\/script>\n<!-- \/ Yoast SEO plugin. -->","yoast_head_json":{"title":"FUMAC\u00ca CONTRA A DENGUE E VERBAS N\u00c3O EMPENHADAS - Not\u00edcias de Fato","description":"\u201cAntes que as coisas piorem.\u201d, diz vereador","robots":{"index":"index","follow":"follow","max-snippet":"max-snippet:-1","max-image-preview":"max-image-preview:large","max-video-preview":"max-video-preview:-1"},"canonical":"https:\/\/noticiasdefato.net\/?p=968","og_locale":"pt_BR","og_type":"article","og_title":"FUMAC\u00ca CONTRA A DENGUE E VERBAS N\u00c3O EMPENHADAS - Not\u00edcias de Fato","og_description":"\u201cAntes que as coisas piorem.\u201d, diz vereador","og_url":"https:\/\/noticiasdefato.net\/?p=968","og_site_name":"Not\u00edcias de Fato","article_publisher":"https:\/\/fb.com\/noticiasdefato.jornal","article_published_time":"2024-03-06T23:38:43+00:00","article_modified_time":"2024-03-06T23:51:41+00:00","og_image":[{"width":985,"height":443,"url":"https:\/\/noticiasdefato.net\/wp-content\/uploads\/2024\/03\/dominguinhos.png","type":"image\/png"}],"author":"Thiago Eduardo","twitter_card":"summary_large_image","twitter_creator":"@noticiasdefato_","twitter_site":"@noticiasdefato_","twitter_misc":{"Escrito por":"Thiago Eduardo","Est. tempo de leitura":"1 minuto"},"schema":{"@context":"https:\/\/schema.org","@graph":[{"@type":"Article","@id":"https:\/\/noticiasdefato.net\/?p=968#article","isPartOf":{"@id":"https:\/\/noticiasdefato.net\/?p=968"},"author":{"name":"Thiago Eduardo","@id":"https:\/\/noticiasdefato.net\/#\/schema\/person\/991aa25c94399b45050a06ad540c702f"},"headline":"FUMAC\u00ca CONTRA A DENGUE E VERBAS N\u00c3O EMPENHADAS","datePublished":"2024-03-06T23:38:43+00:00","dateModified":"2024-03-06T23:51:41+00:00","mainEntityOfPage":{"@id":"https:\/\/noticiasdefato.net\/?p=968"},"wordCount":119,"commentCount":0,"publisher":{"@id":"https:\/\/noticiasdefato.net\/#organization"},"image":{"@id":"https:\/\/noticiasdefato.net\/?p=968#primaryimage"},"thumbnailUrl":"https:\/\/noticiasdefato.net\/wp-content\/uploads\/2024\/03\/dominguinhos.png","articleSection":["Pol\u00edtica"],"inLanguage":"pt-BR","potentialAction":[{"@type":"CommentAction","name":"Comment","target":["https:\/\/noticiasdefato.net\/?p=968#respond"]}]},{"@type":"WebPage","@id":"https:\/\/noticiasdefato.net\/?p=968","url":"https:\/\/noticiasdefato.net\/?p=968","name":"FUMAC\u00ca CONTRA A DENGUE E VERBAS N\u00c3O EMPENHADAS - Not\u00edcias de Fato","isPartOf":{"@id":"https:\/\/noticiasdefato.net\/#website"},"primaryImageOfPage":{"@id":"https:\/\/noticiasdefato.net\/?p=968#primaryimage"},"image":{"@id":"https:\/\/noticiasdefato.net\/?p=968#primaryimage"},"thumbnailUrl":"https:\/\/noticiasdefato.net\/wp-content\/uploads\/2024\/03\/dominguinhos.png","datePublished":"2024-03-06T23:38:43+00:00","dateModified":"2024-03-06T23:51:41+00:00","description":"\u201cAntes que as coisas piorem.\u201d, diz vereador","breadcrumb":{"@id":"https:\/\/noticiasdefato.net\/?p=968#breadcrumb"},"inLanguage":"pt-BR","potentialAction":[{"@type":"ReadAction","target":["https:\/\/noticiasdefato.net\/?p=968"]}]},{"@type":"ImageObject","inLanguage":"pt-BR","@id":"https:\/\/noticiasdefato.net\/?p=968#primaryimage","url":"https:\/\/noticiasdefato.net\/wp-content\/uploads\/2024\/03\/dominguinhos.png","contentUrl":"https:\/\/noticiasdefato.net\/wp-content\/uploads\/2024\/03\/dominguinhos.png","width":985,"height":443},{"@type":"BreadcrumbList","@id":"https:\/\/noticiasdefato.net\/?p=968#breadcrumb","itemListElement":[{"@type":"ListItem","position":1,"name":"In\u00edcio","item":"https:\/\/noticiasdefato.net\/"},{"@type":"ListItem","position":2,"name":"FUMAC\u00ca CONTRA A DENGUE E VERBAS N\u00c3O EMPENHADAS"}]},{"@type":"WebSite","@id":"https:\/\/noticiasdefato.net\/#website","url":"https:\/\/noticiasdefato.net\/","name":"Not\u00edcias de Fato","description":"Trabalhamos com honestidade, seriedade e com a verdade.","publisher":{"@id":"https:\/\/noticiasdefato.net\/#organization"},"potentialAction":[{"@type":"SearchAction","target":{"@type":"EntryPoint","urlTemplate":"https:\/\/noticiasdefato.net\/?s={search_term_string}"},"query-input":"required name=search_term_string"}],"inLanguage":"pt-BR"},{"@type":"Organization","@id":"https:\/\/noticiasdefato.net\/#organization","name":"Not\u00edcias de Fato","url":"https:\/\/noticiasdefato.net\/","logo":{"@type":"ImageObject","inLanguage":"pt-BR","@id":"https:\/\/noticiasdefato.net\/#\/schema\/logo\/image\/","url":"https:\/\/noticiasdefato.net\/wp-content\/uploads\/2024\/02\/cropped-logo_topo.png","contentUrl":"https:\/\/noticiasdefato.net\/wp-content\/uploads\/2024\/02\/cropped-logo_topo.png","width":1948,"height":665,"caption":"Not\u00edcias de Fato"},"image":{"@id":"https:\/\/noticiasdefato.net\/#\/schema\/logo\/image\/"},"sameAs":["https:\/\/fb.com\/noticiasdefato.jornal","https:\/\/x.com\/noticiasdefato_","https:\/\/instagram.com\/noticiasdefato.jornal","https:\/\/youtube.com\/@JornalNoticiasDeFato"]},{"@type":"Person","@id":"https:\/\/noticiasdefato.net\/#\/schema\/person\/991aa25c94399b45050a06ad540c702f","name":"Thiago Eduardo","image":{"@type":"ImageObject","inLanguage":"pt-BR","@id":"https:\/\/noticiasdefato.net\/#\/schema\/person\/image\/","url":"https:\/\/secure.gravatar.com\/avatar\/b565c072bf1bd0d79efe2c48ab82d1a8df93488df89f920926d6ea2e77d319ba?s=96&d=mm&r=g","contentUrl":"https:\/\/secure.gravatar.com\/avatar\/b565c072bf1bd0d79efe2c48ab82d1a8df93488df89f920926d6ea2e77d319ba?s=96&d=mm&r=g","caption":"Thiago Eduardo"},"url":"https:\/\/noticiasdefato.net\/?author=3"}]}},"_links":{"self":[{"href":"https:\/\/noticiasdefato.net\/index.php?rest_route=\/wp\/v2\/posts\/968","targetHints":{"allow":["GET"]}}],"collection":[{"href":"https:\/\/noticiasdefato.net\/index.php?rest_route=\/wp\/v2\/posts"}],"about":[{"href":"https:\/\/noticiasdefato.net\/index.php?rest_route=\/wp\/v2\/types\/post"}],"author":[{"embeddable":true,"href":"https:\/\/noticiasdefato.net\/index.php?rest_route=\/wp\/v2\/users\/3"}],"replies":[{"embeddable":true,"href":"https:\/\/noticiasdefato.net\/index.php?rest_route=%2Fwp%2Fv2%2Fcomments&post=968"}],"version-history":[{"count":2,"href":"https:\/\/noticiasdefato.net\/index.php?rest_route=\/wp\/v2\/posts\/968\/revisions"}],"predecessor-version":[{"id":972,"href":"https:\/\/noticiasdefato.net\/index.php?rest_route=\/wp\/v2\/posts\/968\/revisions\/972"}],"wp:featuredmedia":[{"embeddable":true,"href":"https:\/\/noticiasdefato.net\/index.php?rest_route=\/wp\/v2\/media\/969"}],"wp:attachment":[{"href":"https:\/\/noticiasdefato.net\/index.php?rest_route=%2Fwp%2Fv2%2Fmedia&parent=968"}],"wp:term":[{"taxonomy":"category","embeddable":true,"href":"https:\/\/noticiasdefato.net\/index.php?rest_route=%2Fwp%2Fv2%2Fcategories&post=968"},{"taxonomy":"post_tag","embeddable":true,"href":"https:\/\/noticiasdefato.net\/index.php?rest_route=%2Fwp%2Fv2%2Ftags&post=968"}],"curies":[{"name":"wp","href":"https:\/\/api.w.org\/{rel}","templated":true}]}}