{"id":973,"date":"2024-03-06T20:54:58","date_gmt":"2024-03-06T23:54:58","guid":{"rendered":"https:\/\/noticiasdefato.net\/?p=973"},"modified":"2024-03-06T20:54:59","modified_gmt":"2024-03-06T23:54:59","slug":"tani-rose-e-lider-do-governo","status":"publish","type":"post","link":"https:\/\/noticiasdefato.net\/?p=973","title":{"rendered":"TANI ROSE \u00c9 L\u00cdDER DO GOVERNO"},"content":{"rendered":"\n<p>Durante a reuni\u00e3o de segunda-feira, 04, o Presidente da C\u00e2mara, Carlinhos Vardem\u00e1, avisou que o prefeito encaminhou of\u00edcio \u00e0 C\u00e2mara nomeando a vereadora Tani Rose como a nova l\u00edder do governo na C\u00e2mara.<\/p>\n\n\n\n<figure class=\"wp-block-image size-large\"><img fetchpriority=\"high\" decoding=\"async\" width=\"1024\" height=\"491\" src=\"https:\/\/noticiasdefato.net\/wp-content\/uploads\/2024\/03\/tani-rose-1024x491.png\" alt=\"\" class=\"wp-image-974\" srcset=\"https:\/\/noticiasdefato.net\/wp-content\/uploads\/2024\/03\/tani-rose-1024x491.png 1024w, https:\/\/noticiasdefato.net\/wp-content\/uploads\/2024\/03\/tani-rose-300x144.png 300w, https:\/\/noticiasdefato.net\/wp-content\/uploads\/2024\/03\/tani-rose-768x368.png 768w, https:\/\/noticiasdefato.net\/wp-content\/uploads\/2024\/03\/tani-rose-188x90.png 188w, https:\/\/noticiasdefato.net\/wp-content\/uploads\/2024\/03\/tani-rose.png 1051w\" sizes=\"(max-width: 1024px) 100vw, 1024px\" \/><\/figure>\n","protected":false},"excerpt":{"rendered":"<p>Prefeito encaminhou of\u00edcio \u00e0 C\u00e2mara nomeando a vereadora Tani Rose como a nova l\u00edder do governo na C\u00e2mara <a href=\"https:\/\/noticiasdefato.net\/?p=973\" class=\"more-link\">Continuar lendo <span class=\"screen-reader-text\">TANI ROSE \u00c9 L\u00cdDER DO GOVERNO<\/span><\/a><\/p>\n","protected":false},"author":3,"featured_media":974,"comment_status":"open","ping_status":"open","sticky":false,"template":"","format":"standard","meta":{"footnotes":""},"categories":[18],"tags":[],"class_list":["post-973","post","type-post","status-publish","format-standard","has-post-thumbnail","hentry","category-politica"],"yoast_head":"<!-- This site is optimized with the Yoast SEO plugin v23.2 - https:\/\/yoast.com\/wordpress\/plugins\/seo\/ -->\n<title>TANI ROSE \u00c9 L\u00cdDER DO GOVERNO - Not\u00edcias de Fato<\/title>\n<meta name=\"description\" content=\"Prefeito encaminhou of\u00edcio \u00e0 C\u00e2mara nomeando a vereadora Tani Rose como a nova l\u00edder do governo na C\u00e2mara\" \/>\n<meta name=\"robots\" content=\"index, follow, max-snippet:-1, max-image-preview:large, max-video-preview:-1\" \/>\n<link rel=\"canonical\" href=\"https:\/\/noticiasdefato.net\/?p=973\" \/>\n<meta property=\"og:locale\" content=\"pt_BR\" \/>\n<meta property=\"og:type\" content=\"article\" \/>\n<meta property=\"og:title\" content=\"TANI ROSE \u00c9 L\u00cdDER DO GOVERNO - Not\u00edcias de Fato\" \/>\n<meta property=\"og:description\" content=\"Prefeito encaminhou of\u00edcio \u00e0 C\u00e2mara nomeando a vereadora Tani Rose como a nova l\u00edder do governo na C\u00e2mara\" \/>\n<meta property=\"og:url\" content=\"https:\/\/noticiasdefato.net\/?p=973\" \/>\n<meta property=\"og:site_name\" content=\"Not\u00edcias de Fato\" \/>\n<meta property=\"article:publisher\" content=\"https:\/\/fb.com\/noticiasdefato.jornal\" \/>\n<meta property=\"article:published_time\" content=\"2024-03-06T23:54:58+00:00\" \/>\n<meta property=\"article:modified_time\" content=\"2024-03-06T23:54:59+00:00\" \/>\n<meta property=\"og:image\" content=\"https:\/\/noticiasdefato.net\/wp-content\/uploads\/2024\/03\/tani-rose.png\" \/>\n\t<meta property=\"og:image:width\" content=\"1051\" \/>\n\t<meta property=\"og:image:height\" content=\"504\" \/>\n\t<meta property=\"og:image:type\" content=\"image\/png\" \/>\n<meta name=\"author\" content=\"Thiago Eduardo\" \/>\n<meta name=\"twitter:card\" content=\"summary_large_image\" \/>\n<meta name=\"twitter:creator\" content=\"@noticiasdefato_\" \/>\n<meta name=\"twitter:site\" content=\"@noticiasdefato_\" \/>\n<meta name=\"twitter:label1\" content=\"Escrito por\" \/>\n\t<meta name=\"twitter:data1\" content=\"Thiago Eduardo\" \/>\n\t<meta name=\"twitter:label2\" content=\"Est. tempo de leitura\" \/>\n\t<meta name=\"twitter:data2\" content=\"1 minuto\" \/>\n<script type=\"application\/ld+json\" class=\"yoast-schema-graph\">{\"@context\":\"https:\/\/schema.org\",\"@graph\":[{\"@type\":\"Article\",\"@id\":\"https:\/\/noticiasdefato.net\/?p=973#article\",\"isPartOf\":{\"@id\":\"https:\/\/noticiasdefato.net\/?p=973\"},\"author\":{\"name\":\"Thiago Eduardo\",\"@id\":\"https:\/\/noticiasdefato.net\/#\/schema\/person\/991aa25c94399b45050a06ad540c702f\"},\"headline\":\"TANI ROSE \u00c9 L\u00cdDER DO GOVERNO\",\"datePublished\":\"2024-03-06T23:54:58+00:00\",\"dateModified\":\"2024-03-06T23:54:59+00:00\",\"mainEntityOfPage\":{\"@id\":\"https:\/\/noticiasdefato.net\/?p=973\"},\"wordCount\":43,\"commentCount\":0,\"publisher\":{\"@id\":\"https:\/\/noticiasdefato.net\/#organization\"},\"image\":{\"@id\":\"https:\/\/noticiasdefato.net\/?p=973#primaryimage\"},\"thumbnailUrl\":\"https:\/\/noticiasdefato.net\/wp-content\/uploads\/2024\/03\/tani-rose.png\",\"articleSection\":[\"Pol\u00edtica\"],\"inLanguage\":\"pt-BR\",\"potentialAction\":[{\"@type\":\"CommentAction\",\"name\":\"Comment\",\"target\":[\"https:\/\/noticiasdefato.net\/?p=973#respond\"]}]},{\"@type\":\"WebPage\",\"@id\":\"https:\/\/noticiasdefato.net\/?p=973\",\"url\":\"https:\/\/noticiasdefato.net\/?p=973\",\"name\":\"TANI ROSE \u00c9 L\u00cdDER DO GOVERNO - Not\u00edcias de Fato\",\"isPartOf\":{\"@id\":\"https:\/\/noticiasdefato.net\/#website\"},\"primaryImageOfPage\":{\"@id\":\"https:\/\/noticiasdefato.net\/?p=973#primaryimage\"},\"image\":{\"@id\":\"https:\/\/noticiasdefato.net\/?p=973#primaryimage\"},\"thumbnailUrl\":\"https:\/\/noticiasdefato.net\/wp-content\/uploads\/2024\/03\/tani-rose.png\",\"datePublished\":\"2024-03-06T23:54:58+00:00\",\"dateModified\":\"2024-03-06T23:54:59+00:00\",\"description\":\"Prefeito encaminhou of\u00edcio \u00e0 C\u00e2mara nomeando a vereadora Tani Rose como a nova l\u00edder do governo na C\u00e2mara\",\"breadcrumb\":{\"@id\":\"https:\/\/noticiasdefato.net\/?p=973#breadcrumb\"},\"inLanguage\":\"pt-BR\",\"potentialAction\":[{\"@type\":\"ReadAction\",\"target\":[\"https:\/\/noticiasdefato.net\/?p=973\"]}]},{\"@type\":\"ImageObject\",\"inLanguage\":\"pt-BR\",\"@id\":\"https:\/\/noticiasdefato.net\/?p=973#primaryimage\",\"url\":\"https:\/\/noticiasdefato.net\/wp-content\/uploads\/2024\/03\/tani-rose.png\",\"contentUrl\":\"https:\/\/noticiasdefato.net\/wp-content\/uploads\/2024\/03\/tani-rose.png\",\"width\":1051,\"height\":504},{\"@type\":\"BreadcrumbList\",\"@id\":\"https:\/\/noticiasdefato.net\/?p=973#breadcrumb\",\"itemListElement\":[{\"@type\":\"ListItem\",\"position\":1,\"name\":\"In\u00edcio\",\"item\":\"https:\/\/noticiasdefato.net\/\"},{\"@type\":\"ListItem\",\"position\":2,\"name\":\"TANI ROSE \u00c9 L\u00cdDER DO GOVERNO\"}]},{\"@type\":\"WebSite\",\"@id\":\"https:\/\/noticiasdefato.net\/#website\",\"url\":\"https:\/\/noticiasdefato.net\/\",\"name\":\"Not\u00edcias de Fato\",\"description\":\"Trabalhamos com honestidade, seriedade e com a verdade.\",\"publisher\":{\"@id\":\"https:\/\/noticiasdefato.net\/#organization\"},\"potentialAction\":[{\"@type\":\"SearchAction\",\"target\":{\"@type\":\"EntryPoint\",\"urlTemplate\":\"https:\/\/noticiasdefato.net\/?s={search_term_string}\"},\"query-input\":\"required name=search_term_string\"}],\"inLanguage\":\"pt-BR\"},{\"@type\":\"Organization\",\"@id\":\"https:\/\/noticiasdefato.net\/#organization\",\"name\":\"Not\u00edcias de Fato\",\"url\":\"https:\/\/noticiasdefato.net\/\",\"logo\":{\"@type\":\"ImageObject\",\"inLanguage\":\"pt-BR\",\"@id\":\"https:\/\/noticiasdefato.net\/#\/schema\/logo\/image\/\",\"url\":\"https:\/\/noticiasdefato.net\/wp-content\/uploads\/2024\/02\/cropped-logo_topo.png\",\"contentUrl\":\"https:\/\/noticiasdefato.net\/wp-content\/uploads\/2024\/02\/cropped-logo_topo.png\",\"width\":1948,\"height\":665,\"caption\":\"Not\u00edcias de Fato\"},\"image\":{\"@id\":\"https:\/\/noticiasdefato.net\/#\/schema\/logo\/image\/\"},\"sameAs\":[\"https:\/\/fb.com\/noticiasdefato.jornal\",\"https:\/\/x.com\/noticiasdefato_\",\"https:\/\/instagram.com\/noticiasdefato.jornal\",\"https:\/\/youtube.com\/@JornalNoticiasDeFato\"]},{\"@type\":\"Person\",\"@id\":\"https:\/\/noticiasdefato.net\/#\/schema\/person\/991aa25c94399b45050a06ad540c702f\",\"name\":\"Thiago Eduardo\",\"image\":{\"@type\":\"ImageObject\",\"inLanguage\":\"pt-BR\",\"@id\":\"https:\/\/noticiasdefato.net\/#\/schema\/person\/image\/\",\"url\":\"https:\/\/secure.gravatar.com\/avatar\/b565c072bf1bd0d79efe2c48ab82d1a8df93488df89f920926d6ea2e77d319ba?s=96&d=mm&r=g\",\"contentUrl\":\"https:\/\/secure.gravatar.com\/avatar\/b565c072bf1bd0d79efe2c48ab82d1a8df93488df89f920926d6ea2e77d319ba?s=96&d=mm&r=g\",\"caption\":\"Thiago Eduardo\"},\"url\":\"https:\/\/noticiasdefato.net\/?author=3\"}]}<\/script>\n<!-- \/ Yoast SEO plugin. -->","yoast_head_json":{"title":"TANI ROSE \u00c9 L\u00cdDER DO GOVERNO - Not\u00edcias de Fato","description":"Prefeito encaminhou of\u00edcio \u00e0 C\u00e2mara nomeando a vereadora Tani Rose como a nova l\u00edder do governo na C\u00e2mara","robots":{"index":"index","follow":"follow","max-snippet":"max-snippet:-1","max-image-preview":"max-image-preview:large","max-video-preview":"max-video-preview:-1"},"canonical":"https:\/\/noticiasdefato.net\/?p=973","og_locale":"pt_BR","og_type":"article","og_title":"TANI ROSE \u00c9 L\u00cdDER DO GOVERNO - Not\u00edcias de Fato","og_description":"Prefeito encaminhou of\u00edcio \u00e0 C\u00e2mara nomeando a vereadora Tani Rose como a nova l\u00edder do governo na C\u00e2mara","og_url":"https:\/\/noticiasdefato.net\/?p=973","og_site_name":"Not\u00edcias de Fato","article_publisher":"https:\/\/fb.com\/noticiasdefato.jornal","article_published_time":"2024-03-06T23:54:58+00:00","article_modified_time":"2024-03-06T23:54:59+00:00","og_image":[{"width":1051,"height":504,"url":"https:\/\/noticiasdefato.net\/wp-content\/uploads\/2024\/03\/tani-rose.png","type":"image\/png"}],"author":"Thiago Eduardo","twitter_card":"summary_large_image","twitter_creator":"@noticiasdefato_","twitter_site":"@noticiasdefato_","twitter_misc":{"Escrito por":"Thiago Eduardo","Est. tempo de leitura":"1 minuto"},"schema":{"@context":"https:\/\/schema.org","@graph":[{"@type":"Article","@id":"https:\/\/noticiasdefato.net\/?p=973#article","isPartOf":{"@id":"https:\/\/noticiasdefato.net\/?p=973"},"author":{"name":"Thiago Eduardo","@id":"https:\/\/noticiasdefato.net\/#\/schema\/person\/991aa25c94399b45050a06ad540c702f"},"headline":"TANI ROSE \u00c9 L\u00cdDER DO GOVERNO","datePublished":"2024-03-06T23:54:58+00:00","dateModified":"2024-03-06T23:54:59+00:00","mainEntityOfPage":{"@id":"https:\/\/noticiasdefato.net\/?p=973"},"wordCount":43,"commentCount":0,"publisher":{"@id":"https:\/\/noticiasdefato.net\/#organization"},"image":{"@id":"https:\/\/noticiasdefato.net\/?p=973#primaryimage"},"thumbnailUrl":"https:\/\/noticiasdefato.net\/wp-content\/uploads\/2024\/03\/tani-rose.png","articleSection":["Pol\u00edtica"],"inLanguage":"pt-BR","potentialAction":[{"@type":"CommentAction","name":"Comment","target":["https:\/\/noticiasdefato.net\/?p=973#respond"]}]},{"@type":"WebPage","@id":"https:\/\/noticiasdefato.net\/?p=973","url":"https:\/\/noticiasdefato.net\/?p=973","name":"TANI ROSE \u00c9 L\u00cdDER DO GOVERNO - Not\u00edcias de Fato","isPartOf":{"@id":"https:\/\/noticiasdefato.net\/#website"},"primaryImageOfPage":{"@id":"https:\/\/noticiasdefato.net\/?p=973#primaryimage"},"image":{"@id":"https:\/\/noticiasdefato.net\/?p=973#primaryimage"},"thumbnailUrl":"https:\/\/noticiasdefato.net\/wp-content\/uploads\/2024\/03\/tani-rose.png","datePublished":"2024-03-06T23:54:58+00:00","dateModified":"2024-03-06T23:54:59+00:00","description":"Prefeito encaminhou of\u00edcio \u00e0 C\u00e2mara nomeando a vereadora Tani Rose como a nova l\u00edder do governo na C\u00e2mara","breadcrumb":{"@id":"https:\/\/noticiasdefato.net\/?p=973#breadcrumb"},"inLanguage":"pt-BR","potentialAction":[{"@type":"ReadAction","target":["https:\/\/noticiasdefato.net\/?p=973"]}]},{"@type":"ImageObject","inLanguage":"pt-BR","@id":"https:\/\/noticiasdefato.net\/?p=973#primaryimage","url":"https:\/\/noticiasdefato.net\/wp-content\/uploads\/2024\/03\/tani-rose.png","contentUrl":"https:\/\/noticiasdefato.net\/wp-content\/uploads\/2024\/03\/tani-rose.png","width":1051,"height":504},{"@type":"BreadcrumbList","@id":"https:\/\/noticiasdefato.net\/?p=973#breadcrumb","itemListElement":[{"@type":"ListItem","position":1,"name":"In\u00edcio","item":"https:\/\/noticiasdefato.net\/"},{"@type":"ListItem","position":2,"name":"TANI ROSE \u00c9 L\u00cdDER DO GOVERNO"}]},{"@type":"WebSite","@id":"https:\/\/noticiasdefato.net\/#website","url":"https:\/\/noticiasdefato.net\/","name":"Not\u00edcias de Fato","description":"Trabalhamos com honestidade, seriedade e com a verdade.","publisher":{"@id":"https:\/\/noticiasdefato.net\/#organization"},"potentialAction":[{"@type":"SearchAction","target":{"@type":"EntryPoint","urlTemplate":"https:\/\/noticiasdefato.net\/?s={search_term_string}"},"query-input":"required name=search_term_string"}],"inLanguage":"pt-BR"},{"@type":"Organization","@id":"https:\/\/noticiasdefato.net\/#organization","name":"Not\u00edcias de Fato","url":"https:\/\/noticiasdefato.net\/","logo":{"@type":"ImageObject","inLanguage":"pt-BR","@id":"https:\/\/noticiasdefato.net\/#\/schema\/logo\/image\/","url":"https:\/\/noticiasdefato.net\/wp-content\/uploads\/2024\/02\/cropped-logo_topo.png","contentUrl":"https:\/\/noticiasdefato.net\/wp-content\/uploads\/2024\/02\/cropped-logo_topo.png","width":1948,"height":665,"caption":"Not\u00edcias de Fato"},"image":{"@id":"https:\/\/noticiasdefato.net\/#\/schema\/logo\/image\/"},"sameAs":["https:\/\/fb.com\/noticiasdefato.jornal","https:\/\/x.com\/noticiasdefato_","https:\/\/instagram.com\/noticiasdefato.jornal","https:\/\/youtube.com\/@JornalNoticiasDeFato"]},{"@type":"Person","@id":"https:\/\/noticiasdefato.net\/#\/schema\/person\/991aa25c94399b45050a06ad540c702f","name":"Thiago Eduardo","image":{"@type":"ImageObject","inLanguage":"pt-BR","@id":"https:\/\/noticiasdefato.net\/#\/schema\/person\/image\/","url":"https:\/\/secure.gravatar.com\/avatar\/b565c072bf1bd0d79efe2c48ab82d1a8df93488df89f920926d6ea2e77d319ba?s=96&d=mm&r=g","contentUrl":"https:\/\/secure.gravatar.com\/avatar\/b565c072bf1bd0d79efe2c48ab82d1a8df93488df89f920926d6ea2e77d319ba?s=96&d=mm&r=g","caption":"Thiago Eduardo"},"url":"https:\/\/noticiasdefato.net\/?author=3"}]}},"_links":{"self":[{"href":"https:\/\/noticiasdefato.net\/index.php?rest_route=\/wp\/v2\/posts\/973","targetHints":{"allow":["GET"]}}],"collection":[{"href":"https:\/\/noticiasdefato.net\/index.php?rest_route=\/wp\/v2\/posts"}],"about":[{"href":"https:\/\/noticiasdefato.net\/index.php?rest_route=\/wp\/v2\/types\/post"}],"author":[{"embeddable":true,"href":"https:\/\/noticiasdefato.net\/index.php?rest_route=\/wp\/v2\/users\/3"}],"replies":[{"embeddable":true,"href":"https:\/\/noticiasdefato.net\/index.php?rest_route=%2Fwp%2Fv2%2Fcomments&post=973"}],"version-history":[{"count":1,"href":"https:\/\/noticiasdefato.net\/index.php?rest_route=\/wp\/v2\/posts\/973\/revisions"}],"predecessor-version":[{"id":975,"href":"https:\/\/noticiasdefato.net\/index.php?rest_route=\/wp\/v2\/posts\/973\/revisions\/975"}],"wp:featuredmedia":[{"embeddable":true,"href":"https:\/\/noticiasdefato.net\/index.php?rest_route=\/wp\/v2\/media\/974"}],"wp:attachment":[{"href":"https:\/\/noticiasdefato.net\/index.php?rest_route=%2Fwp%2Fv2%2Fmedia&parent=973"}],"wp:term":[{"taxonomy":"category","embeddable":true,"href":"https:\/\/noticiasdefato.net\/index.php?rest_route=%2Fwp%2Fv2%2Fcategories&post=973"},{"taxonomy":"post_tag","embeddable":true,"href":"https:\/\/noticiasdefato.net\/index.php?rest_route=%2Fwp%2Fv2%2Ftags&post=973"}],"curies":[{"name":"wp","href":"https:\/\/api.w.org\/{rel}","templated":true}]}}