{"id":982,"date":"2024-03-11T18:47:05","date_gmt":"2024-03-11T21:47:05","guid":{"rendered":"https:\/\/noticiasdefato.net\/?p=982"},"modified":"2024-03-11T23:16:41","modified_gmt":"2024-03-12T02:16:41","slug":"dengue-alfenas-tem-duas-mortes-em-investigacao","status":"publish","type":"post","link":"https:\/\/noticiasdefato.net\/?p=982","title":{"rendered":"DENGUE: ALFENAS TEM DUAS MORTES EM INVESTIGA\u00c7\u00c3O"},"content":{"rendered":"\n<p>Superintend\u00eancia Regional de Sa\u00fade de Alfenas tem dois \u00f3bitos confirmados por dengue e outros seis em investiga\u00e7\u00e3o.<\/p>\n\n\n\n<p>A Prefeitura de Alfenas divulgou em suas redes sociais que est\u00e3o em investiga\u00e7\u00e3o duas mortes por dengue no munic\u00edpio.<\/p>\n\n\n\n<p>De acordo com o boletim divulgado, j\u00e1 foram confirmados 532 casos e 836 est\u00e3o sob investiga\u00e7\u00e3o.<\/p>\n\n\n\n<figure class=\"wp-block-image size-full\"><img fetchpriority=\"high\" decoding=\"async\" width=\"718\" height=\"422\" src=\"https:\/\/noticiasdefato.net\/wp-content\/uploads\/2024\/03\/WhatsApp-Image-2024-03-11-at-18.25.28.jpeg\" alt=\"\" class=\"wp-image-983\" srcset=\"https:\/\/noticiasdefato.net\/wp-content\/uploads\/2024\/03\/WhatsApp-Image-2024-03-11-at-18.25.28.jpeg 718w, https:\/\/noticiasdefato.net\/wp-content\/uploads\/2024\/03\/WhatsApp-Image-2024-03-11-at-18.25.28-300x176.jpeg 300w, https:\/\/noticiasdefato.net\/wp-content\/uploads\/2024\/03\/WhatsApp-Image-2024-03-11-at-18.25.28-153x90.jpeg 153w\" sizes=\"(max-width: 718px) 100vw, 718px\" \/><\/figure>\n\n\n\n<p>J\u00e1 o boletim da Secretaria de Estado de Sa\u00fade de Minas informou que, at\u00e9 o 04 de mar\u00e7o, havia 929 casos em investiga\u00e7\u00e3o. Conforme o link abaixo.<\/p>\n\n\n\n<p>Em todo o estado, j\u00e1 foram confirmados; 144.139 casos e 44 \u00f3bitos.<\/p>\n\n\n\n<figure class=\"wp-block-image size-large\"><img decoding=\"async\" width=\"1024\" height=\"955\" src=\"https:\/\/noticiasdefato.net\/wp-content\/uploads\/2024\/03\/WhatsApp-Image-2024-03-11-at-18.26.55-1024x955.jpeg\" alt=\"\" class=\"wp-image-984\" srcset=\"https:\/\/noticiasdefato.net\/wp-content\/uploads\/2024\/03\/WhatsApp-Image-2024-03-11-at-18.26.55-1024x955.jpeg 1024w, https:\/\/noticiasdefato.net\/wp-content\/uploads\/2024\/03\/WhatsApp-Image-2024-03-11-at-18.26.55-300x280.jpeg 300w, https:\/\/noticiasdefato.net\/wp-content\/uploads\/2024\/03\/WhatsApp-Image-2024-03-11-at-18.26.55-768x716.jpeg 768w, https:\/\/noticiasdefato.net\/wp-content\/uploads\/2024\/03\/WhatsApp-Image-2024-03-11-at-18.26.55-97x90.jpeg 97w, https:\/\/noticiasdefato.net\/wp-content\/uploads\/2024\/03\/WhatsApp-Image-2024-03-11-at-18.26.55.jpeg 1063w\" sizes=\"(max-width: 1024px) 100vw, 1024px\" \/><\/figure>\n\n\n\n<p>Diante desta situa\u00e7\u00e3o, A Secretaria de Estado junto com a Regional de Sa\u00fade de Alfenas promovem nos dias 13 e 14\/3, de 9h \u00e0s 17h, no audit\u00f3rio da biblioteca da Universidade Edson Ant\u00f4nio Velano, a oficina de \u201cQualifica\u00e7\u00e3o sobre Arboviroses: Plano Municipal de Conting\u00eancia e Manejo Cl\u00ednico.\u201d<\/p>\n\n\n\n<p>De acordo com a Superintend\u00eancia Regional de Sa\u00fade de Alfenas, nos 24 munic\u00edpios da Superintend\u00eancia, at\u00e9 o dia 11 de mar\u00e7o foram registrados dois \u00f3bitos confirmados por dengue e outros seis est\u00e3o em investiga\u00e7\u00e3o. J\u00e1 em rela\u00e7\u00e3o a chikungunya, n\u00e3o foram registrados \u00f3bitos.<\/p>\n\n\n\n<p>No dia 13, a qualifica\u00e7\u00e3o ser\u00e1 sobre os planos de conting\u00eancia municipais e ter\u00e1 como p\u00fablico-alvo: secret\u00e1rios municipais de sa\u00fade, coordenadores de Vigil\u00e2ncia Epidemiol\u00f3gica, coordenadores de Assist\u00eancia \u00e0 Sa\u00fade e refer\u00eancias de Comunica\u00e7\u00e3o e Mobiliza\u00e7\u00e3o Social. A proposta \u00e9 aumentar a efetividade das a\u00e7\u00f5es a serem realizadas pelas \u00e1reas envolvidas no combate \u00e0s arboviroses.<\/p>\n\n\n\n<p>No dia 14\/3 a qualifica\u00e7\u00e3o ser\u00e1 direcionada aos m\u00e9dicos e enfermeiros que atuam na assist\u00eancia dos casos de arboviroses. O objetivo \u00e9 ampliar a qualifica\u00e7\u00e3o dos profissionais que atuam no atendimento dos pacientes suspeitos dessas doen\u00e7as.<\/p>\n\n\n\n<p>Cerca de 150 profissionais de sa\u00fade dos 24 munic\u00edpios da Superintend\u00eancia Regional de Sa\u00fade de Alfenas, estar\u00e3o presentes.<\/p>\n\n\n\n<p>Haver\u00e1 atendimento \u00e0 imprensa no local ap\u00f3s a abertura.<\/p>\n\n\n\n<p>Servi\u00e7o: SES-MG e Regional de Sa\u00fade de Alfenas, promovem qualifica\u00e7\u00e3o em arboviroses &#8211; Planos de Conting\u00eancia e Manejo Cl\u00ednico\u2028Data: 13\/3\u2028Hor\u00e1rio: de 9h \u00e0s 17h\u2028Atendimento de imprensa: 8h30\u2028Local: Biblioteca da Universidade Edson Ant\u00f4nio Velano &#8211; Rodovia MG 179, s\/n\u00b0, bairro Trevo, Alfenas &#8211; MG<\/p>\n\n\n\n<p>Refer\u00eancias:<\/p>\n\n\n\n<p><a href=\"https:\/\/www.saude.mg.gov.br\/component\/gmg\/story\/19519-aviso-de-pauta-ses-mg-e-regional-de-saude-de-alfenas-promovem-qualificacao-em-arboviroses-planos-municipais-de-contingencia-e-manejo-clinico?layout=print\">https:\/\/www.saude.mg.gov.br\/component\/gmg\/story\/19519-aviso-de-pauta-ses-mg-e-regional-de-saude-de-alfenas-promovem-qualificacao-em-arboviroses-planos-municipais-de-contingencia-e-manejo-clinico?layout=print<\/a><\/p>\n\n\n\n<p><a href=\"https:\/\/www.saude.mg.gov.br\/images\/2024\/janfevmar\/BO_ARBO312.pdf\">https:\/\/www.saude.mg.gov.br\/images\/2024\/janfevmar\/BO_ARBO312.pdf<\/a><\/p>\n","protected":false},"excerpt":{"rendered":"<p>Superintend\u00eancia Regional de Sa\u00fade de Alfenas tem dois \u00f3bitos confirmados por dengue e outros seis em investiga\u00e7\u00e3o <a href=\"https:\/\/noticiasdefato.net\/?p=982\" class=\"more-link\">Continuar lendo <span class=\"screen-reader-text\">DENGUE: ALFENAS TEM DUAS MORTES EM INVESTIGA\u00c7\u00c3O<\/span><\/a><\/p>\n","protected":false},"author":1,"featured_media":985,"comment_status":"open","ping_status":"open","sticky":false,"template":"","format":"standard","meta":{"footnotes":""},"categories":[1],"tags":[],"class_list":["post-982","post","type-post","status-publish","format-standard","has-post-thumbnail","hentry","category-geral"],"yoast_head":"<!-- This site is optimized with the Yoast SEO plugin v23.2 - https:\/\/yoast.com\/wordpress\/plugins\/seo\/ -->\n<title>DENGUE: ALFENAS TEM DUAS MORTES EM INVESTIGA\u00c7\u00c3O - Not\u00edcias de Fato<\/title>\n<meta name=\"description\" content=\"Superintend\u00eancia Regional de Sa\u00fade de Alfenas tem dois \u00f3bitos confirmados por dengue e outros seis em investiga\u00e7\u00e3o\" \/>\n<meta name=\"robots\" content=\"index, follow, max-snippet:-1, max-image-preview:large, max-video-preview:-1\" \/>\n<link rel=\"canonical\" href=\"https:\/\/noticiasdefato.net\/?p=982\" \/>\n<meta property=\"og:locale\" content=\"pt_BR\" \/>\n<meta property=\"og:type\" content=\"article\" \/>\n<meta property=\"og:title\" content=\"DENGUE: ALFENAS TEM DUAS MORTES EM INVESTIGA\u00c7\u00c3O - Not\u00edcias de Fato\" \/>\n<meta property=\"og:description\" content=\"Superintend\u00eancia Regional de Sa\u00fade de Alfenas tem dois \u00f3bitos confirmados por dengue e outros seis em investiga\u00e7\u00e3o\" \/>\n<meta property=\"og:url\" content=\"https:\/\/noticiasdefato.net\/?p=982\" \/>\n<meta property=\"og:site_name\" content=\"Not\u00edcias de Fato\" \/>\n<meta property=\"article:publisher\" content=\"https:\/\/fb.com\/noticiasdefato.jornal\" \/>\n<meta property=\"article:author\" content=\"http:\/\/fb.com\/\/noticiasdefato.jornal\" \/>\n<meta property=\"article:published_time\" content=\"2024-03-11T21:47:05+00:00\" \/>\n<meta property=\"article:modified_time\" content=\"2024-03-12T02:16:41+00:00\" \/>\n<meta property=\"og:image\" content=\"https:\/\/noticiasdefato.net\/wp-content\/uploads\/2024\/03\/WhatsApp-Image-2024-03-11-at-18.27.04.jpeg\" \/>\n\t<meta property=\"og:image:width\" content=\"314\" \/>\n\t<meta property=\"og:image:height\" content=\"356\" \/>\n\t<meta property=\"og:image:type\" content=\"image\/jpeg\" \/>\n<meta name=\"author\" content=\"Noticias de Fato\" \/>\n<meta name=\"twitter:card\" content=\"summary_large_image\" \/>\n<meta name=\"twitter:creator\" content=\"@https:\/\/twitter.com\/NoticiasDeFato_\" \/>\n<meta name=\"twitter:site\" content=\"@noticiasdefato_\" \/>\n<meta name=\"twitter:label1\" content=\"Escrito por\" \/>\n\t<meta name=\"twitter:data1\" content=\"Noticias de Fato\" \/>\n\t<meta name=\"twitter:label2\" content=\"Est. tempo de leitura\" \/>\n\t<meta name=\"twitter:data2\" content=\"3 minutos\" \/>\n<script type=\"application\/ld+json\" class=\"yoast-schema-graph\">{\"@context\":\"https:\/\/schema.org\",\"@graph\":[{\"@type\":\"Article\",\"@id\":\"https:\/\/noticiasdefato.net\/?p=982#article\",\"isPartOf\":{\"@id\":\"https:\/\/noticiasdefato.net\/?p=982\"},\"author\":{\"name\":\"Noticias de Fato\",\"@id\":\"https:\/\/noticiasdefato.net\/#\/schema\/person\/982ce60211d95acf059cd702aa260d08\"},\"headline\":\"DENGUE: ALFENAS TEM DUAS MORTES EM INVESTIGA\u00c7\u00c3O\",\"datePublished\":\"2024-03-11T21:47:05+00:00\",\"dateModified\":\"2024-03-12T02:16:41+00:00\",\"mainEntityOfPage\":{\"@id\":\"https:\/\/noticiasdefato.net\/?p=982\"},\"wordCount\":417,\"commentCount\":0,\"publisher\":{\"@id\":\"https:\/\/noticiasdefato.net\/#organization\"},\"image\":{\"@id\":\"https:\/\/noticiasdefato.net\/?p=982#primaryimage\"},\"thumbnailUrl\":\"https:\/\/noticiasdefato.net\/wp-content\/uploads\/2024\/03\/WhatsApp-Image-2024-03-11-at-18.27.04.jpeg\",\"articleSection\":[\"Geral\"],\"inLanguage\":\"pt-BR\",\"potentialAction\":[{\"@type\":\"CommentAction\",\"name\":\"Comment\",\"target\":[\"https:\/\/noticiasdefato.net\/?p=982#respond\"]}]},{\"@type\":\"WebPage\",\"@id\":\"https:\/\/noticiasdefato.net\/?p=982\",\"url\":\"https:\/\/noticiasdefato.net\/?p=982\",\"name\":\"DENGUE: ALFENAS TEM DUAS MORTES EM INVESTIGA\u00c7\u00c3O - Not\u00edcias de Fato\",\"isPartOf\":{\"@id\":\"https:\/\/noticiasdefato.net\/#website\"},\"primaryImageOfPage\":{\"@id\":\"https:\/\/noticiasdefato.net\/?p=982#primaryimage\"},\"image\":{\"@id\":\"https:\/\/noticiasdefato.net\/?p=982#primaryimage\"},\"thumbnailUrl\":\"https:\/\/noticiasdefato.net\/wp-content\/uploads\/2024\/03\/WhatsApp-Image-2024-03-11-at-18.27.04.jpeg\",\"datePublished\":\"2024-03-11T21:47:05+00:00\",\"dateModified\":\"2024-03-12T02:16:41+00:00\",\"description\":\"Superintend\u00eancia Regional de Sa\u00fade de Alfenas tem dois \u00f3bitos confirmados por dengue e outros seis em investiga\u00e7\u00e3o\",\"breadcrumb\":{\"@id\":\"https:\/\/noticiasdefato.net\/?p=982#breadcrumb\"},\"inLanguage\":\"pt-BR\",\"potentialAction\":[{\"@type\":\"ReadAction\",\"target\":[\"https:\/\/noticiasdefato.net\/?p=982\"]}]},{\"@type\":\"ImageObject\",\"inLanguage\":\"pt-BR\",\"@id\":\"https:\/\/noticiasdefato.net\/?p=982#primaryimage\",\"url\":\"https:\/\/noticiasdefato.net\/wp-content\/uploads\/2024\/03\/WhatsApp-Image-2024-03-11-at-18.27.04.jpeg\",\"contentUrl\":\"https:\/\/noticiasdefato.net\/wp-content\/uploads\/2024\/03\/WhatsApp-Image-2024-03-11-at-18.27.04.jpeg\",\"width\":314,\"height\":356},{\"@type\":\"BreadcrumbList\",\"@id\":\"https:\/\/noticiasdefato.net\/?p=982#breadcrumb\",\"itemListElement\":[{\"@type\":\"ListItem\",\"position\":1,\"name\":\"In\u00edcio\",\"item\":\"https:\/\/noticiasdefato.net\/\"},{\"@type\":\"ListItem\",\"position\":2,\"name\":\"DENGUE: ALFENAS TEM DUAS MORTES EM INVESTIGA\u00c7\u00c3O\"}]},{\"@type\":\"WebSite\",\"@id\":\"https:\/\/noticiasdefato.net\/#website\",\"url\":\"https:\/\/noticiasdefato.net\/\",\"name\":\"Not\u00edcias de Fato\",\"description\":\"Trabalhamos com honestidade, seriedade e com a verdade.\",\"publisher\":{\"@id\":\"https:\/\/noticiasdefato.net\/#organization\"},\"potentialAction\":[{\"@type\":\"SearchAction\",\"target\":{\"@type\":\"EntryPoint\",\"urlTemplate\":\"https:\/\/noticiasdefato.net\/?s={search_term_string}\"},\"query-input\":\"required name=search_term_string\"}],\"inLanguage\":\"pt-BR\"},{\"@type\":\"Organization\",\"@id\":\"https:\/\/noticiasdefato.net\/#organization\",\"name\":\"Not\u00edcias de Fato\",\"url\":\"https:\/\/noticiasdefato.net\/\",\"logo\":{\"@type\":\"ImageObject\",\"inLanguage\":\"pt-BR\",\"@id\":\"https:\/\/noticiasdefato.net\/#\/schema\/logo\/image\/\",\"url\":\"https:\/\/noticiasdefato.net\/wp-content\/uploads\/2024\/02\/cropped-logo_topo.png\",\"contentUrl\":\"https:\/\/noticiasdefato.net\/wp-content\/uploads\/2024\/02\/cropped-logo_topo.png\",\"width\":1948,\"height\":665,\"caption\":\"Not\u00edcias de Fato\"},\"image\":{\"@id\":\"https:\/\/noticiasdefato.net\/#\/schema\/logo\/image\/\"},\"sameAs\":[\"https:\/\/fb.com\/noticiasdefato.jornal\",\"https:\/\/x.com\/noticiasdefato_\",\"https:\/\/instagram.com\/noticiasdefato.jornal\",\"https:\/\/youtube.com\/@JornalNoticiasDeFato\"]},{\"@type\":\"Person\",\"@id\":\"https:\/\/noticiasdefato.net\/#\/schema\/person\/982ce60211d95acf059cd702aa260d08\",\"name\":\"Noticias de Fato\",\"image\":{\"@type\":\"ImageObject\",\"inLanguage\":\"pt-BR\",\"@id\":\"https:\/\/noticiasdefato.net\/#\/schema\/person\/image\/\",\"url\":\"https:\/\/secure.gravatar.com\/avatar\/700227fab2316f0366a1b5d4988d10f847249cf13293450527ac9553c994611a?s=96&d=mm&r=g\",\"contentUrl\":\"https:\/\/secure.gravatar.com\/avatar\/700227fab2316f0366a1b5d4988d10f847249cf13293450527ac9553c994611a?s=96&d=mm&r=g\",\"caption\":\"Noticias de Fato\"},\"sameAs\":[\"https:\/\/noticiasdefato.net\",\"http:\/\/fb.com\/\/noticiasdefato.jornal\",\"https:\/\/x.com\/https:\/\/twitter.com\/NoticiasDeFato_\"],\"url\":\"https:\/\/noticiasdefato.net\/?author=1\"}]}<\/script>\n<!-- \/ Yoast SEO plugin. -->","yoast_head_json":{"title":"DENGUE: ALFENAS TEM DUAS MORTES EM INVESTIGA\u00c7\u00c3O - Not\u00edcias de Fato","description":"Superintend\u00eancia Regional de Sa\u00fade de Alfenas tem dois \u00f3bitos confirmados por dengue e outros seis em investiga\u00e7\u00e3o","robots":{"index":"index","follow":"follow","max-snippet":"max-snippet:-1","max-image-preview":"max-image-preview:large","max-video-preview":"max-video-preview:-1"},"canonical":"https:\/\/noticiasdefato.net\/?p=982","og_locale":"pt_BR","og_type":"article","og_title":"DENGUE: ALFENAS TEM DUAS MORTES EM INVESTIGA\u00c7\u00c3O - Not\u00edcias de Fato","og_description":"Superintend\u00eancia Regional de Sa\u00fade de Alfenas tem dois \u00f3bitos confirmados por dengue e outros seis em investiga\u00e7\u00e3o","og_url":"https:\/\/noticiasdefato.net\/?p=982","og_site_name":"Not\u00edcias de Fato","article_publisher":"https:\/\/fb.com\/noticiasdefato.jornal","article_author":"http:\/\/fb.com\/\/noticiasdefato.jornal","article_published_time":"2024-03-11T21:47:05+00:00","article_modified_time":"2024-03-12T02:16:41+00:00","og_image":[{"width":314,"height":356,"url":"https:\/\/noticiasdefato.net\/wp-content\/uploads\/2024\/03\/WhatsApp-Image-2024-03-11-at-18.27.04.jpeg","type":"image\/jpeg"}],"author":"Noticias de Fato","twitter_card":"summary_large_image","twitter_creator":"@https:\/\/twitter.com\/NoticiasDeFato_","twitter_site":"@noticiasdefato_","twitter_misc":{"Escrito por":"Noticias de Fato","Est. tempo de leitura":"3 minutos"},"schema":{"@context":"https:\/\/schema.org","@graph":[{"@type":"Article","@id":"https:\/\/noticiasdefato.net\/?p=982#article","isPartOf":{"@id":"https:\/\/noticiasdefato.net\/?p=982"},"author":{"name":"Noticias de Fato","@id":"https:\/\/noticiasdefato.net\/#\/schema\/person\/982ce60211d95acf059cd702aa260d08"},"headline":"DENGUE: ALFENAS TEM DUAS MORTES EM INVESTIGA\u00c7\u00c3O","datePublished":"2024-03-11T21:47:05+00:00","dateModified":"2024-03-12T02:16:41+00:00","mainEntityOfPage":{"@id":"https:\/\/noticiasdefato.net\/?p=982"},"wordCount":417,"commentCount":0,"publisher":{"@id":"https:\/\/noticiasdefato.net\/#organization"},"image":{"@id":"https:\/\/noticiasdefato.net\/?p=982#primaryimage"},"thumbnailUrl":"https:\/\/noticiasdefato.net\/wp-content\/uploads\/2024\/03\/WhatsApp-Image-2024-03-11-at-18.27.04.jpeg","articleSection":["Geral"],"inLanguage":"pt-BR","potentialAction":[{"@type":"CommentAction","name":"Comment","target":["https:\/\/noticiasdefato.net\/?p=982#respond"]}]},{"@type":"WebPage","@id":"https:\/\/noticiasdefato.net\/?p=982","url":"https:\/\/noticiasdefato.net\/?p=982","name":"DENGUE: ALFENAS TEM DUAS MORTES EM INVESTIGA\u00c7\u00c3O - Not\u00edcias de Fato","isPartOf":{"@id":"https:\/\/noticiasdefato.net\/#website"},"primaryImageOfPage":{"@id":"https:\/\/noticiasdefato.net\/?p=982#primaryimage"},"image":{"@id":"https:\/\/noticiasdefato.net\/?p=982#primaryimage"},"thumbnailUrl":"https:\/\/noticiasdefato.net\/wp-content\/uploads\/2024\/03\/WhatsApp-Image-2024-03-11-at-18.27.04.jpeg","datePublished":"2024-03-11T21:47:05+00:00","dateModified":"2024-03-12T02:16:41+00:00","description":"Superintend\u00eancia Regional de Sa\u00fade de Alfenas tem dois \u00f3bitos confirmados por dengue e outros seis em investiga\u00e7\u00e3o","breadcrumb":{"@id":"https:\/\/noticiasdefato.net\/?p=982#breadcrumb"},"inLanguage":"pt-BR","potentialAction":[{"@type":"ReadAction","target":["https:\/\/noticiasdefato.net\/?p=982"]}]},{"@type":"ImageObject","inLanguage":"pt-BR","@id":"https:\/\/noticiasdefato.net\/?p=982#primaryimage","url":"https:\/\/noticiasdefato.net\/wp-content\/uploads\/2024\/03\/WhatsApp-Image-2024-03-11-at-18.27.04.jpeg","contentUrl":"https:\/\/noticiasdefato.net\/wp-content\/uploads\/2024\/03\/WhatsApp-Image-2024-03-11-at-18.27.04.jpeg","width":314,"height":356},{"@type":"BreadcrumbList","@id":"https:\/\/noticiasdefato.net\/?p=982#breadcrumb","itemListElement":[{"@type":"ListItem","position":1,"name":"In\u00edcio","item":"https:\/\/noticiasdefato.net\/"},{"@type":"ListItem","position":2,"name":"DENGUE: ALFENAS TEM DUAS MORTES EM INVESTIGA\u00c7\u00c3O"}]},{"@type":"WebSite","@id":"https:\/\/noticiasdefato.net\/#website","url":"https:\/\/noticiasdefato.net\/","name":"Not\u00edcias de Fato","description":"Trabalhamos com honestidade, seriedade e com a verdade.","publisher":{"@id":"https:\/\/noticiasdefato.net\/#organization"},"potentialAction":[{"@type":"SearchAction","target":{"@type":"EntryPoint","urlTemplate":"https:\/\/noticiasdefato.net\/?s={search_term_string}"},"query-input":"required name=search_term_string"}],"inLanguage":"pt-BR"},{"@type":"Organization","@id":"https:\/\/noticiasdefato.net\/#organization","name":"Not\u00edcias de Fato","url":"https:\/\/noticiasdefato.net\/","logo":{"@type":"ImageObject","inLanguage":"pt-BR","@id":"https:\/\/noticiasdefato.net\/#\/schema\/logo\/image\/","url":"https:\/\/noticiasdefato.net\/wp-content\/uploads\/2024\/02\/cropped-logo_topo.png","contentUrl":"https:\/\/noticiasdefato.net\/wp-content\/uploads\/2024\/02\/cropped-logo_topo.png","width":1948,"height":665,"caption":"Not\u00edcias de Fato"},"image":{"@id":"https:\/\/noticiasdefato.net\/#\/schema\/logo\/image\/"},"sameAs":["https:\/\/fb.com\/noticiasdefato.jornal","https:\/\/x.com\/noticiasdefato_","https:\/\/instagram.com\/noticiasdefato.jornal","https:\/\/youtube.com\/@JornalNoticiasDeFato"]},{"@type":"Person","@id":"https:\/\/noticiasdefato.net\/#\/schema\/person\/982ce60211d95acf059cd702aa260d08","name":"Noticias de Fato","image":{"@type":"ImageObject","inLanguage":"pt-BR","@id":"https:\/\/noticiasdefato.net\/#\/schema\/person\/image\/","url":"https:\/\/secure.gravatar.com\/avatar\/700227fab2316f0366a1b5d4988d10f847249cf13293450527ac9553c994611a?s=96&d=mm&r=g","contentUrl":"https:\/\/secure.gravatar.com\/avatar\/700227fab2316f0366a1b5d4988d10f847249cf13293450527ac9553c994611a?s=96&d=mm&r=g","caption":"Noticias de Fato"},"sameAs":["https:\/\/noticiasdefato.net","http:\/\/fb.com\/\/noticiasdefato.jornal","https:\/\/x.com\/https:\/\/twitter.com\/NoticiasDeFato_"],"url":"https:\/\/noticiasdefato.net\/?author=1"}]}},"_links":{"self":[{"href":"https:\/\/noticiasdefato.net\/index.php?rest_route=\/wp\/v2\/posts\/982","targetHints":{"allow":["GET"]}}],"collection":[{"href":"https:\/\/noticiasdefato.net\/index.php?rest_route=\/wp\/v2\/posts"}],"about":[{"href":"https:\/\/noticiasdefato.net\/index.php?rest_route=\/wp\/v2\/types\/post"}],"author":[{"embeddable":true,"href":"https:\/\/noticiasdefato.net\/index.php?rest_route=\/wp\/v2\/users\/1"}],"replies":[{"embeddable":true,"href":"https:\/\/noticiasdefato.net\/index.php?rest_route=%2Fwp%2Fv2%2Fcomments&post=982"}],"version-history":[{"count":2,"href":"https:\/\/noticiasdefato.net\/index.php?rest_route=\/wp\/v2\/posts\/982\/revisions"}],"predecessor-version":[{"id":988,"href":"https:\/\/noticiasdefato.net\/index.php?rest_route=\/wp\/v2\/posts\/982\/revisions\/988"}],"wp:featuredmedia":[{"embeddable":true,"href":"https:\/\/noticiasdefato.net\/index.php?rest_route=\/wp\/v2\/media\/985"}],"wp:attachment":[{"href":"https:\/\/noticiasdefato.net\/index.php?rest_route=%2Fwp%2Fv2%2Fmedia&parent=982"}],"wp:term":[{"taxonomy":"category","embeddable":true,"href":"https:\/\/noticiasdefato.net\/index.php?rest_route=%2Fwp%2Fv2%2Fcategories&post=982"},{"taxonomy":"post_tag","embeddable":true,"href":"https:\/\/noticiasdefato.net\/index.php?rest_route=%2Fwp%2Fv2%2Ftags&post=982"}],"curies":[{"name":"wp","href":"https:\/\/api.w.org\/{rel}","templated":true}]}}