{"id":990,"date":"2024-03-12T23:06:50","date_gmt":"2024-03-13T02:06:50","guid":{"rendered":"https:\/\/noticiasdefato.net\/?p=990"},"modified":"2024-04-15T21:57:29","modified_gmt":"2024-04-16T00:57:29","slug":"video-de-homem-defecando-na-praca-choca-populacao","status":"publish","type":"post","link":"https:\/\/noticiasdefato.net\/?p=990","title":{"rendered":"V\u00cdDEO DE HOMEM DEFECANDO NA PRA\u00c7A, CHOCA POPULA\u00c7\u00c3O"},"content":{"rendered":"\t\t<div data-elementor-type=\"wp-post\" data-elementor-id=\"990\" class=\"elementor elementor-990\">\n\t\t\t\t<div class=\"elementor-element elementor-element-7d54385b e-flex e-con-boxed e-con e-parent\" data-id=\"7d54385b\" data-element_type=\"container\">\n\t\t\t\t\t<div class=\"e-con-inner\">\n\t\t<div class=\"elementor-element elementor-element-c6b94e9 e-flex e-con-boxed e-con e-child\" data-id=\"c6b94e9\" data-element_type=\"container\">\n\t\t\t\t\t<div class=\"e-con-inner\">\n\t\t\t\t<div class=\"elementor-element elementor-element-53d97f7 elementor-widget elementor-widget-video\" data-id=\"53d97f7\" data-element_type=\"widget\" data-settings=\"{&quot;youtube_url&quot;:&quot;https:\\\/\\\/www.youtube.com\\\/watch?v=BS9SZvBf_8k&quot;,&quot;video_type&quot;:&quot;youtube&quot;,&quot;controls&quot;:&quot;yes&quot;}\" data-widget_type=\"video.default\">\n\t\t\t\t<div class=\"elementor-widget-container\">\n\t\t\t<style>\/*! elementor - v3.23.0 - 05-08-2024 *\/\n.elementor-widget-video .elementor-widget-container{overflow:hidden;transform:translateZ(0)}.elementor-widget-video .elementor-wrapper{aspect-ratio:var(--video-aspect-ratio)}.elementor-widget-video .elementor-wrapper iframe,.elementor-widget-video .elementor-wrapper video{height:100%;width:100%;display:flex;border:none;background-color:#000}@supports not (aspect-ratio:1\/1){.elementor-widget-video .elementor-wrapper{position:relative;overflow:hidden;height:0;padding-bottom:calc(100% \/ var(--video-aspect-ratio))}.elementor-widget-video .elementor-wrapper iframe,.elementor-widget-video .elementor-wrapper video{position:absolute;top:0;right:0;bottom:0;left:0}}.elementor-widget-video .elementor-open-inline .elementor-custom-embed-image-overlay{position:absolute;top:0;right:0;bottom:0;left:0;background-size:cover;background-position:50%}.elementor-widget-video .elementor-custom-embed-image-overlay{cursor:pointer;text-align:center}.elementor-widget-video .elementor-custom-embed-image-overlay:hover .elementor-custom-embed-play i{opacity:1}.elementor-widget-video .elementor-custom-embed-image-overlay img{display:block;width:100%;aspect-ratio:var(--video-aspect-ratio);-o-object-fit:cover;object-fit:cover;-o-object-position:center center;object-position:center center}@supports not (aspect-ratio:1\/1){.elementor-widget-video .elementor-custom-embed-image-overlay{position:relative;overflow:hidden;height:0;padding-bottom:calc(100% \/ var(--video-aspect-ratio))}.elementor-widget-video .elementor-custom-embed-image-overlay img{position:absolute;top:0;right:0;bottom:0;left:0}}.elementor-widget-video .e-hosted-video .elementor-video{-o-object-fit:cover;object-fit:cover}.e-con-inner>.elementor-widget-video,.e-con>.elementor-widget-video{width:var(--container-widget-width);--flex-grow:var(--container-widget-flex-grow)}<\/style>\t\t<div class=\"elementor-wrapper elementor-open-inline\">\n\t\t\t<div class=\"elementor-video\"><\/div>\t\t<\/div>\n\t\t\t\t<\/div>\n\t\t\t\t<\/div>\n\t\t\t\t\t<\/div>\n\t\t\t\t<\/div>\n\t\t\t\t<div class=\"elementor-element elementor-element-75e08751 elementor-widget elementor-widget-text-editor\" data-id=\"75e08751\" data-element_type=\"widget\" data-widget_type=\"text-editor.default\">\n\t\t\t\t<div class=\"elementor-widget-container\">\n\t\t\t<style>\/*! elementor - v3.23.0 - 05-08-2024 *\/\n.elementor-widget-text-editor.elementor-drop-cap-view-stacked .elementor-drop-cap{background-color:#69727d;color:#fff}.elementor-widget-text-editor.elementor-drop-cap-view-framed .elementor-drop-cap{color:#69727d;border:3px solid;background-color:transparent}.elementor-widget-text-editor:not(.elementor-drop-cap-view-default) .elementor-drop-cap{margin-top:8px}.elementor-widget-text-editor:not(.elementor-drop-cap-view-default) .elementor-drop-cap-letter{width:1em;height:1em}.elementor-widget-text-editor .elementor-drop-cap{float:left;text-align:center;line-height:1;font-size:50px}.elementor-widget-text-editor .elementor-drop-cap-letter{display:inline-block}<\/style>\t\t\t\t<p><!-- wp:paragraph --><\/p>\n<p>V\u00eddeos e imagens das a\u00e7\u00f5es e do comportamento das pessoas em situa\u00e7\u00e3o de rua preocupa moradores.<\/p>\n<p><span style=\"color: var( --e-global-color-text ); font-family: var( --e-global-typography-text-font-family ), Sans-serif; font-size: var( --e-global-typography-text-font-size ); font-weight: var( --e-global-typography-text-font-weight ); text-align: var(--text-align);\">A situa\u00e7\u00e3o das pra\u00e7as de Alfenas, principalmente da Em\u00edlio da Silveira, na antiga rodovi\u00e1ria, tem preocupado moradores, comerciantes e as pessoas que transitam por esses locais.<\/span><\/p>\n<p><!-- \/wp:paragraph --><\/p>\n<p><!-- wp:paragraph --><\/p>\n<p>\u00c9 comum presenciar o uso de drogas e o desentendimento entre esses moradores de rua. Mas, esta semana, o que mais chocou os moradores foi o v\u00eddeo de um homem defecando em uma \u00e1rvore da pra\u00e7a e dirigindo xingamentos aos que passavam no local.<\/p>\n<p>\u00a0<\/p>\n<p><!-- \/wp:paragraph --><\/p>\n<p><!-- wp:paragraph --><\/p>\n<p>Incomodada com a situa\u00e7\u00e3o uma moradora que nos encaminhou v\u00eddeos e fotos das a\u00e7\u00f5es e do comportamento desses moradores de rua, disse que tem medo de se dirigir \u00e0 antiga rodovi\u00e1ria. \u201cEu preciso tirar minha identidade e estou com medo, porque a gente tem que madrugar l\u00e1\u201d, confessou a mulher que pediu para n\u00e3o ser identificada. Ela pergunta: \u201cA quem recorrer?\u201d<\/p>\n<p><!-- \/wp:paragraph --><\/p>\n<p><!-- wp:paragraph --><\/p>\n<p><strong>CART\u00c3O POSTAL DA INSEGURAN\u00c7A<\/strong><\/p>\n<p><!-- \/wp:paragraph --><\/p>\n<p><!-- wp:paragraph --><\/p>\n<p>Na reuni\u00e3o legislativa de segunda-feira (11) o presidente da c\u00e2mara, o vereador Carlinhos Vardem\u00e1 (PCdoB), pediu ao prefeito, F\u00e1bio Marques (PT), e ao secret\u00e1rio de seguran\u00e7a de Alfenas, Leonardo Sousa Vilela, que a guarda municipal volte para a antiga rodovi\u00e1ria, na Pra\u00e7a Emilio da Silveira. Em sua solicita\u00e7\u00e3o o presidente da c\u00e2mara pediu para que as equipes da guarda fa\u00e7am a troca de turno, atendimento ao p\u00fablico e o registro de ocorr\u00eancias naquele local. Ele justifica que com a presen\u00e7a da GM os comerciantes e a popula\u00e7\u00e3o ficar\u00e3o mais seguros.<\/p>\n<p><!-- \/wp:paragraph --><\/p>\n<p><!-- wp:paragraph --><\/p>\n<p><strong>CORA\u00c7\u00c3O DA CIDADE \u201cEST\u00c1 HORR\u00cdVEL\u201d<\/strong><\/p>\n<p><!-- \/wp:paragraph --><\/p>\n<p><!-- wp:paragraph --><\/p>\n<p>J\u00e1 o vereador Braz Fernando da Silva, o Braz da M\u00e1quina (REPUBLICANOS), indicou ao prefeito para que fa\u00e7a a limpeza, manuten\u00e7\u00e3o e ilumina\u00e7\u00e3o da Pra\u00e7a Get\u00falio Vargas que, segundo ele, est\u00e3o prec\u00e1rias. Ele tamb\u00e9m reclamou da sujeira da fonte luminosa.<\/p>\n<p><!-- \/wp:paragraph --><\/p>\n<p><!-- wp:paragraph --><\/p>\n<p>Durante sua fala, a vereadora K\u00e1tia Goyat\u00e1 (PDT) avisou que apresentou projeto para a revitaliza\u00e7\u00e3o da Pra\u00e7a Get\u00falio Vargas: \u201cTodos t\u00eam raz\u00e3o. A pra\u00e7a est\u00e1 horr\u00edvel! Est\u00e1 escura, tem bancos quebrados. Est\u00e1 mal cuidada.\u201d, declarou a vereadora.<\/p>\n<p><!-- \/wp:paragraph --><\/p>\t\t\t\t\t\t<\/div>\n\t\t\t\t<\/div>\n\t\t\t\t\t<\/div>\n\t\t\t\t<\/div>\n\t\t<div class=\"elementor-element elementor-element-dd5dd2c e-con-full e-flex e-con e-parent\" data-id=\"dd5dd2c\" data-element_type=\"container\">\n\t\t\t\t<div class=\"elementor-element elementor-element-587f8b2 bdt-pagination-hide-yes bdt-carousel-style-carousel elementor-widget elementor-widget-prime-slider-tango\" data-id=\"587f8b2\" data-element_type=\"widget\" data-widget_type=\"prime-slider-tango.default\">\n\t\t\t\t<div class=\"elementor-widget-container\">\n\t\t\t\t\t<div class=\"bdt-prime-slider\">\n\t\t<div id=\"bdt-prime-slider-587f8b2\" class=\"bdt-prime-slider-tango elementor-swiper\" data-settings=\"{&quot;autoplay&quot;:{&quot;delay&quot;:5000},&quot;loop&quot;:true,&quot;speed&quot;:900,&quot;slidesPerView&quot;:1,&quot;slidesPerGroup&quot;:1,&quot;centeredSlides&quot;:true,&quot;effect&quot;:&quot;carousel&quot;,&quot;breakpoints&quot;:{&quot;768&quot;:{&quot;slidesPerView&quot;:2,&quot;spaceBetween&quot;:0,&quot;slidesPerGroup&quot;:1},&quot;1024&quot;:{&quot;slidesPerView&quot;:1,&quot;spaceBetween&quot;:20,&quot;slidesPerGroup&quot;:1}},&quot;navigation&quot;:{&quot;nextEl&quot;:&quot;#bdt-prime-slider-587f8b2 .bdt-navigation-next&quot;,&quot;prevEl&quot;:&quot;#bdt-prime-slider-587f8b2 .bdt-navigation-prev&quot;},&quot;pagination&quot;:{&quot;el&quot;:&quot;#bdt-prime-slider-587f8b2 .swiper-pagination&quot;,&quot;clickable&quot;:&quot;true&quot;},&quot;coverflowEffect&quot;:{&quot;rotate&quot;:0,&quot;stretch&quot;:180,&quot;depth&quot;:100,&quot;modifier&quot;:1,&quot;slideShadows&quot;:true}}\">\n\t\t\t<div class=\"swiper-tango swiper\">\n\t\t\t\t<div class=\"swiper-wrapper\">\n\t\t\n            <div class=\"swiper-slide bdt-item\">\n\t\t\t\t<div class=\"bdt-image-wrap\">\n\t\t\t\t\t<img fetchpriority=\"high\" decoding=\"async\" width=\"2000\" height=\"1125\" src=\"https:\/\/noticiasdefato.net\/wp-content\/uploads\/2024\/03\/m2.png\" class=\"bdt-img\" alt=\"\" srcset=\"https:\/\/noticiasdefato.net\/wp-content\/uploads\/2024\/03\/m2.png 2000w, https:\/\/noticiasdefato.net\/wp-content\/uploads\/2024\/03\/m2-300x169.png 300w, https:\/\/noticiasdefato.net\/wp-content\/uploads\/2024\/03\/m2-1024x576.png 1024w, https:\/\/noticiasdefato.net\/wp-content\/uploads\/2024\/03\/m2-768x432.png 768w, https:\/\/noticiasdefato.net\/wp-content\/uploads\/2024\/03\/m2-1536x864.png 1536w, https:\/\/noticiasdefato.net\/wp-content\/uploads\/2024\/03\/m2-160x90.png 160w\" sizes=\"(max-width: 2000px) 100vw, 2000px\" \/>\t\t\t\t<\/div>\n\t\t\t\t<div class=\"bdt-content-wrap\">\n\n\t\t\t\t\n\t\t\t\t\t\t\t\t\t<\/div>\n\t\t\t\t\t\t\t<\/div>\n\n        \n            <div class=\"swiper-slide bdt-item\">\n\t\t\t\t<div class=\"bdt-image-wrap\">\n\t\t\t\t\t<img decoding=\"async\" width=\"632\" height=\"1125\" src=\"https:\/\/noticiasdefato.net\/wp-content\/uploads\/2024\/03\/m1.png\" class=\"bdt-img\" alt=\"\" srcset=\"https:\/\/noticiasdefato.net\/wp-content\/uploads\/2024\/03\/m1.png 632w, https:\/\/noticiasdefato.net\/wp-content\/uploads\/2024\/03\/m1-169x300.png 169w, https:\/\/noticiasdefato.net\/wp-content\/uploads\/2024\/03\/m1-575x1024.png 575w, https:\/\/noticiasdefato.net\/wp-content\/uploads\/2024\/03\/m1-51x90.png 51w\" sizes=\"(max-width: 632px) 100vw, 632px\" \/>\t\t\t\t<\/div>\n\t\t\t\t<div class=\"bdt-content-wrap\">\n\n\t\t\t\t\n\t\t\t\t\t\t\t\t\t<\/div>\n\t\t\t\t\t\t\t<\/div>\n\n        \n            <div class=\"swiper-slide bdt-item\">\n\t\t\t\t<div class=\"bdt-image-wrap\">\n\t\t\t\t\t<img decoding=\"async\" width=\"2000\" height=\"1125\" src=\"https:\/\/noticiasdefato.net\/wp-content\/uploads\/2024\/03\/m5.png\" class=\"bdt-img\" alt=\"\" srcset=\"https:\/\/noticiasdefato.net\/wp-content\/uploads\/2024\/03\/m5.png 2000w, https:\/\/noticiasdefato.net\/wp-content\/uploads\/2024\/03\/m5-300x169.png 300w, https:\/\/noticiasdefato.net\/wp-content\/uploads\/2024\/03\/m5-1024x576.png 1024w, https:\/\/noticiasdefato.net\/wp-content\/uploads\/2024\/03\/m5-768x432.png 768w, https:\/\/noticiasdefato.net\/wp-content\/uploads\/2024\/03\/m5-1536x864.png 1536w, https:\/\/noticiasdefato.net\/wp-content\/uploads\/2024\/03\/m5-160x90.png 160w\" sizes=\"(max-width: 2000px) 100vw, 2000px\" \/>\t\t\t\t<\/div>\n\t\t\t\t<div class=\"bdt-content-wrap\">\n\n\t\t\t\t\n\t\t\t\t\t\t\t\t\t<\/div>\n\t\t\t\t\t\t\t<\/div>\n\n        \n            <div class=\"swiper-slide bdt-item\">\n\t\t\t\t<div class=\"bdt-image-wrap\">\n\t\t\t\t\t<img loading=\"lazy\" decoding=\"async\" width=\"632\" height=\"1125\" src=\"https:\/\/noticiasdefato.net\/wp-content\/uploads\/2024\/03\/m7.png\" class=\"bdt-img\" alt=\"\" srcset=\"https:\/\/noticiasdefato.net\/wp-content\/uploads\/2024\/03\/m7.png 632w, https:\/\/noticiasdefato.net\/wp-content\/uploads\/2024\/03\/m7-169x300.png 169w, https:\/\/noticiasdefato.net\/wp-content\/uploads\/2024\/03\/m7-575x1024.png 575w, https:\/\/noticiasdefato.net\/wp-content\/uploads\/2024\/03\/m7-51x90.png 51w\" sizes=\"(max-width: 632px) 100vw, 632px\" \/>\t\t\t\t<\/div>\n\t\t\t\t<div class=\"bdt-content-wrap\">\n\n\t\t\t\t\n\t\t\t\t\t\t\t\t\t<\/div>\n\t\t\t\t\t\t\t<\/div>\n\n        \n            <div class=\"swiper-slide bdt-item\">\n\t\t\t\t<div class=\"bdt-image-wrap\">\n\t\t\t\t\t<img loading=\"lazy\" decoding=\"async\" width=\"632\" height=\"1125\" src=\"https:\/\/noticiasdefato.net\/wp-content\/uploads\/2024\/03\/m3.png\" class=\"bdt-img\" alt=\"\" srcset=\"https:\/\/noticiasdefato.net\/wp-content\/uploads\/2024\/03\/m3.png 632w, https:\/\/noticiasdefato.net\/wp-content\/uploads\/2024\/03\/m3-169x300.png 169w, https:\/\/noticiasdefato.net\/wp-content\/uploads\/2024\/03\/m3-575x1024.png 575w, https:\/\/noticiasdefato.net\/wp-content\/uploads\/2024\/03\/m3-51x90.png 51w\" sizes=\"(max-width: 632px) 100vw, 632px\" \/>\t\t\t\t<\/div>\n\t\t\t\t<div class=\"bdt-content-wrap\">\n\n\t\t\t\t\n\t\t\t\t\t\t\t\t\t<\/div>\n\t\t\t\t\t\t\t<\/div>\n\n        \n            <div class=\"swiper-slide bdt-item\">\n\t\t\t\t<div class=\"bdt-image-wrap\">\n\t\t\t\t\t<img loading=\"lazy\" decoding=\"async\" width=\"632\" height=\"1125\" src=\"https:\/\/noticiasdefato.net\/wp-content\/uploads\/2024\/03\/m6.png\" class=\"bdt-img\" alt=\"\" srcset=\"https:\/\/noticiasdefato.net\/wp-content\/uploads\/2024\/03\/m6.png 632w, https:\/\/noticiasdefato.net\/wp-content\/uploads\/2024\/03\/m6-169x300.png 169w, https:\/\/noticiasdefato.net\/wp-content\/uploads\/2024\/03\/m6-575x1024.png 575w, https:\/\/noticiasdefato.net\/wp-content\/uploads\/2024\/03\/m6-51x90.png 51w\" sizes=\"(max-width: 632px) 100vw, 632px\" \/>\t\t\t\t<\/div>\n\t\t\t\t<div class=\"bdt-content-wrap\">\n\n\t\t\t\t\n\t\t\t\t\t\t\t\t\t<\/div>\n\t\t\t\t\t\t\t<\/div>\n\n        \n            <div class=\"swiper-slide bdt-item\">\n\t\t\t\t<div class=\"bdt-image-wrap\">\n\t\t\t\t\t<img loading=\"lazy\" decoding=\"async\" width=\"2000\" height=\"1125\" src=\"https:\/\/noticiasdefato.net\/wp-content\/uploads\/2024\/03\/m4.png\" class=\"bdt-img\" alt=\"\" srcset=\"https:\/\/noticiasdefato.net\/wp-content\/uploads\/2024\/03\/m4.png 2000w, https:\/\/noticiasdefato.net\/wp-content\/uploads\/2024\/03\/m4-300x169.png 300w, https:\/\/noticiasdefato.net\/wp-content\/uploads\/2024\/03\/m4-1024x576.png 1024w, https:\/\/noticiasdefato.net\/wp-content\/uploads\/2024\/03\/m4-768x432.png 768w, https:\/\/noticiasdefato.net\/wp-content\/uploads\/2024\/03\/m4-1536x864.png 1536w, https:\/\/noticiasdefato.net\/wp-content\/uploads\/2024\/03\/m4-160x90.png 160w\" sizes=\"(max-width: 2000px) 100vw, 2000px\" \/>\t\t\t\t<\/div>\n\t\t\t\t<div class=\"bdt-content-wrap\">\n\n\t\t\t\t\n\t\t\t\t\t\t\t\t\t<\/div>\n\t\t\t\t\t\t\t<\/div>\n\n        \t\t\t\t<\/div>\n\t\t\t<\/div>\n\t\t\t\n\t\t\t\t\t\t\t\t\t\n\t\t\t<div class=\"swiper-pagination reveal-muted\"><\/div>\n\t\t\t<!-- <div class=\"swiper-scrollbar\"><\/div> -->\n\t\t\t\n\t\t\t\t\t\t\t\t\n\t\t\t\t\t\t<div class=\"bdt-arrows-center bdt-navigation-arrows bdt-position-z-index reveal-muted\">\n\t\t\t\t<div class=\"bdt-navigation-prev bdt-slidenav\"><i class=\"ps-wi-arrow-left-5\"><\/i><\/div>\n\t\t\t\t<div class=\"bdt-navigation-next bdt-slidenav\"><i class=\"ps-wi-arrow-right-5\"><\/i><\/div>\n\t\t\t<\/div>\n\t\t\t\n\t\t\t\t<\/div>\n\t\t<\/div>\n\n\t\t\t\t<\/div>\n\t\t\t\t<\/div>\n\t\t\t\t<\/div>\n\t\t\t\t<\/div>\n\t\t","protected":false},"excerpt":{"rendered":"<p>DEVOLVAM NOSSAS PRA\u00c7AS &#8211; Falta de seguran\u00e7a, de ilumina\u00e7\u00e3o, a sujeira e o descaso com as pra\u00e7as foram debatidos entre vereadores. <a href=\"https:\/\/noticiasdefato.net\/?p=990\" class=\"more-link\">Continuar lendo <span class=\"screen-reader-text\">V\u00cdDEO DE HOMEM DEFECANDO NA PRA\u00c7A, CHOCA POPULA\u00c7\u00c3O<\/span><\/a><\/p>\n","protected":false},"author":3,"featured_media":994,"comment_status":"open","ping_status":"open","sticky":false,"template":"","format":"standard","meta":{"footnotes":""},"categories":[1],"tags":[],"class_list":["post-990","post","type-post","status-publish","format-standard","has-post-thumbnail","hentry","category-geral"],"yoast_head":"<!-- This site is optimized with the Yoast SEO plugin v23.2 - https:\/\/yoast.com\/wordpress\/plugins\/seo\/ -->\n<title>V\u00cdDEO DE HOMEM DEFECANDO NA PRA\u00c7A, CHOCA POPULA\u00c7\u00c3O - Not\u00edcias de Fato<\/title>\n<meta name=\"description\" content=\"DEVOLVAM NOSSAS PRA\u00c7AS - Falta de seguran\u00e7a, de ilumina\u00e7\u00e3o, a sujeira e o descaso com as pra\u00e7as foram debatidos entre vereadores.\" \/>\n<meta name=\"robots\" content=\"index, follow, max-snippet:-1, max-image-preview:large, max-video-preview:-1\" \/>\n<link rel=\"canonical\" href=\"https:\/\/noticiasdefato.net\/?p=990\" \/>\n<meta property=\"og:locale\" content=\"pt_BR\" \/>\n<meta property=\"og:type\" content=\"article\" \/>\n<meta property=\"og:title\" content=\"V\u00cdDEO DE HOMEM DEFECANDO NA PRA\u00c7A, CHOCA POPULA\u00c7\u00c3O - Not\u00edcias de Fato\" \/>\n<meta property=\"og:description\" content=\"DEVOLVAM NOSSAS PRA\u00c7AS - Falta de seguran\u00e7a, de ilumina\u00e7\u00e3o, a sujeira e o descaso com as pra\u00e7as foram debatidos entre vereadores.\" \/>\n<meta property=\"og:url\" content=\"https:\/\/noticiasdefato.net\/?p=990\" \/>\n<meta property=\"og:site_name\" content=\"Not\u00edcias de Fato\" \/>\n<meta property=\"article:publisher\" content=\"https:\/\/fb.com\/noticiasdefato.jornal\" \/>\n<meta property=\"article:published_time\" content=\"2024-03-13T02:06:50+00:00\" \/>\n<meta property=\"article:modified_time\" content=\"2024-04-16T00:57:29+00:00\" \/>\n<meta property=\"og:image\" content=\"https:\/\/noticiasdefato.net\/wp-content\/uploads\/2024\/03\/m7.png\" \/>\n\t<meta property=\"og:image:width\" content=\"632\" \/>\n\t<meta property=\"og:image:height\" content=\"1125\" \/>\n\t<meta property=\"og:image:type\" content=\"image\/png\" \/>\n<meta name=\"author\" content=\"Thiago Eduardo\" \/>\n<meta name=\"twitter:card\" content=\"summary_large_image\" \/>\n<meta name=\"twitter:creator\" content=\"@noticiasdefato_\" \/>\n<meta name=\"twitter:site\" content=\"@noticiasdefato_\" \/>\n<meta name=\"twitter:label1\" content=\"Escrito por\" \/>\n\t<meta name=\"twitter:data1\" content=\"Thiago Eduardo\" \/>\n<script type=\"application\/ld+json\" class=\"yoast-schema-graph\">{\"@context\":\"https:\/\/schema.org\",\"@graph\":[{\"@type\":\"Article\",\"@id\":\"https:\/\/noticiasdefato.net\/?p=990#article\",\"isPartOf\":{\"@id\":\"https:\/\/noticiasdefato.net\/?p=990\"},\"author\":{\"name\":\"Thiago Eduardo\",\"@id\":\"https:\/\/noticiasdefato.net\/#\/schema\/person\/991aa25c94399b45050a06ad540c702f\"},\"headline\":\"V\u00cdDEO DE HOMEM DEFECANDO NA PRA\u00c7A, CHOCA POPULA\u00c7\u00c3O\",\"datePublished\":\"2024-03-13T02:06:50+00:00\",\"dateModified\":\"2024-04-16T00:57:29+00:00\",\"mainEntityOfPage\":{\"@id\":\"https:\/\/noticiasdefato.net\/?p=990\"},\"wordCount\":390,\"commentCount\":0,\"publisher\":{\"@id\":\"https:\/\/noticiasdefato.net\/#organization\"},\"image\":{\"@id\":\"https:\/\/noticiasdefato.net\/?p=990#primaryimage\"},\"thumbnailUrl\":\"https:\/\/noticiasdefato.net\/wp-content\/uploads\/2024\/03\/m7.png\",\"articleSection\":[\"Geral\"],\"inLanguage\":\"pt-BR\",\"potentialAction\":[{\"@type\":\"CommentAction\",\"name\":\"Comment\",\"target\":[\"https:\/\/noticiasdefato.net\/?p=990#respond\"]}]},{\"@type\":\"WebPage\",\"@id\":\"https:\/\/noticiasdefato.net\/?p=990\",\"url\":\"https:\/\/noticiasdefato.net\/?p=990\",\"name\":\"V\u00cdDEO DE HOMEM DEFECANDO NA PRA\u00c7A, CHOCA POPULA\u00c7\u00c3O - Not\u00edcias de Fato\",\"isPartOf\":{\"@id\":\"https:\/\/noticiasdefato.net\/#website\"},\"primaryImageOfPage\":{\"@id\":\"https:\/\/noticiasdefato.net\/?p=990#primaryimage\"},\"image\":{\"@id\":\"https:\/\/noticiasdefato.net\/?p=990#primaryimage\"},\"thumbnailUrl\":\"https:\/\/noticiasdefato.net\/wp-content\/uploads\/2024\/03\/m7.png\",\"datePublished\":\"2024-03-13T02:06:50+00:00\",\"dateModified\":\"2024-04-16T00:57:29+00:00\",\"description\":\"DEVOLVAM NOSSAS PRA\u00c7AS - Falta de seguran\u00e7a, de ilumina\u00e7\u00e3o, a sujeira e o descaso com as pra\u00e7as foram debatidos entre vereadores.\",\"breadcrumb\":{\"@id\":\"https:\/\/noticiasdefato.net\/?p=990#breadcrumb\"},\"inLanguage\":\"pt-BR\",\"potentialAction\":[{\"@type\":\"ReadAction\",\"target\":[\"https:\/\/noticiasdefato.net\/?p=990\"]}]},{\"@type\":\"ImageObject\",\"inLanguage\":\"pt-BR\",\"@id\":\"https:\/\/noticiasdefato.net\/?p=990#primaryimage\",\"url\":\"https:\/\/noticiasdefato.net\/wp-content\/uploads\/2024\/03\/m7.png\",\"contentUrl\":\"https:\/\/noticiasdefato.net\/wp-content\/uploads\/2024\/03\/m7.png\",\"width\":632,\"height\":1125},{\"@type\":\"BreadcrumbList\",\"@id\":\"https:\/\/noticiasdefato.net\/?p=990#breadcrumb\",\"itemListElement\":[{\"@type\":\"ListItem\",\"position\":1,\"name\":\"In\u00edcio\",\"item\":\"https:\/\/noticiasdefato.net\/\"},{\"@type\":\"ListItem\",\"position\":2,\"name\":\"V\u00cdDEO DE HOMEM DEFECANDO NA PRA\u00c7A, CHOCA POPULA\u00c7\u00c3O\"}]},{\"@type\":\"WebSite\",\"@id\":\"https:\/\/noticiasdefato.net\/#website\",\"url\":\"https:\/\/noticiasdefato.net\/\",\"name\":\"Not\u00edcias de Fato\",\"description\":\"Trabalhamos com honestidade, seriedade e com a verdade.\",\"publisher\":{\"@id\":\"https:\/\/noticiasdefato.net\/#organization\"},\"potentialAction\":[{\"@type\":\"SearchAction\",\"target\":{\"@type\":\"EntryPoint\",\"urlTemplate\":\"https:\/\/noticiasdefato.net\/?s={search_term_string}\"},\"query-input\":\"required name=search_term_string\"}],\"inLanguage\":\"pt-BR\"},{\"@type\":\"Organization\",\"@id\":\"https:\/\/noticiasdefato.net\/#organization\",\"name\":\"Not\u00edcias de Fato\",\"url\":\"https:\/\/noticiasdefato.net\/\",\"logo\":{\"@type\":\"ImageObject\",\"inLanguage\":\"pt-BR\",\"@id\":\"https:\/\/noticiasdefato.net\/#\/schema\/logo\/image\/\",\"url\":\"https:\/\/noticiasdefato.net\/wp-content\/uploads\/2024\/02\/cropped-logo_topo.png\",\"contentUrl\":\"https:\/\/noticiasdefato.net\/wp-content\/uploads\/2024\/02\/cropped-logo_topo.png\",\"width\":1948,\"height\":665,\"caption\":\"Not\u00edcias de Fato\"},\"image\":{\"@id\":\"https:\/\/noticiasdefato.net\/#\/schema\/logo\/image\/\"},\"sameAs\":[\"https:\/\/fb.com\/noticiasdefato.jornal\",\"https:\/\/x.com\/noticiasdefato_\",\"https:\/\/instagram.com\/noticiasdefato.jornal\",\"https:\/\/youtube.com\/@JornalNoticiasDeFato\"]},{\"@type\":\"Person\",\"@id\":\"https:\/\/noticiasdefato.net\/#\/schema\/person\/991aa25c94399b45050a06ad540c702f\",\"name\":\"Thiago Eduardo\",\"image\":{\"@type\":\"ImageObject\",\"inLanguage\":\"pt-BR\",\"@id\":\"https:\/\/noticiasdefato.net\/#\/schema\/person\/image\/\",\"url\":\"https:\/\/secure.gravatar.com\/avatar\/b565c072bf1bd0d79efe2c48ab82d1a8df93488df89f920926d6ea2e77d319ba?s=96&d=mm&r=g\",\"contentUrl\":\"https:\/\/secure.gravatar.com\/avatar\/b565c072bf1bd0d79efe2c48ab82d1a8df93488df89f920926d6ea2e77d319ba?s=96&d=mm&r=g\",\"caption\":\"Thiago Eduardo\"},\"url\":\"https:\/\/noticiasdefato.net\/?author=3\"}]}<\/script>\n<!-- \/ Yoast SEO plugin. -->","yoast_head_json":{"title":"V\u00cdDEO DE HOMEM DEFECANDO NA PRA\u00c7A, CHOCA POPULA\u00c7\u00c3O - Not\u00edcias de Fato","description":"DEVOLVAM NOSSAS PRA\u00c7AS - Falta de seguran\u00e7a, de ilumina\u00e7\u00e3o, a sujeira e o descaso com as pra\u00e7as foram debatidos entre vereadores.","robots":{"index":"index","follow":"follow","max-snippet":"max-snippet:-1","max-image-preview":"max-image-preview:large","max-video-preview":"max-video-preview:-1"},"canonical":"https:\/\/noticiasdefato.net\/?p=990","og_locale":"pt_BR","og_type":"article","og_title":"V\u00cdDEO DE HOMEM DEFECANDO NA PRA\u00c7A, CHOCA POPULA\u00c7\u00c3O - Not\u00edcias de Fato","og_description":"DEVOLVAM NOSSAS PRA\u00c7AS - Falta de seguran\u00e7a, de ilumina\u00e7\u00e3o, a sujeira e o descaso com as pra\u00e7as foram debatidos entre vereadores.","og_url":"https:\/\/noticiasdefato.net\/?p=990","og_site_name":"Not\u00edcias de Fato","article_publisher":"https:\/\/fb.com\/noticiasdefato.jornal","article_published_time":"2024-03-13T02:06:50+00:00","article_modified_time":"2024-04-16T00:57:29+00:00","og_image":[{"width":632,"height":1125,"url":"https:\/\/noticiasdefato.net\/wp-content\/uploads\/2024\/03\/m7.png","type":"image\/png"}],"author":"Thiago Eduardo","twitter_card":"summary_large_image","twitter_creator":"@noticiasdefato_","twitter_site":"@noticiasdefato_","twitter_misc":{"Escrito por":"Thiago Eduardo"},"schema":{"@context":"https:\/\/schema.org","@graph":[{"@type":"Article","@id":"https:\/\/noticiasdefato.net\/?p=990#article","isPartOf":{"@id":"https:\/\/noticiasdefato.net\/?p=990"},"author":{"name":"Thiago Eduardo","@id":"https:\/\/noticiasdefato.net\/#\/schema\/person\/991aa25c94399b45050a06ad540c702f"},"headline":"V\u00cdDEO DE HOMEM DEFECANDO NA PRA\u00c7A, CHOCA POPULA\u00c7\u00c3O","datePublished":"2024-03-13T02:06:50+00:00","dateModified":"2024-04-16T00:57:29+00:00","mainEntityOfPage":{"@id":"https:\/\/noticiasdefato.net\/?p=990"},"wordCount":390,"commentCount":0,"publisher":{"@id":"https:\/\/noticiasdefato.net\/#organization"},"image":{"@id":"https:\/\/noticiasdefato.net\/?p=990#primaryimage"},"thumbnailUrl":"https:\/\/noticiasdefato.net\/wp-content\/uploads\/2024\/03\/m7.png","articleSection":["Geral"],"inLanguage":"pt-BR","potentialAction":[{"@type":"CommentAction","name":"Comment","target":["https:\/\/noticiasdefato.net\/?p=990#respond"]}]},{"@type":"WebPage","@id":"https:\/\/noticiasdefato.net\/?p=990","url":"https:\/\/noticiasdefato.net\/?p=990","name":"V\u00cdDEO DE HOMEM DEFECANDO NA PRA\u00c7A, CHOCA POPULA\u00c7\u00c3O - Not\u00edcias de Fato","isPartOf":{"@id":"https:\/\/noticiasdefato.net\/#website"},"primaryImageOfPage":{"@id":"https:\/\/noticiasdefato.net\/?p=990#primaryimage"},"image":{"@id":"https:\/\/noticiasdefato.net\/?p=990#primaryimage"},"thumbnailUrl":"https:\/\/noticiasdefato.net\/wp-content\/uploads\/2024\/03\/m7.png","datePublished":"2024-03-13T02:06:50+00:00","dateModified":"2024-04-16T00:57:29+00:00","description":"DEVOLVAM NOSSAS PRA\u00c7AS - Falta de seguran\u00e7a, de ilumina\u00e7\u00e3o, a sujeira e o descaso com as pra\u00e7as foram debatidos entre vereadores.","breadcrumb":{"@id":"https:\/\/noticiasdefato.net\/?p=990#breadcrumb"},"inLanguage":"pt-BR","potentialAction":[{"@type":"ReadAction","target":["https:\/\/noticiasdefato.net\/?p=990"]}]},{"@type":"ImageObject","inLanguage":"pt-BR","@id":"https:\/\/noticiasdefato.net\/?p=990#primaryimage","url":"https:\/\/noticiasdefato.net\/wp-content\/uploads\/2024\/03\/m7.png","contentUrl":"https:\/\/noticiasdefato.net\/wp-content\/uploads\/2024\/03\/m7.png","width":632,"height":1125},{"@type":"BreadcrumbList","@id":"https:\/\/noticiasdefato.net\/?p=990#breadcrumb","itemListElement":[{"@type":"ListItem","position":1,"name":"In\u00edcio","item":"https:\/\/noticiasdefato.net\/"},{"@type":"ListItem","position":2,"name":"V\u00cdDEO DE HOMEM DEFECANDO NA PRA\u00c7A, CHOCA POPULA\u00c7\u00c3O"}]},{"@type":"WebSite","@id":"https:\/\/noticiasdefato.net\/#website","url":"https:\/\/noticiasdefato.net\/","name":"Not\u00edcias de Fato","description":"Trabalhamos com honestidade, seriedade e com a verdade.","publisher":{"@id":"https:\/\/noticiasdefato.net\/#organization"},"potentialAction":[{"@type":"SearchAction","target":{"@type":"EntryPoint","urlTemplate":"https:\/\/noticiasdefato.net\/?s={search_term_string}"},"query-input":"required name=search_term_string"}],"inLanguage":"pt-BR"},{"@type":"Organization","@id":"https:\/\/noticiasdefato.net\/#organization","name":"Not\u00edcias de Fato","url":"https:\/\/noticiasdefato.net\/","logo":{"@type":"ImageObject","inLanguage":"pt-BR","@id":"https:\/\/noticiasdefato.net\/#\/schema\/logo\/image\/","url":"https:\/\/noticiasdefato.net\/wp-content\/uploads\/2024\/02\/cropped-logo_topo.png","contentUrl":"https:\/\/noticiasdefato.net\/wp-content\/uploads\/2024\/02\/cropped-logo_topo.png","width":1948,"height":665,"caption":"Not\u00edcias de Fato"},"image":{"@id":"https:\/\/noticiasdefato.net\/#\/schema\/logo\/image\/"},"sameAs":["https:\/\/fb.com\/noticiasdefato.jornal","https:\/\/x.com\/noticiasdefato_","https:\/\/instagram.com\/noticiasdefato.jornal","https:\/\/youtube.com\/@JornalNoticiasDeFato"]},{"@type":"Person","@id":"https:\/\/noticiasdefato.net\/#\/schema\/person\/991aa25c94399b45050a06ad540c702f","name":"Thiago Eduardo","image":{"@type":"ImageObject","inLanguage":"pt-BR","@id":"https:\/\/noticiasdefato.net\/#\/schema\/person\/image\/","url":"https:\/\/secure.gravatar.com\/avatar\/b565c072bf1bd0d79efe2c48ab82d1a8df93488df89f920926d6ea2e77d319ba?s=96&d=mm&r=g","contentUrl":"https:\/\/secure.gravatar.com\/avatar\/b565c072bf1bd0d79efe2c48ab82d1a8df93488df89f920926d6ea2e77d319ba?s=96&d=mm&r=g","caption":"Thiago Eduardo"},"url":"https:\/\/noticiasdefato.net\/?author=3"}]}},"_links":{"self":[{"href":"https:\/\/noticiasdefato.net\/index.php?rest_route=\/wp\/v2\/posts\/990","targetHints":{"allow":["GET"]}}],"collection":[{"href":"https:\/\/noticiasdefato.net\/index.php?rest_route=\/wp\/v2\/posts"}],"about":[{"href":"https:\/\/noticiasdefato.net\/index.php?rest_route=\/wp\/v2\/types\/post"}],"author":[{"embeddable":true,"href":"https:\/\/noticiasdefato.net\/index.php?rest_route=\/wp\/v2\/users\/3"}],"replies":[{"embeddable":true,"href":"https:\/\/noticiasdefato.net\/index.php?rest_route=%2Fwp%2Fv2%2Fcomments&post=990"}],"version-history":[{"count":19,"href":"https:\/\/noticiasdefato.net\/index.php?rest_route=\/wp\/v2\/posts\/990\/revisions"}],"predecessor-version":[{"id":1017,"href":"https:\/\/noticiasdefato.net\/index.php?rest_route=\/wp\/v2\/posts\/990\/revisions\/1017"}],"wp:featuredmedia":[{"embeddable":true,"href":"https:\/\/noticiasdefato.net\/index.php?rest_route=\/wp\/v2\/media\/994"}],"wp:attachment":[{"href":"https:\/\/noticiasdefato.net\/index.php?rest_route=%2Fwp%2Fv2%2Fmedia&parent=990"}],"wp:term":[{"taxonomy":"category","embeddable":true,"href":"https:\/\/noticiasdefato.net\/index.php?rest_route=%2Fwp%2Fv2%2Fcategories&post=990"},{"taxonomy":"post_tag","embeddable":true,"href":"https:\/\/noticiasdefato.net\/index.php?rest_route=%2Fwp%2Fv2%2Ftags&post=990"}],"curies":[{"name":"wp","href":"https:\/\/api.w.org\/{rel}","templated":true}]}}